{"id":10179,"date":"2019-07-01T08:33:36","date_gmt":"2019-07-01T06:33:36","guid":{"rendered":"https:\/\/acana.com.pl\/karma\/?p=10179"},"modified":"2021-09-30T08:53:24","modified_gmt":"2021-09-30T06:53:24","slug":"swietuj-z-nami-dzien-psa","status":"publish","type":"post","link":"https:\/\/acana.com.pl\/karma\/swietuj-z-nami-dzien-psa\/","title":{"rendered":"\u015awi\u0119tuj z nami Dzie\u0144 Psa"},"content":{"rendered":"<p style=\"text-align: justify;\">Doskonale wiemy, co jest potrzebne aby psy mia\u0142y szcz\u0119\u015bliwe \u017cycie. Ten jeden dzie\u0144 w roku, gdy obchodzimy ich \u015bwi\u0119to, to ma\u0142a wisienka na torcie. Nam zale\u017cy aby Dzie\u0144 Psa by\u0142 ka\u017cdego dnia, cho\u0107 dzi\u015b sam mo\u017cesz sprawi\u0107, aby by\u0142 szczeg\u00f3lny.<\/p>\n<h2>Dzie\u0144, jak ka\u017cdy inny?<\/h2>\n<p style=\"text-align: justify;\">Jak to zrobi\u0107? Rankiem spora porcja przytulania i ma\u0142e droczenie, ulubionym szarpakiem Jolly Pets. Koniecznie spacer, gdy jeszcze rosa na trawie. Ma\u0142y bieg poln\u0105 dr\u00f3\u017ck\u0105. Pami\u0119tajcie jednak, aby zabra\u0107 ze sob\u0105 dyskretne woreczki <a href=\"https:\/\/sklep.acana.com.pl\/70-woreczki-na-kupy\">Earth Rated<\/a>. Pomog\u0105 Wam zadba\u0107 o komfort spacer\u00f3w, bez nara\u017cenia na wdepni\u0119cie w psi\u0105 kup\u0119 i jednocze\u015bnie ochroni\u0107 \u015brodowisko naturalne przed milionami bakterii zawarty w psich odchodach.<\/p>\n<h2>Zdrowa dieta w psiej misce<\/h2>\n<p style=\"text-align: justify;\">Zaraz po spacerze d\u017awi\u0119k chrupek wsypywany do psiej miski, kt\u00f3ry jest najpi\u0119kniejsz\u0105 porann\u0105 melodi\u0105 dla Twojego Towarzysza. Wiesz dobrze, \u017ce musi to by\u0107 Biologicznie Odpowiednie Jedzenie. Dlaczego? Bo Tw\u00f3j pies to mi\u0119so\u017cerca, niezale\u017cnie czy to Samojed, Bull Terier czy Malta\u0144czyk. My za\u015b wiemy, \u017ce jego zdrowie jest dla Ciebie wa\u017cne i unikasz karm z kukurydz\u0105, ziemniakami, konserwantami i m\u0105czkami niewiadomego pochodzenia, kt\u00f3re sprytnie pr\u00f3buj\u0105 udawa\u0107 mi\u0119so. Tw\u00f3j Pies doceni walory smakowe jedzenia opartego na formule WholePrey.<\/p>\n<p style=\"text-align: justify;\">Dlatego tak ch\u0119tnie si\u0119gasz po Jedzenie <a href=\"https:\/\/sklep.acana.com.pl\/7-sucha-karma-dla-psa?id_manu=4\" target=\"_blank\" rel=\"noopener noreferrer\">ORIJEN<\/a> i <a href=\"https:\/\/sklep.acana.com.pl\/7-sucha-karma-dla-psa?id_manu=3\" target=\"_blank\" rel=\"noopener noreferrer\">ACANA<\/a>. A my wiem, \u017ce skoro go kochasz, \u015bwiadomie wybierasz karm\u0119 na sklepowych p\u00f3\u0142ka. Dzi\u015b dzi\u0119kujemy Ci za ten wyb\u00f3r.<\/p>\n<p style=\"text-align: justify;\">Sp\u0119d\u017a dzi\u015b ze swoim Psem mo\u017cliwie najwi\u0119cej czasu. Mo\u017ce pora na wsp\u00f3ln\u0105 wypraw\u0119 do lasu albo nad wod\u0119?&nbsp; Pami\u0119taj by zawsze mie\u0107 na nim kontrol\u0119 spaceruj\u0105c &#8211; tutaj nieocenione b\u0119d\u0105 szelki Patento Pet.<\/p>\n<h2>\u015awi\u0119tuj z nami!<\/h2>\n<p style=\"text-align: justify;\">Dzi\u015b w szczeg\u00f3lny spos\u00f3b chcemy pom\u00f3c Wam uczci\u0107 ten dzie\u0144. Zakupy w naszym sklepie b\u0119dziemy premiowa\u0107 upominkami. Kupuj\u0105c Jedzenie ORIJEN lub ACANA w naszym sklepie za kwot\u0119 do 299 z\u0142 brutto otrzymasz od nas ciastka Meat Hit Vigor. Zakupy za kwot\u0119 przekraczaj\u0105c\u0105 300 z\u0142 nagrodzimy zabawk\u0105 Jolly Pets i zestawem upomink\u00f3w. Zapoznaj si\u0119 z <a href=\"https:\/\/acana.com.pl\/karma\/wp-content\/uploads\/2019\/07\/Regulamin-akcji-z-okazji-dnia-psa_2019.pdf\" target=\"_blank\" rel=\"noopener noreferrer\">regulaminem<\/a> i \u015bwi\u0119tuj z nami dzie\u0144 psa.<\/p>\n<p><a href=\"https:\/\/acana.com.pl\/karma\/wp-content\/uploads\/2019\/07\/Regulamin-akcji-z-okazji-dnia-psa_2019.pdf\">Regulamin akcji z okazji dnia psa_2019<\/a><\/p>\n<p>&nbsp;<\/p>\n","protected":false},"excerpt":{"rendered":"<p>Z my\u015bl\u0105 o naszych najwierniejszych Przyjacio\u0142ach &#8211; Dzie\u0144 Psa w Acana Polska<\/p>\n","protected":false},"author":9,"featured_media":10180,"comment_status":"closed","ping_status":"closed","sticky":false,"template":"","format":"standard","meta":{"_acf_changed":false,"_editorskit_title_hidden":false,"_editorskit_reading_time":0,"_editorskit_is_block_options_detached":false,"_editorskit_block_options_position":"{}","ngg_post_thumbnail":0,"footnotes":""},"categories":[2],"tags":[9,456,18,457],"class_list":["post-10179","post","type-post","status-publish","format-standard","has-post-thumbnail","hentry","category-aktualnosci","tag-acana","tag-jolly-pet","tag-orijen","tag-zabawka"],"acf":[],"yoast_head":"<!-- This site is optimized with the Yoast SEO Premium plugin v27.4 (Yoast SEO v27.5) - https:\/\/yoast.com\/product\/yoast-seo-premium-wordpress\/ -->\n<title>\u015awi\u0119tuj z nami Dzie\u0144 Psa - Blog Acana Polska<\/title>\n<meta name=\"robots\" content=\"index, follow, max-snippet:-1, max-image-preview:large, max-video-preview:-1\" \/>\n<link rel=\"canonical\" href=\"https:\/\/acana.com.pl\/karma\/swietuj-z-nami-dzien-psa\/\" \/>\n<meta property=\"og:locale\" content=\"pl_PL\" \/>\n<meta property=\"og:type\" content=\"article\" \/>\n<meta property=\"og:title\" content=\"\u015awi\u0119tuj z nami Dzie\u0144 Psa\" \/>\n<meta property=\"og:description\" content=\"Z my\u015bl\u0105 o naszych najwierniejszych Przyjacio\u0142ach - Dzie\u0144 Psa w Acana Polska\" \/>\n<meta property=\"og:url\" content=\"https:\/\/acana.com.pl\/karma\/swietuj-z-nami-dzien-psa\/\" \/>\n<meta property=\"og:site_name\" content=\"Blog Acana Polska\" \/>\n<meta property=\"article:publisher\" content=\"https:\/\/www.facebook.com\/acanapolska\/\" \/>\n<meta property=\"article:published_time\" content=\"2019-07-01T06:33:36+00:00\" \/>\n<meta property=\"article:modified_time\" content=\"2021-09-30T06:53:24+00:00\" \/>\n<meta property=\"og:image\" content=\"https:\/\/acana.com.pl\/karma\/wp-content\/uploads\/2019\/06\/a.jpg\" \/>\n\t<meta property=\"og:image:width\" content=\"1213\" \/>\n\t<meta property=\"og:image:height\" content=\"537\" \/>\n\t<meta property=\"og:image:type\" content=\"image\/jpeg\" \/>\n<meta name=\"author\" content=\"Emilia\" \/>\n<meta name=\"twitter:card\" content=\"summary_large_image\" \/>\n<meta name=\"twitter:label1\" content=\"Napisane przez\" \/>\n\t<meta name=\"twitter:data1\" content=\"Emilia\" \/>\n\t<meta name=\"twitter:label2\" content=\"Szacowany czas czytania\" \/>\n\t<meta name=\"twitter:data2\" content=\"2 minuty\" \/>\n<script type=\"application\/ld+json\" class=\"yoast-schema-graph\">{\"@context\":\"https:\\\/\\\/schema.org\",\"@graph\":[{\"@type\":\"Article\",\"@id\":\"https:\\\/\\\/acana.com.pl\\\/karma\\\/swietuj-z-nami-dzien-psa\\\/#article\",\"isPartOf\":{\"@id\":\"https:\\\/\\\/acana.com.pl\\\/karma\\\/swietuj-z-nami-dzien-psa\\\/\"},\"author\":{\"name\":\"Emilia\",\"@id\":\"https:\\\/\\\/acana.com.pl\\\/karma\\\/#\\\/schema\\\/person\\\/9b7647a5093c13bf3f8008dd9ae4f9bb\"},\"headline\":\"\u015awi\u0119tuj z nami Dzie\u0144 Psa\",\"datePublished\":\"2019-07-01T06:33:36+00:00\",\"dateModified\":\"2021-09-30T06:53:24+00:00\",\"mainEntityOfPage\":{\"@id\":\"https:\\\/\\\/acana.com.pl\\\/karma\\\/swietuj-z-nami-dzien-psa\\\/\"},\"wordCount\":376,\"publisher\":{\"@id\":\"https:\\\/\\\/acana.com.pl\\\/karma\\\/#organization\"},\"image\":{\"@id\":\"https:\\\/\\\/acana.com.pl\\\/karma\\\/swietuj-z-nami-dzien-psa\\\/#primaryimage\"},\"thumbnailUrl\":\"https:\\\/\\\/acana.com.pl\\\/karma\\\/wp-content\\\/uploads\\\/2019\\\/06\\\/a.jpg\",\"keywords\":[\"Acana\",\"Jolly Pet\",\"orijen\",\"zabawka\"],\"articleSection\":[\"Aktualno\u015bci\"],\"inLanguage\":\"pl-PL\"},{\"@type\":\"WebPage\",\"@id\":\"https:\\\/\\\/acana.com.pl\\\/karma\\\/swietuj-z-nami-dzien-psa\\\/\",\"url\":\"https:\\\/\\\/acana.com.pl\\\/karma\\\/swietuj-z-nami-dzien-psa\\\/\",\"name\":\"\u015awi\u0119tuj z nami Dzie\u0144 Psa - Blog Acana Polska\",\"isPartOf\":{\"@id\":\"https:\\\/\\\/acana.com.pl\\\/karma\\\/#website\"},\"primaryImageOfPage\":{\"@id\":\"https:\\\/\\\/acana.com.pl\\\/karma\\\/swietuj-z-nami-dzien-psa\\\/#primaryimage\"},\"image\":{\"@id\":\"https:\\\/\\\/acana.com.pl\\\/karma\\\/swietuj-z-nami-dzien-psa\\\/#primaryimage\"},\"thumbnailUrl\":\"https:\\\/\\\/acana.com.pl\\\/karma\\\/wp-content\\\/uploads\\\/2019\\\/06\\\/a.jpg\",\"datePublished\":\"2019-07-01T06:33:36+00:00\",\"dateModified\":\"2021-09-30T06:53:24+00:00\",\"breadcrumb\":{\"@id\":\"https:\\\/\\\/acana.com.pl\\\/karma\\\/swietuj-z-nami-dzien-psa\\\/#breadcrumb\"},\"inLanguage\":\"pl-PL\",\"potentialAction\":[{\"@type\":\"ReadAction\",\"target\":[\"https:\\\/\\\/acana.com.pl\\\/karma\\\/swietuj-z-nami-dzien-psa\\\/\"]}]},{\"@type\":\"ImageObject\",\"inLanguage\":\"pl-PL\",\"@id\":\"https:\\\/\\\/acana.com.pl\\\/karma\\\/swietuj-z-nami-dzien-psa\\\/#primaryimage\",\"url\":\"https:\\\/\\\/acana.com.pl\\\/karma\\\/wp-content\\\/uploads\\\/2019\\\/06\\\/a.jpg\",\"contentUrl\":\"https:\\\/\\\/acana.com.pl\\\/karma\\\/wp-content\\\/uploads\\\/2019\\\/06\\\/a.jpg\",\"width\":1213,\"height\":537,\"caption\":\"Dzien psa\"},{\"@type\":\"BreadcrumbList\",\"@id\":\"https:\\\/\\\/acana.com.pl\\\/karma\\\/swietuj-z-nami-dzien-psa\\\/#breadcrumb\",\"itemListElement\":[{\"@type\":\"ListItem\",\"position\":1,\"name\":\"Strona g\u0142\u00f3wna\",\"item\":\"https:\\\/\\\/acana.com.pl\\\/karma\\\/\"},{\"@type\":\"ListItem\",\"position\":2,\"name\":\"\u015awi\u0119tuj z nami Dzie\u0144 Psa\"}]},{\"@type\":\"WebSite\",\"@id\":\"https:\\\/\\\/acana.com.pl\\\/karma\\\/#website\",\"url\":\"https:\\\/\\\/acana.com.pl\\\/karma\\\/\",\"name\":\"Blog Acana Polska\",\"description\":\"\",\"publisher\":{\"@id\":\"https:\\\/\\\/acana.com.pl\\\/karma\\\/#organization\"},\"potentialAction\":[{\"@type\":\"SearchAction\",\"target\":{\"@type\":\"EntryPoint\",\"urlTemplate\":\"https:\\\/\\\/acana.com.pl\\\/karma\\\/?s={search_term_string}\"},\"query-input\":{\"@type\":\"PropertyValueSpecification\",\"valueRequired\":true,\"valueName\":\"search_term_string\"}}],\"inLanguage\":\"pl-PL\"},{\"@type\":\"Organization\",\"@id\":\"https:\\\/\\\/acana.com.pl\\\/karma\\\/#organization\",\"name\":\"ACANA POLSKA Sp. z o.o. Sp. K.\",\"url\":\"https:\\\/\\\/acana.com.pl\\\/karma\\\/\",\"logo\":{\"@type\":\"ImageObject\",\"inLanguage\":\"pl-PL\",\"@id\":\"https:\\\/\\\/acana.com.pl\\\/karma\\\/#\\\/schema\\\/logo\\\/image\\\/\",\"url\":\"https:\\\/\\\/acana.com.pl\\\/karma\\\/wp-content\\\/uploads\\\/2018\\\/02\\\/logo-Acana-1.png\",\"contentUrl\":\"https:\\\/\\\/acana.com.pl\\\/karma\\\/wp-content\\\/uploads\\\/2018\\\/02\\\/logo-Acana-1.png\",\"width\":154,\"height\":74,\"caption\":\"ACANA POLSKA Sp. z o.o. Sp. K.\"},\"image\":{\"@id\":\"https:\\\/\\\/acana.com.pl\\\/karma\\\/#\\\/schema\\\/logo\\\/image\\\/\"},\"sameAs\":[\"https:\\\/\\\/www.facebook.com\\\/acanapolska\\\/\"]},{\"@type\":\"Person\",\"@id\":\"https:\\\/\\\/acana.com.pl\\\/karma\\\/#\\\/schema\\\/person\\\/9b7647a5093c13bf3f8008dd9ae4f9bb\",\"name\":\"Emilia\",\"image\":{\"@type\":\"ImageObject\",\"inLanguage\":\"pl-PL\",\"@id\":\"https:\\\/\\\/secure.gravatar.com\\\/avatar\\\/8488698a6d9cc9de165f71e85f88200aeff70322729e46256508cfa1287ee4f4?s=96&d=mm&r=g\",\"url\":\"https:\\\/\\\/secure.gravatar.com\\\/avatar\\\/8488698a6d9cc9de165f71e85f88200aeff70322729e46256508cfa1287ee4f4?s=96&d=mm&r=g\",\"contentUrl\":\"https:\\\/\\\/secure.gravatar.com\\\/avatar\\\/8488698a6d9cc9de165f71e85f88200aeff70322729e46256508cfa1287ee4f4?s=96&d=mm&r=g\",\"caption\":\"Emilia\"},\"url\":\"https:\\\/\\\/acana.com.pl\\\/karma\\\/author\\\/patrycja\\\/\"}]}<\/script>\n<!-- \/ Yoast SEO Premium plugin. -->","yoast_head_json":{"title":"\u015awi\u0119tuj z nami Dzie\u0144 Psa - Blog Acana Polska","robots":{"index":"index","follow":"follow","max-snippet":"max-snippet:-1","max-image-preview":"max-image-preview:large","max-video-preview":"max-video-preview:-1"},"canonical":"https:\/\/acana.com.pl\/karma\/swietuj-z-nami-dzien-psa\/","og_locale":"pl_PL","og_type":"article","og_title":"\u015awi\u0119tuj z nami Dzie\u0144 Psa","og_description":"Z my\u015bl\u0105 o naszych najwierniejszych Przyjacio\u0142ach - Dzie\u0144 Psa w Acana Polska","og_url":"https:\/\/acana.com.pl\/karma\/swietuj-z-nami-dzien-psa\/","og_site_name":"Blog Acana Polska","article_publisher":"https:\/\/www.facebook.com\/acanapolska\/","article_published_time":"2019-07-01T06:33:36+00:00","article_modified_time":"2021-09-30T06:53:24+00:00","og_image":[{"width":1213,"height":537,"url":"https:\/\/acana.com.pl\/karma\/wp-content\/uploads\/2019\/06\/a.jpg","type":"image\/jpeg"}],"author":"Emilia","twitter_card":"summary_large_image","twitter_misc":{"Napisane przez":"Emilia","Szacowany czas czytania":"2 minuty"},"schema":{"@context":"https:\/\/schema.org","@graph":[{"@type":"Article","@id":"https:\/\/acana.com.pl\/karma\/swietuj-z-nami-dzien-psa\/#article","isPartOf":{"@id":"https:\/\/acana.com.pl\/karma\/swietuj-z-nami-dzien-psa\/"},"author":{"name":"Emilia","@id":"https:\/\/acana.com.pl\/karma\/#\/schema\/person\/9b7647a5093c13bf3f8008dd9ae4f9bb"},"headline":"\u015awi\u0119tuj z nami Dzie\u0144 Psa","datePublished":"2019-07-01T06:33:36+00:00","dateModified":"2021-09-30T06:53:24+00:00","mainEntityOfPage":{"@id":"https:\/\/acana.com.pl\/karma\/swietuj-z-nami-dzien-psa\/"},"wordCount":376,"publisher":{"@id":"https:\/\/acana.com.pl\/karma\/#organization"},"image":{"@id":"https:\/\/acana.com.pl\/karma\/swietuj-z-nami-dzien-psa\/#primaryimage"},"thumbnailUrl":"https:\/\/acana.com.pl\/karma\/wp-content\/uploads\/2019\/06\/a.jpg","keywords":["Acana","Jolly Pet","orijen","zabawka"],"articleSection":["Aktualno\u015bci"],"inLanguage":"pl-PL"},{"@type":"WebPage","@id":"https:\/\/acana.com.pl\/karma\/swietuj-z-nami-dzien-psa\/","url":"https:\/\/acana.com.pl\/karma\/swietuj-z-nami-dzien-psa\/","name":"\u015awi\u0119tuj z nami Dzie\u0144 Psa - Blog Acana Polska","isPartOf":{"@id":"https:\/\/acana.com.pl\/karma\/#website"},"primaryImageOfPage":{"@id":"https:\/\/acana.com.pl\/karma\/swietuj-z-nami-dzien-psa\/#primaryimage"},"image":{"@id":"https:\/\/acana.com.pl\/karma\/swietuj-z-nami-dzien-psa\/#primaryimage"},"thumbnailUrl":"https:\/\/acana.com.pl\/karma\/wp-content\/uploads\/2019\/06\/a.jpg","datePublished":"2019-07-01T06:33:36+00:00","dateModified":"2021-09-30T06:53:24+00:00","breadcrumb":{"@id":"https:\/\/acana.com.pl\/karma\/swietuj-z-nami-dzien-psa\/#breadcrumb"},"inLanguage":"pl-PL","potentialAction":[{"@type":"ReadAction","target":["https:\/\/acana.com.pl\/karma\/swietuj-z-nami-dzien-psa\/"]}]},{"@type":"ImageObject","inLanguage":"pl-PL","@id":"https:\/\/acana.com.pl\/karma\/swietuj-z-nami-dzien-psa\/#primaryimage","url":"https:\/\/acana.com.pl\/karma\/wp-content\/uploads\/2019\/06\/a.jpg","contentUrl":"https:\/\/acana.com.pl\/karma\/wp-content\/uploads\/2019\/06\/a.jpg","width":1213,"height":537,"caption":"Dzien psa"},{"@type":"BreadcrumbList","@id":"https:\/\/acana.com.pl\/karma\/swietuj-z-nami-dzien-psa\/#breadcrumb","itemListElement":[{"@type":"ListItem","position":1,"name":"Strona g\u0142\u00f3wna","item":"https:\/\/acana.com.pl\/karma\/"},{"@type":"ListItem","position":2,"name":"\u015awi\u0119tuj z nami Dzie\u0144 Psa"}]},{"@type":"WebSite","@id":"https:\/\/acana.com.pl\/karma\/#website","url":"https:\/\/acana.com.pl\/karma\/","name":"Blog Acana Polska","description":"","publisher":{"@id":"https:\/\/acana.com.pl\/karma\/#organization"},"potentialAction":[{"@type":"SearchAction","target":{"@type":"EntryPoint","urlTemplate":"https:\/\/acana.com.pl\/karma\/?s={search_term_string}"},"query-input":{"@type":"PropertyValueSpecification","valueRequired":true,"valueName":"search_term_string"}}],"inLanguage":"pl-PL"},{"@type":"Organization","@id":"https:\/\/acana.com.pl\/karma\/#organization","name":"ACANA POLSKA Sp. z o.o. Sp. K.","url":"https:\/\/acana.com.pl\/karma\/","logo":{"@type":"ImageObject","inLanguage":"pl-PL","@id":"https:\/\/acana.com.pl\/karma\/#\/schema\/logo\/image\/","url":"https:\/\/acana.com.pl\/karma\/wp-content\/uploads\/2018\/02\/logo-Acana-1.png","contentUrl":"https:\/\/acana.com.pl\/karma\/wp-content\/uploads\/2018\/02\/logo-Acana-1.png","width":154,"height":74,"caption":"ACANA POLSKA Sp. z o.o. Sp. K."},"image":{"@id":"https:\/\/acana.com.pl\/karma\/#\/schema\/logo\/image\/"},"sameAs":["https:\/\/www.facebook.com\/acanapolska\/"]},{"@type":"Person","@id":"https:\/\/acana.com.pl\/karma\/#\/schema\/person\/9b7647a5093c13bf3f8008dd9ae4f9bb","name":"Emilia","image":{"@type":"ImageObject","inLanguage":"pl-PL","@id":"https:\/\/secure.gravatar.com\/avatar\/8488698a6d9cc9de165f71e85f88200aeff70322729e46256508cfa1287ee4f4?s=96&d=mm&r=g","url":"https:\/\/secure.gravatar.com\/avatar\/8488698a6d9cc9de165f71e85f88200aeff70322729e46256508cfa1287ee4f4?s=96&d=mm&r=g","contentUrl":"https:\/\/secure.gravatar.com\/avatar\/8488698a6d9cc9de165f71e85f88200aeff70322729e46256508cfa1287ee4f4?s=96&d=mm&r=g","caption":"Emilia"},"url":"https:\/\/acana.com.pl\/karma\/author\/patrycja\/"}]}},"_links":{"self":[{"href":"https:\/\/acana.com.pl\/karma\/wp-json\/wp\/v2\/posts\/10179","targetHints":{"allow":["GET"]}}],"collection":[{"href":"https:\/\/acana.com.pl\/karma\/wp-json\/wp\/v2\/posts"}],"about":[{"href":"https:\/\/acana.com.pl\/karma\/wp-json\/wp\/v2\/types\/post"}],"author":[{"embeddable":true,"href":"https:\/\/acana.com.pl\/karma\/wp-json\/wp\/v2\/users\/9"}],"replies":[{"embeddable":true,"href":"https:\/\/acana.com.pl\/karma\/wp-json\/wp\/v2\/comments?post=10179"}],"version-history":[{"count":0,"href":"https:\/\/acana.com.pl\/karma\/wp-json\/wp\/v2\/posts\/10179\/revisions"}],"wp:featuredmedia":[{"embeddable":true,"href":"https:\/\/acana.com.pl\/karma\/wp-json\/wp\/v2\/media\/10180"}],"wp:attachment":[{"href":"https:\/\/acana.com.pl\/karma\/wp-json\/wp\/v2\/media?parent=10179"}],"wp:term":[{"taxonomy":"category","embeddable":true,"href":"https:\/\/acana.com.pl\/karma\/wp-json\/wp\/v2\/categories?post=10179"},{"taxonomy":"post_tag","embeddable":true,"href":"https:\/\/acana.com.pl\/karma\/wp-json\/wp\/v2\/tags?post=10179"}],"curies":[{"name":"wp","href":"https:\/\/api.w.org\/{rel}","templated":true}]}}