{"id":10324,"date":"2019-08-07T14:55:07","date_gmt":"2019-08-07T12:55:07","guid":{"rendered":"https:\/\/acana.com.pl\/karma\/?p=10324"},"modified":"2019-08-07T14:56:49","modified_gmt":"2019-08-07T12:56:49","slug":"16-sierpnia-nie-pracujemy","status":"publish","type":"post","link":"https:\/\/acana.com.pl\/karma\/16-sierpnia-nie-pracujemy\/","title":{"rendered":"16 sierpnia nie pracujemy"},"content":{"rendered":"<h2>Kolejny d\u0142ugi weekend coraz bli\u017cej. Zach\u0119camy Was do zrobienia wcze\u015bniejszych zakup\u00f3w.<\/h2>\n<p>Chcieliby\u015bmy poinformowa\u0107, \u017ce w pi\u0105tek 16 sierpnia nasza firma b\u0119dzie nieczynna.&nbsp;<\/p>\n<p>B\u0119dziemy odpoczywa\u0107 razem z naszymi czworono\u017cnymi przyjaci\u00f3\u0142mi, a po d\u0142ugim weekendzie wr\u00f3cimy do Was z podw\u00f3jn\u0105 dawk\u0105 energii.&nbsp;<\/p>\n<p>Biologicznie Odpowiednie zakupy w naszym&nbsp;<a title=\"sklep.acana.com.pl\" href=\"https:\/\/sklep.acana.com.pl\/\" target=\"_blank\" rel=\"noopener noreferrer\">sklepie internetowym<\/a> zr\u00f3bcie odpowiednio wcze\u015bniej, tak, aby dotar\u0142y do Waszych ps\u00f3w i kot\u00f3w jeszcze przed d\u0142u\u017cszym weekendem.<\/p>\n","protected":false},"excerpt":{"rendered":"<p>Kolejny d\u0142ugi weekend coraz bli\u017cej. Zach\u0119camy Was do zrobienia wcze\u015bniejszych zakup\u00f3w. Chcieliby\u015bmy poinformowa\u0107, \u017ce w pi\u0105tek 16 sierpnia nasza firma b\u0119dzie nieczynna.&nbsp; B\u0119dziemy odpoczywa\u0107 razem z naszymi czworono\u017cnymi przyjaci\u00f3\u0142mi, a po d\u0142ugim weekendzie wr\u00f3cimy do Was z podw\u00f3jn\u0105 dawk\u0105 energii.&nbsp; Biologicznie Odpowiednie zakupy w naszym&nbsp;sklepie internetowym zr\u00f3bcie odpowiednio wcze\u015bniej, tak, aby dotar\u0142y do Waszych ps\u00f3w [&hellip;]<\/p>\n","protected":false},"author":1,"featured_media":10329,"comment_status":"closed","ping_status":"open","sticky":false,"template":"","format":"standard","meta":{"_acf_changed":false,"_editorskit_title_hidden":false,"_editorskit_reading_time":0,"_editorskit_is_block_options_detached":false,"_editorskit_block_options_position":"{}","ngg_post_thumbnail":0,"footnotes":""},"categories":[2,1],"tags":[9,482,483,104],"class_list":["post-10324","post","type-post","status-publish","format-standard","has-post-thumbnail","hentry","category-aktualnosci","category-bez-kategorii","tag-acana","tag-dlugi-weekend","tag-nie-pracujemy","tag-sklep-acana-polska"],"acf":[],"yoast_head":"<!-- This site is optimized with the Yoast SEO Premium plugin v27.4 (Yoast SEO v27.5) - https:\/\/yoast.com\/product\/yoast-seo-premium-wordpress\/ -->\n<title>16 sierpnia nie pracujemy - Blog Acana Polska<\/title>\n<meta name=\"robots\" content=\"index, follow, max-snippet:-1, max-image-preview:large, max-video-preview:-1\" \/>\n<link rel=\"canonical\" href=\"https:\/\/acana.com.pl\/karma\/16-sierpnia-nie-pracujemy\/\" \/>\n<meta property=\"og:locale\" content=\"pl_PL\" \/>\n<meta property=\"og:type\" content=\"article\" \/>\n<meta property=\"og:title\" content=\"16 sierpnia nie pracujemy\" \/>\n<meta property=\"og:description\" content=\"Kolejny d\u0142ugi weekend coraz bli\u017cej. Zach\u0119camy Was do zrobienia wcze\u015bniejszych zakup\u00f3w. Chcieliby\u015bmy poinformowa\u0107, \u017ce w pi\u0105tek 16 sierpnia nasza firma b\u0119dzie nieczynna.&nbsp; B\u0119dziemy odpoczywa\u0107 razem z naszymi czworono\u017cnymi przyjaci\u00f3\u0142mi, a po d\u0142ugim weekendzie wr\u00f3cimy do Was z podw\u00f3jn\u0105 dawk\u0105 energii.&nbsp; Biologicznie Odpowiednie zakupy w naszym&nbsp;sklepie internetowym zr\u00f3bcie odpowiednio wcze\u015bniej, tak, aby dotar\u0142y do Waszych ps\u00f3w [&hellip;]\" \/>\n<meta property=\"og:url\" content=\"https:\/\/acana.com.pl\/karma\/16-sierpnia-nie-pracujemy\/\" \/>\n<meta property=\"og:site_name\" content=\"Blog Acana Polska\" \/>\n<meta property=\"article:publisher\" content=\"https:\/\/www.facebook.com\/acanapolska\/\" \/>\n<meta property=\"article:published_time\" content=\"2019-08-07T12:55:07+00:00\" \/>\n<meta property=\"article:modified_time\" content=\"2019-08-07T12:56:49+00:00\" \/>\n<meta property=\"og:image\" content=\"https:\/\/acana.com.pl\/karma\/wp-content\/uploads\/2019\/08\/Aktualno\u015b\u0107-16.08-nie-pracujemy_obrazek-wyr\u00f3\u017cniaj\u0105cy.jpg\" \/>\n\t<meta property=\"og:image:width\" content=\"1213\" \/>\n\t<meta property=\"og:image:height\" content=\"537\" \/>\n\t<meta property=\"og:image:type\" content=\"image\/jpeg\" \/>\n<meta name=\"author\" content=\"admin\" \/>\n<meta name=\"twitter:card\" content=\"summary_large_image\" \/>\n<meta name=\"twitter:label1\" content=\"Napisane przez\" \/>\n\t<meta name=\"twitter:data1\" content=\"admin\" \/>\n<script type=\"application\/ld+json\" class=\"yoast-schema-graph\">{\"@context\":\"https:\\\/\\\/schema.org\",\"@graph\":[{\"@type\":\"Article\",\"@id\":\"https:\\\/\\\/acana.com.pl\\\/karma\\\/16-sierpnia-nie-pracujemy\\\/#article\",\"isPartOf\":{\"@id\":\"https:\\\/\\\/acana.com.pl\\\/karma\\\/16-sierpnia-nie-pracujemy\\\/\"},\"author\":{\"name\":\"admin\",\"@id\":\"https:\\\/\\\/acana.com.pl\\\/karma\\\/#\\\/schema\\\/person\\\/7107a20827918803aabd0032eb85e3e1\"},\"headline\":\"16 sierpnia nie pracujemy\",\"datePublished\":\"2019-08-07T12:55:07+00:00\",\"dateModified\":\"2019-08-07T12:56:49+00:00\",\"mainEntityOfPage\":{\"@id\":\"https:\\\/\\\/acana.com.pl\\\/karma\\\/16-sierpnia-nie-pracujemy\\\/\"},\"wordCount\":88,\"publisher\":{\"@id\":\"https:\\\/\\\/acana.com.pl\\\/karma\\\/#organization\"},\"image\":{\"@id\":\"https:\\\/\\\/acana.com.pl\\\/karma\\\/16-sierpnia-nie-pracujemy\\\/#primaryimage\"},\"thumbnailUrl\":\"https:\\\/\\\/acana.com.pl\\\/karma\\\/wp-content\\\/uploads\\\/2019\\\/08\\\/Aktualno\u015b\u0107-16.08-nie-pracujemy_obrazek-wyr\u00f3\u017cniaj\u0105cy.jpg\",\"keywords\":[\"Acana\",\"d\u0142ugi weekend\",\"nie pracujemy\",\"sklep Acana Polska\"],\"articleSection\":[\"Aktualno\u015bci\"],\"inLanguage\":\"pl-PL\"},{\"@type\":\"WebPage\",\"@id\":\"https:\\\/\\\/acana.com.pl\\\/karma\\\/16-sierpnia-nie-pracujemy\\\/\",\"url\":\"https:\\\/\\\/acana.com.pl\\\/karma\\\/16-sierpnia-nie-pracujemy\\\/\",\"name\":\"16 sierpnia nie pracujemy - Blog Acana Polska\",\"isPartOf\":{\"@id\":\"https:\\\/\\\/acana.com.pl\\\/karma\\\/#website\"},\"primaryImageOfPage\":{\"@id\":\"https:\\\/\\\/acana.com.pl\\\/karma\\\/16-sierpnia-nie-pracujemy\\\/#primaryimage\"},\"image\":{\"@id\":\"https:\\\/\\\/acana.com.pl\\\/karma\\\/16-sierpnia-nie-pracujemy\\\/#primaryimage\"},\"thumbnailUrl\":\"https:\\\/\\\/acana.com.pl\\\/karma\\\/wp-content\\\/uploads\\\/2019\\\/08\\\/Aktualno\u015b\u0107-16.08-nie-pracujemy_obrazek-wyr\u00f3\u017cniaj\u0105cy.jpg\",\"datePublished\":\"2019-08-07T12:55:07+00:00\",\"dateModified\":\"2019-08-07T12:56:49+00:00\",\"breadcrumb\":{\"@id\":\"https:\\\/\\\/acana.com.pl\\\/karma\\\/16-sierpnia-nie-pracujemy\\\/#breadcrumb\"},\"inLanguage\":\"pl-PL\",\"potentialAction\":[{\"@type\":\"ReadAction\",\"target\":[\"https:\\\/\\\/acana.com.pl\\\/karma\\\/16-sierpnia-nie-pracujemy\\\/\"]}]},{\"@type\":\"ImageObject\",\"inLanguage\":\"pl-PL\",\"@id\":\"https:\\\/\\\/acana.com.pl\\\/karma\\\/16-sierpnia-nie-pracujemy\\\/#primaryimage\",\"url\":\"https:\\\/\\\/acana.com.pl\\\/karma\\\/wp-content\\\/uploads\\\/2019\\\/08\\\/Aktualno\u015b\u0107-16.08-nie-pracujemy_obrazek-wyr\u00f3\u017cniaj\u0105cy.jpg\",\"contentUrl\":\"https:\\\/\\\/acana.com.pl\\\/karma\\\/wp-content\\\/uploads\\\/2019\\\/08\\\/Aktualno\u015b\u0107-16.08-nie-pracujemy_obrazek-wyr\u00f3\u017cniaj\u0105cy.jpg\",\"width\":1213,\"height\":537,\"caption\":\"16 sierpnia nie pracujemy\"},{\"@type\":\"BreadcrumbList\",\"@id\":\"https:\\\/\\\/acana.com.pl\\\/karma\\\/16-sierpnia-nie-pracujemy\\\/#breadcrumb\",\"itemListElement\":[{\"@type\":\"ListItem\",\"position\":1,\"name\":\"Strona g\u0142\u00f3wna\",\"item\":\"https:\\\/\\\/acana.com.pl\\\/karma\\\/\"},{\"@type\":\"ListItem\",\"position\":2,\"name\":\"16 sierpnia nie pracujemy\"}]},{\"@type\":\"WebSite\",\"@id\":\"https:\\\/\\\/acana.com.pl\\\/karma\\\/#website\",\"url\":\"https:\\\/\\\/acana.com.pl\\\/karma\\\/\",\"name\":\"Blog Acana Polska\",\"description\":\"\",\"publisher\":{\"@id\":\"https:\\\/\\\/acana.com.pl\\\/karma\\\/#organization\"},\"potentialAction\":[{\"@type\":\"SearchAction\",\"target\":{\"@type\":\"EntryPoint\",\"urlTemplate\":\"https:\\\/\\\/acana.com.pl\\\/karma\\\/?s={search_term_string}\"},\"query-input\":{\"@type\":\"PropertyValueSpecification\",\"valueRequired\":true,\"valueName\":\"search_term_string\"}}],\"inLanguage\":\"pl-PL\"},{\"@type\":\"Organization\",\"@id\":\"https:\\\/\\\/acana.com.pl\\\/karma\\\/#organization\",\"name\":\"ACANA POLSKA Sp. z o.o. Sp. K.\",\"url\":\"https:\\\/\\\/acana.com.pl\\\/karma\\\/\",\"logo\":{\"@type\":\"ImageObject\",\"inLanguage\":\"pl-PL\",\"@id\":\"https:\\\/\\\/acana.com.pl\\\/karma\\\/#\\\/schema\\\/logo\\\/image\\\/\",\"url\":\"https:\\\/\\\/acana.com.pl\\\/karma\\\/wp-content\\\/uploads\\\/2018\\\/02\\\/logo-Acana-1.png\",\"contentUrl\":\"https:\\\/\\\/acana.com.pl\\\/karma\\\/wp-content\\\/uploads\\\/2018\\\/02\\\/logo-Acana-1.png\",\"width\":154,\"height\":74,\"caption\":\"ACANA POLSKA Sp. z o.o. Sp. K.\"},\"image\":{\"@id\":\"https:\\\/\\\/acana.com.pl\\\/karma\\\/#\\\/schema\\\/logo\\\/image\\\/\"},\"sameAs\":[\"https:\\\/\\\/www.facebook.com\\\/acanapolska\\\/\"]},{\"@type\":\"Person\",\"@id\":\"https:\\\/\\\/acana.com.pl\\\/karma\\\/#\\\/schema\\\/person\\\/7107a20827918803aabd0032eb85e3e1\",\"name\":\"admin\",\"image\":{\"@type\":\"ImageObject\",\"inLanguage\":\"pl-PL\",\"@id\":\"https:\\\/\\\/secure.gravatar.com\\\/avatar\\\/79b0faef24c1eff4f3e454353226f57f7089a017ea6f4c5c70fd5e9530f10ee1?s=96&d=mm&r=g\",\"url\":\"https:\\\/\\\/secure.gravatar.com\\\/avatar\\\/79b0faef24c1eff4f3e454353226f57f7089a017ea6f4c5c70fd5e9530f10ee1?s=96&d=mm&r=g\",\"contentUrl\":\"https:\\\/\\\/secure.gravatar.com\\\/avatar\\\/79b0faef24c1eff4f3e454353226f57f7089a017ea6f4c5c70fd5e9530f10ee1?s=96&d=mm&r=g\",\"caption\":\"admin\"},\"url\":\"https:\\\/\\\/acana.com.pl\\\/karma\\\/author\\\/admin\\\/\"}]}<\/script>\n<!-- \/ Yoast SEO Premium plugin. -->","yoast_head_json":{"title":"16 sierpnia nie pracujemy - Blog Acana Polska","robots":{"index":"index","follow":"follow","max-snippet":"max-snippet:-1","max-image-preview":"max-image-preview:large","max-video-preview":"max-video-preview:-1"},"canonical":"https:\/\/acana.com.pl\/karma\/16-sierpnia-nie-pracujemy\/","og_locale":"pl_PL","og_type":"article","og_title":"16 sierpnia nie pracujemy","og_description":"Kolejny d\u0142ugi weekend coraz bli\u017cej. Zach\u0119camy Was do zrobienia wcze\u015bniejszych zakup\u00f3w. Chcieliby\u015bmy poinformowa\u0107, \u017ce w pi\u0105tek 16 sierpnia nasza firma b\u0119dzie nieczynna.&nbsp; B\u0119dziemy odpoczywa\u0107 razem z naszymi czworono\u017cnymi przyjaci\u00f3\u0142mi, a po d\u0142ugim weekendzie wr\u00f3cimy do Was z podw\u00f3jn\u0105 dawk\u0105 energii.&nbsp; Biologicznie Odpowiednie zakupy w naszym&nbsp;sklepie internetowym zr\u00f3bcie odpowiednio wcze\u015bniej, tak, aby dotar\u0142y do Waszych ps\u00f3w [&hellip;]","og_url":"https:\/\/acana.com.pl\/karma\/16-sierpnia-nie-pracujemy\/","og_site_name":"Blog Acana Polska","article_publisher":"https:\/\/www.facebook.com\/acanapolska\/","article_published_time":"2019-08-07T12:55:07+00:00","article_modified_time":"2019-08-07T12:56:49+00:00","og_image":[{"width":1213,"height":537,"url":"https:\/\/acana.com.pl\/karma\/wp-content\/uploads\/2019\/08\/Aktualno\u015b\u0107-16.08-nie-pracujemy_obrazek-wyr\u00f3\u017cniaj\u0105cy.jpg","type":"image\/jpeg"}],"author":"admin","twitter_card":"summary_large_image","twitter_misc":{"Napisane przez":"admin"},"schema":{"@context":"https:\/\/schema.org","@graph":[{"@type":"Article","@id":"https:\/\/acana.com.pl\/karma\/16-sierpnia-nie-pracujemy\/#article","isPartOf":{"@id":"https:\/\/acana.com.pl\/karma\/16-sierpnia-nie-pracujemy\/"},"author":{"name":"admin","@id":"https:\/\/acana.com.pl\/karma\/#\/schema\/person\/7107a20827918803aabd0032eb85e3e1"},"headline":"16 sierpnia nie pracujemy","datePublished":"2019-08-07T12:55:07+00:00","dateModified":"2019-08-07T12:56:49+00:00","mainEntityOfPage":{"@id":"https:\/\/acana.com.pl\/karma\/16-sierpnia-nie-pracujemy\/"},"wordCount":88,"publisher":{"@id":"https:\/\/acana.com.pl\/karma\/#organization"},"image":{"@id":"https:\/\/acana.com.pl\/karma\/16-sierpnia-nie-pracujemy\/#primaryimage"},"thumbnailUrl":"https:\/\/acana.com.pl\/karma\/wp-content\/uploads\/2019\/08\/Aktualno\u015b\u0107-16.08-nie-pracujemy_obrazek-wyr\u00f3\u017cniaj\u0105cy.jpg","keywords":["Acana","d\u0142ugi weekend","nie pracujemy","sklep Acana Polska"],"articleSection":["Aktualno\u015bci"],"inLanguage":"pl-PL"},{"@type":"WebPage","@id":"https:\/\/acana.com.pl\/karma\/16-sierpnia-nie-pracujemy\/","url":"https:\/\/acana.com.pl\/karma\/16-sierpnia-nie-pracujemy\/","name":"16 sierpnia nie pracujemy - Blog Acana Polska","isPartOf":{"@id":"https:\/\/acana.com.pl\/karma\/#website"},"primaryImageOfPage":{"@id":"https:\/\/acana.com.pl\/karma\/16-sierpnia-nie-pracujemy\/#primaryimage"},"image":{"@id":"https:\/\/acana.com.pl\/karma\/16-sierpnia-nie-pracujemy\/#primaryimage"},"thumbnailUrl":"https:\/\/acana.com.pl\/karma\/wp-content\/uploads\/2019\/08\/Aktualno\u015b\u0107-16.08-nie-pracujemy_obrazek-wyr\u00f3\u017cniaj\u0105cy.jpg","datePublished":"2019-08-07T12:55:07+00:00","dateModified":"2019-08-07T12:56:49+00:00","breadcrumb":{"@id":"https:\/\/acana.com.pl\/karma\/16-sierpnia-nie-pracujemy\/#breadcrumb"},"inLanguage":"pl-PL","potentialAction":[{"@type":"ReadAction","target":["https:\/\/acana.com.pl\/karma\/16-sierpnia-nie-pracujemy\/"]}]},{"@type":"ImageObject","inLanguage":"pl-PL","@id":"https:\/\/acana.com.pl\/karma\/16-sierpnia-nie-pracujemy\/#primaryimage","url":"https:\/\/acana.com.pl\/karma\/wp-content\/uploads\/2019\/08\/Aktualno\u015b\u0107-16.08-nie-pracujemy_obrazek-wyr\u00f3\u017cniaj\u0105cy.jpg","contentUrl":"https:\/\/acana.com.pl\/karma\/wp-content\/uploads\/2019\/08\/Aktualno\u015b\u0107-16.08-nie-pracujemy_obrazek-wyr\u00f3\u017cniaj\u0105cy.jpg","width":1213,"height":537,"caption":"16 sierpnia nie pracujemy"},{"@type":"BreadcrumbList","@id":"https:\/\/acana.com.pl\/karma\/16-sierpnia-nie-pracujemy\/#breadcrumb","itemListElement":[{"@type":"ListItem","position":1,"name":"Strona g\u0142\u00f3wna","item":"https:\/\/acana.com.pl\/karma\/"},{"@type":"ListItem","position":2,"name":"16 sierpnia nie pracujemy"}]},{"@type":"WebSite","@id":"https:\/\/acana.com.pl\/karma\/#website","url":"https:\/\/acana.com.pl\/karma\/","name":"Blog Acana Polska","description":"","publisher":{"@id":"https:\/\/acana.com.pl\/karma\/#organization"},"potentialAction":[{"@type":"SearchAction","target":{"@type":"EntryPoint","urlTemplate":"https:\/\/acana.com.pl\/karma\/?s={search_term_string}"},"query-input":{"@type":"PropertyValueSpecification","valueRequired":true,"valueName":"search_term_string"}}],"inLanguage":"pl-PL"},{"@type":"Organization","@id":"https:\/\/acana.com.pl\/karma\/#organization","name":"ACANA POLSKA Sp. z o.o. Sp. K.","url":"https:\/\/acana.com.pl\/karma\/","logo":{"@type":"ImageObject","inLanguage":"pl-PL","@id":"https:\/\/acana.com.pl\/karma\/#\/schema\/logo\/image\/","url":"https:\/\/acana.com.pl\/karma\/wp-content\/uploads\/2018\/02\/logo-Acana-1.png","contentUrl":"https:\/\/acana.com.pl\/karma\/wp-content\/uploads\/2018\/02\/logo-Acana-1.png","width":154,"height":74,"caption":"ACANA POLSKA Sp. z o.o. Sp. K."},"image":{"@id":"https:\/\/acana.com.pl\/karma\/#\/schema\/logo\/image\/"},"sameAs":["https:\/\/www.facebook.com\/acanapolska\/"]},{"@type":"Person","@id":"https:\/\/acana.com.pl\/karma\/#\/schema\/person\/7107a20827918803aabd0032eb85e3e1","name":"admin","image":{"@type":"ImageObject","inLanguage":"pl-PL","@id":"https:\/\/secure.gravatar.com\/avatar\/79b0faef24c1eff4f3e454353226f57f7089a017ea6f4c5c70fd5e9530f10ee1?s=96&d=mm&r=g","url":"https:\/\/secure.gravatar.com\/avatar\/79b0faef24c1eff4f3e454353226f57f7089a017ea6f4c5c70fd5e9530f10ee1?s=96&d=mm&r=g","contentUrl":"https:\/\/secure.gravatar.com\/avatar\/79b0faef24c1eff4f3e454353226f57f7089a017ea6f4c5c70fd5e9530f10ee1?s=96&d=mm&r=g","caption":"admin"},"url":"https:\/\/acana.com.pl\/karma\/author\/admin\/"}]}},"_links":{"self":[{"href":"https:\/\/acana.com.pl\/karma\/wp-json\/wp\/v2\/posts\/10324","targetHints":{"allow":["GET"]}}],"collection":[{"href":"https:\/\/acana.com.pl\/karma\/wp-json\/wp\/v2\/posts"}],"about":[{"href":"https:\/\/acana.com.pl\/karma\/wp-json\/wp\/v2\/types\/post"}],"author":[{"embeddable":true,"href":"https:\/\/acana.com.pl\/karma\/wp-json\/wp\/v2\/users\/1"}],"replies":[{"embeddable":true,"href":"https:\/\/acana.com.pl\/karma\/wp-json\/wp\/v2\/comments?post=10324"}],"version-history":[{"count":0,"href":"https:\/\/acana.com.pl\/karma\/wp-json\/wp\/v2\/posts\/10324\/revisions"}],"wp:featuredmedia":[{"embeddable":true,"href":"https:\/\/acana.com.pl\/karma\/wp-json\/wp\/v2\/media\/10329"}],"wp:attachment":[{"href":"https:\/\/acana.com.pl\/karma\/wp-json\/wp\/v2\/media?parent=10324"}],"wp:term":[{"taxonomy":"category","embeddable":true,"href":"https:\/\/acana.com.pl\/karma\/wp-json\/wp\/v2\/categories?post=10324"},{"taxonomy":"post_tag","embeddable":true,"href":"https:\/\/acana.com.pl\/karma\/wp-json\/wp\/v2\/tags?post=10324"}],"curies":[{"name":"wp","href":"https:\/\/api.w.org\/{rel}","templated":true}]}}