{"id":10376,"date":"2019-09-04T10:19:15","date_gmt":"2019-09-04T08:19:15","guid":{"rendered":"https:\/\/acana.com.pl\/karma\/?p=10376"},"modified":"2021-09-30T08:50:22","modified_gmt":"2021-09-30T06:50:22","slug":"miedzynarodowa-wystawa-kotow-rasowych-wroclaw-07-08-wrzesnia-2019","status":"publish","type":"post","link":"https:\/\/acana.com.pl\/karma\/miedzynarodowa-wystawa-kotow-rasowych-wroclaw-07-08-wrzesnia-2019\/","title":{"rendered":"Mi\u0119dzynarodowa Wystawa kot\u00f3w Rasowych Wroc\u0142aw 07-08 wrze\u015bnia 2019"},"content":{"rendered":"<h2>Nadchodz\u0105cy weekend b\u0119dzie szczeg\u00f3lnie wa\u017cny dla wszystkich mi\u0142o\u015bnik\u00f3w kot\u00f3w.<\/h2>\n<p>Ju\u017c w sobot\u0119 7 wrze\u015bnia na wroc\u0142awskiej Hali Stulecia rozpoczyna si\u0119 Mi\u0119dzynarodowa Wystawa Kot\u00f3w Rasowych. Wydarzenie organizowane jest przez Federacj\u0119 Felinologiczn\u0105 <a href=\"https:\/\/ccw.wroclaw.pl\/\" target=\"_blank\" rel=\"noopener noreferrer\">Cat Club Wroc\u0142aw<\/a> i potrwa do niedzieli 8 wrze\u015bnia.&nbsp;<\/p>\n<p>Podczas tych dw\u00f3ch nie b\u0119dzie mo\u017cna podziwia\u0107 oko\u0142o 400 kot\u00f3w, ponad 40 ras., m. in. : Selkirk Rex, bezw\u0142ose Sfinksy, koty Syjamskie, jedne z najwi\u0119kszych ras kot\u00f3w domowych Main Coon, koty Bengalskie, koty rasy Ragdoll &#8211; uznane za jedne z najbardziej cierpliwych, czy pochodz\u0105ce z klasztor\u00f3w i pa\u0142ac\u00f3w staro\u017cytnej Birmy koty Burmskie .<\/p>\n<p>Na tegorocznej wystawie nie mo\u017ce zabrakn\u0105\u0107 r\u00f3wnie\u017c nas z naszym Biologicznie Odpowiednim stoiskiem, na kt\u00f3rym b\u0119dziecie mogli zaopatrzy\u0107 si\u0119 w najlepsze na \u015bwiecie jedzenie dla kot\u00f3w.<\/p>\n<p>B\u0119dziemy mie\u0107 karmy, kt\u00f3re najlepiej odzwierciedlaj\u0105 naturaln\u0105 diet\u0119 kot\u00f3w. Przepe\u0142nione mi\u0119sem po brzegi <a title=\"ACANA\" href=\"https:\/\/sklep.acana.com.pl\/26-sucha-karma-dla-kota?id_manu=3\" target=\"_blank\" rel=\"noopener noreferrer\">ACANA<\/a> i <a title=\"ORIJEN\" href=\"https:\/\/sklep.acana.com.pl\/26-sucha-karma-dla-kota?id_manu=4\" target=\"_blank\" rel=\"noopener noreferrer\">ORIJEN<\/a>, kt\u00f3re charakteryzuj\u0105ce si\u0119 du\u017c\u0105 zawarto\u015bci\u0105 \u015bwie\u017cego i r\u00f3\u017cnorodnego,mi\u0119sa.<\/p>\n<p>Nasza ekipa ch\u0119tnie porozmawia z Wami na temat <a title=\"w\u0142a\u015bciwe od\u017cywianie\" href=\"https:\/\/acana.com.pl\/karma\/proporcje-whole-prey-co-to-jest\/\" target=\"_blank\" rel=\"noopener noreferrer\">w\u0142a\u015bciwego od\u017cywiania<\/a> Waszych kot\u00f3w.<\/p>\n<p>Serdecznie zapraszamy!<\/p>\n","protected":false},"excerpt":{"rendered":"<p>Nadchodz\u0105cy weekend b\u0119dzie szczeg\u00f3lnie wa\u017cny dla wszystkich mi\u0142o\u015bnik\u00f3w kot\u00f3w. Ju\u017c w sobot\u0119 7 wrze\u015bnia na wroc\u0142awskiej Hali Stulecia rozpoczyna si\u0119 Mi\u0119dzynarodowa Wystawa Kot\u00f3w Rasowych. Wydarzenie organizowane jest przez Federacj\u0119 Felinologiczn\u0105 Cat Club Wroc\u0142aw i potrwa do niedzieli 8 wrze\u015bnia.&nbsp; Podczas tych dw\u00f3ch nie b\u0119dzie mo\u017cna podziwia\u0107 oko\u0142o 400 kot\u00f3w, ponad 40 ras., m. in. : [&hellip;]<\/p>\n","protected":false},"author":1,"featured_media":10379,"comment_status":"closed","ping_status":"closed","sticky":false,"template":"","format":"standard","meta":{"_acf_changed":false,"_editorskit_title_hidden":false,"_editorskit_reading_time":0,"_editorskit_is_block_options_detached":false,"_editorskit_block_options_position":"{}","ngg_post_thumbnail":0,"footnotes":""},"categories":[2],"tags":[],"class_list":["post-10376","post","type-post","status-publish","format-standard","has-post-thumbnail","hentry","category-aktualnosci"],"acf":[],"yoast_head":"<!-- This site is optimized with the Yoast SEO Premium plugin v27.4 (Yoast SEO v27.4) - https:\/\/yoast.com\/product\/yoast-seo-premium-wordpress\/ -->\n<title>Mi\u0119dzynarodowa Wystawa kot\u00f3w Rasowych Wroc\u0142aw 07-08 wrze\u015bnia 2019 - Blog Acana Polska<\/title>\n<meta name=\"robots\" content=\"index, follow, max-snippet:-1, max-image-preview:large, max-video-preview:-1\" \/>\n<link rel=\"canonical\" href=\"https:\/\/acana.com.pl\/karma\/miedzynarodowa-wystawa-kotow-rasowych-wroclaw-07-08-wrzesnia-2019\/\" \/>\n<meta property=\"og:locale\" content=\"pl_PL\" \/>\n<meta property=\"og:type\" content=\"article\" \/>\n<meta property=\"og:title\" content=\"Mi\u0119dzynarodowa Wystawa kot\u00f3w Rasowych Wroc\u0142aw 07-08 wrze\u015bnia 2019\" \/>\n<meta property=\"og:description\" content=\"Nadchodz\u0105cy weekend b\u0119dzie szczeg\u00f3lnie wa\u017cny dla wszystkich mi\u0142o\u015bnik\u00f3w kot\u00f3w. Ju\u017c w sobot\u0119 7 wrze\u015bnia na wroc\u0142awskiej Hali Stulecia rozpoczyna si\u0119 Mi\u0119dzynarodowa Wystawa Kot\u00f3w Rasowych. Wydarzenie organizowane jest przez Federacj\u0119 Felinologiczn\u0105 Cat Club Wroc\u0142aw i potrwa do niedzieli 8 wrze\u015bnia.&nbsp; Podczas tych dw\u00f3ch nie b\u0119dzie mo\u017cna podziwia\u0107 oko\u0142o 400 kot\u00f3w, ponad 40 ras., m. in. : [&hellip;]\" \/>\n<meta property=\"og:url\" content=\"https:\/\/acana.com.pl\/karma\/miedzynarodowa-wystawa-kotow-rasowych-wroclaw-07-08-wrzesnia-2019\/\" \/>\n<meta property=\"og:site_name\" content=\"Blog Acana Polska\" \/>\n<meta property=\"article:publisher\" content=\"https:\/\/www.facebook.com\/acanapolska\/\" \/>\n<meta property=\"article:published_time\" content=\"2019-09-04T08:19:15+00:00\" \/>\n<meta property=\"article:modified_time\" content=\"2021-09-30T06:50:22+00:00\" \/>\n<meta property=\"og:image\" content=\"https:\/\/acana.com.pl\/karma\/wp-content\/uploads\/2019\/09\/Aktualno\u015b\u0107-wystawa-kot\u00f3w-Wroc\u0142aw-07-08.09.2019.jpg\" \/>\n\t<meta property=\"og:image:width\" content=\"1213\" \/>\n\t<meta property=\"og:image:height\" content=\"537\" \/>\n\t<meta property=\"og:image:type\" content=\"image\/jpeg\" \/>\n<meta name=\"author\" content=\"admin\" \/>\n<meta name=\"twitter:card\" content=\"summary_large_image\" \/>\n<meta name=\"twitter:label1\" content=\"Napisane przez\" \/>\n\t<meta name=\"twitter:data1\" content=\"admin\" \/>\n\t<meta name=\"twitter:label2\" content=\"Szacowany czas czytania\" \/>\n\t<meta name=\"twitter:data2\" content=\"1 minuta\" \/>\n<script type=\"application\/ld+json\" class=\"yoast-schema-graph\">{\"@context\":\"https:\\\/\\\/schema.org\",\"@graph\":[{\"@type\":\"Article\",\"@id\":\"https:\\\/\\\/acana.com.pl\\\/karma\\\/miedzynarodowa-wystawa-kotow-rasowych-wroclaw-07-08-wrzesnia-2019\\\/#article\",\"isPartOf\":{\"@id\":\"https:\\\/\\\/acana.com.pl\\\/karma\\\/miedzynarodowa-wystawa-kotow-rasowych-wroclaw-07-08-wrzesnia-2019\\\/\"},\"author\":{\"name\":\"admin\",\"@id\":\"https:\\\/\\\/acana.com.pl\\\/karma\\\/#\\\/schema\\\/person\\\/7107a20827918803aabd0032eb85e3e1\"},\"headline\":\"Mi\u0119dzynarodowa Wystawa kot\u00f3w Rasowych Wroc\u0142aw 07-08 wrze\u015bnia 2019\",\"datePublished\":\"2019-09-04T08:19:15+00:00\",\"dateModified\":\"2021-09-30T06:50:22+00:00\",\"mainEntityOfPage\":{\"@id\":\"https:\\\/\\\/acana.com.pl\\\/karma\\\/miedzynarodowa-wystawa-kotow-rasowych-wroclaw-07-08-wrzesnia-2019\\\/\"},\"wordCount\":211,\"publisher\":{\"@id\":\"https:\\\/\\\/acana.com.pl\\\/karma\\\/#organization\"},\"image\":{\"@id\":\"https:\\\/\\\/acana.com.pl\\\/karma\\\/miedzynarodowa-wystawa-kotow-rasowych-wroclaw-07-08-wrzesnia-2019\\\/#primaryimage\"},\"thumbnailUrl\":\"https:\\\/\\\/acana.com.pl\\\/karma\\\/wp-content\\\/uploads\\\/2019\\\/09\\\/Aktualno\u015b\u0107-wystawa-kot\u00f3w-Wroc\u0142aw-07-08.09.2019.jpg\",\"articleSection\":[\"Aktualno\u015bci\"],\"inLanguage\":\"pl-PL\"},{\"@type\":\"WebPage\",\"@id\":\"https:\\\/\\\/acana.com.pl\\\/karma\\\/miedzynarodowa-wystawa-kotow-rasowych-wroclaw-07-08-wrzesnia-2019\\\/\",\"url\":\"https:\\\/\\\/acana.com.pl\\\/karma\\\/miedzynarodowa-wystawa-kotow-rasowych-wroclaw-07-08-wrzesnia-2019\\\/\",\"name\":\"Mi\u0119dzynarodowa Wystawa kot\u00f3w Rasowych Wroc\u0142aw 07-08 wrze\u015bnia 2019 - Blog Acana Polska\",\"isPartOf\":{\"@id\":\"https:\\\/\\\/acana.com.pl\\\/karma\\\/#website\"},\"primaryImageOfPage\":{\"@id\":\"https:\\\/\\\/acana.com.pl\\\/karma\\\/miedzynarodowa-wystawa-kotow-rasowych-wroclaw-07-08-wrzesnia-2019\\\/#primaryimage\"},\"image\":{\"@id\":\"https:\\\/\\\/acana.com.pl\\\/karma\\\/miedzynarodowa-wystawa-kotow-rasowych-wroclaw-07-08-wrzesnia-2019\\\/#primaryimage\"},\"thumbnailUrl\":\"https:\\\/\\\/acana.com.pl\\\/karma\\\/wp-content\\\/uploads\\\/2019\\\/09\\\/Aktualno\u015b\u0107-wystawa-kot\u00f3w-Wroc\u0142aw-07-08.09.2019.jpg\",\"datePublished\":\"2019-09-04T08:19:15+00:00\",\"dateModified\":\"2021-09-30T06:50:22+00:00\",\"breadcrumb\":{\"@id\":\"https:\\\/\\\/acana.com.pl\\\/karma\\\/miedzynarodowa-wystawa-kotow-rasowych-wroclaw-07-08-wrzesnia-2019\\\/#breadcrumb\"},\"inLanguage\":\"pl-PL\",\"potentialAction\":[{\"@type\":\"ReadAction\",\"target\":[\"https:\\\/\\\/acana.com.pl\\\/karma\\\/miedzynarodowa-wystawa-kotow-rasowych-wroclaw-07-08-wrzesnia-2019\\\/\"]}]},{\"@type\":\"ImageObject\",\"inLanguage\":\"pl-PL\",\"@id\":\"https:\\\/\\\/acana.com.pl\\\/karma\\\/miedzynarodowa-wystawa-kotow-rasowych-wroclaw-07-08-wrzesnia-2019\\\/#primaryimage\",\"url\":\"https:\\\/\\\/acana.com.pl\\\/karma\\\/wp-content\\\/uploads\\\/2019\\\/09\\\/Aktualno\u015b\u0107-wystawa-kot\u00f3w-Wroc\u0142aw-07-08.09.2019.jpg\",\"contentUrl\":\"https:\\\/\\\/acana.com.pl\\\/karma\\\/wp-content\\\/uploads\\\/2019\\\/09\\\/Aktualno\u015b\u0107-wystawa-kot\u00f3w-Wroc\u0142aw-07-08.09.2019.jpg\",\"width\":1213,\"height\":537,\"caption\":\"Wystawa Kot\u00f3w Wroc\u0142aw 07-08.09.2019\"},{\"@type\":\"BreadcrumbList\",\"@id\":\"https:\\\/\\\/acana.com.pl\\\/karma\\\/miedzynarodowa-wystawa-kotow-rasowych-wroclaw-07-08-wrzesnia-2019\\\/#breadcrumb\",\"itemListElement\":[{\"@type\":\"ListItem\",\"position\":1,\"name\":\"Strona g\u0142\u00f3wna\",\"item\":\"https:\\\/\\\/acana.com.pl\\\/karma\\\/\"},{\"@type\":\"ListItem\",\"position\":2,\"name\":\"Mi\u0119dzynarodowa Wystawa kot\u00f3w Rasowych Wroc\u0142aw 07-08 wrze\u015bnia 2019\"}]},{\"@type\":\"WebSite\",\"@id\":\"https:\\\/\\\/acana.com.pl\\\/karma\\\/#website\",\"url\":\"https:\\\/\\\/acana.com.pl\\\/karma\\\/\",\"name\":\"Blog Acana Polska\",\"description\":\"\",\"publisher\":{\"@id\":\"https:\\\/\\\/acana.com.pl\\\/karma\\\/#organization\"},\"potentialAction\":[{\"@type\":\"SearchAction\",\"target\":{\"@type\":\"EntryPoint\",\"urlTemplate\":\"https:\\\/\\\/acana.com.pl\\\/karma\\\/?s={search_term_string}\"},\"query-input\":{\"@type\":\"PropertyValueSpecification\",\"valueRequired\":true,\"valueName\":\"search_term_string\"}}],\"inLanguage\":\"pl-PL\"},{\"@type\":\"Organization\",\"@id\":\"https:\\\/\\\/acana.com.pl\\\/karma\\\/#organization\",\"name\":\"ACANA POLSKA Sp. z o.o. Sp. K.\",\"url\":\"https:\\\/\\\/acana.com.pl\\\/karma\\\/\",\"logo\":{\"@type\":\"ImageObject\",\"inLanguage\":\"pl-PL\",\"@id\":\"https:\\\/\\\/acana.com.pl\\\/karma\\\/#\\\/schema\\\/logo\\\/image\\\/\",\"url\":\"https:\\\/\\\/acana.com.pl\\\/karma\\\/wp-content\\\/uploads\\\/2018\\\/02\\\/logo-Acana-1.png\",\"contentUrl\":\"https:\\\/\\\/acana.com.pl\\\/karma\\\/wp-content\\\/uploads\\\/2018\\\/02\\\/logo-Acana-1.png\",\"width\":154,\"height\":74,\"caption\":\"ACANA POLSKA Sp. z o.o. Sp. K.\"},\"image\":{\"@id\":\"https:\\\/\\\/acana.com.pl\\\/karma\\\/#\\\/schema\\\/logo\\\/image\\\/\"},\"sameAs\":[\"https:\\\/\\\/www.facebook.com\\\/acanapolska\\\/\"]},{\"@type\":\"Person\",\"@id\":\"https:\\\/\\\/acana.com.pl\\\/karma\\\/#\\\/schema\\\/person\\\/7107a20827918803aabd0032eb85e3e1\",\"name\":\"admin\",\"image\":{\"@type\":\"ImageObject\",\"inLanguage\":\"pl-PL\",\"@id\":\"https:\\\/\\\/secure.gravatar.com\\\/avatar\\\/79b0faef24c1eff4f3e454353226f57f7089a017ea6f4c5c70fd5e9530f10ee1?s=96&d=mm&r=g\",\"url\":\"https:\\\/\\\/secure.gravatar.com\\\/avatar\\\/79b0faef24c1eff4f3e454353226f57f7089a017ea6f4c5c70fd5e9530f10ee1?s=96&d=mm&r=g\",\"contentUrl\":\"https:\\\/\\\/secure.gravatar.com\\\/avatar\\\/79b0faef24c1eff4f3e454353226f57f7089a017ea6f4c5c70fd5e9530f10ee1?s=96&d=mm&r=g\",\"caption\":\"admin\"},\"url\":\"https:\\\/\\\/acana.com.pl\\\/karma\\\/author\\\/admin\\\/\"}]}<\/script>\n<!-- \/ Yoast SEO Premium plugin. -->","yoast_head_json":{"title":"Mi\u0119dzynarodowa Wystawa kot\u00f3w Rasowych Wroc\u0142aw 07-08 wrze\u015bnia 2019 - Blog Acana Polska","robots":{"index":"index","follow":"follow","max-snippet":"max-snippet:-1","max-image-preview":"max-image-preview:large","max-video-preview":"max-video-preview:-1"},"canonical":"https:\/\/acana.com.pl\/karma\/miedzynarodowa-wystawa-kotow-rasowych-wroclaw-07-08-wrzesnia-2019\/","og_locale":"pl_PL","og_type":"article","og_title":"Mi\u0119dzynarodowa Wystawa kot\u00f3w Rasowych Wroc\u0142aw 07-08 wrze\u015bnia 2019","og_description":"Nadchodz\u0105cy weekend b\u0119dzie szczeg\u00f3lnie wa\u017cny dla wszystkich mi\u0142o\u015bnik\u00f3w kot\u00f3w. Ju\u017c w sobot\u0119 7 wrze\u015bnia na wroc\u0142awskiej Hali Stulecia rozpoczyna si\u0119 Mi\u0119dzynarodowa Wystawa Kot\u00f3w Rasowych. Wydarzenie organizowane jest przez Federacj\u0119 Felinologiczn\u0105 Cat Club Wroc\u0142aw i potrwa do niedzieli 8 wrze\u015bnia.&nbsp; Podczas tych dw\u00f3ch nie b\u0119dzie mo\u017cna podziwia\u0107 oko\u0142o 400 kot\u00f3w, ponad 40 ras., m. in. : [&hellip;]","og_url":"https:\/\/acana.com.pl\/karma\/miedzynarodowa-wystawa-kotow-rasowych-wroclaw-07-08-wrzesnia-2019\/","og_site_name":"Blog Acana Polska","article_publisher":"https:\/\/www.facebook.com\/acanapolska\/","article_published_time":"2019-09-04T08:19:15+00:00","article_modified_time":"2021-09-30T06:50:22+00:00","og_image":[{"width":1213,"height":537,"url":"https:\/\/acana.com.pl\/karma\/wp-content\/uploads\/2019\/09\/Aktualno\u015b\u0107-wystawa-kot\u00f3w-Wroc\u0142aw-07-08.09.2019.jpg","type":"image\/jpeg"}],"author":"admin","twitter_card":"summary_large_image","twitter_misc":{"Napisane przez":"admin","Szacowany czas czytania":"1 minuta"},"schema":{"@context":"https:\/\/schema.org","@graph":[{"@type":"Article","@id":"https:\/\/acana.com.pl\/karma\/miedzynarodowa-wystawa-kotow-rasowych-wroclaw-07-08-wrzesnia-2019\/#article","isPartOf":{"@id":"https:\/\/acana.com.pl\/karma\/miedzynarodowa-wystawa-kotow-rasowych-wroclaw-07-08-wrzesnia-2019\/"},"author":{"name":"admin","@id":"https:\/\/acana.com.pl\/karma\/#\/schema\/person\/7107a20827918803aabd0032eb85e3e1"},"headline":"Mi\u0119dzynarodowa Wystawa kot\u00f3w Rasowych Wroc\u0142aw 07-08 wrze\u015bnia 2019","datePublished":"2019-09-04T08:19:15+00:00","dateModified":"2021-09-30T06:50:22+00:00","mainEntityOfPage":{"@id":"https:\/\/acana.com.pl\/karma\/miedzynarodowa-wystawa-kotow-rasowych-wroclaw-07-08-wrzesnia-2019\/"},"wordCount":211,"publisher":{"@id":"https:\/\/acana.com.pl\/karma\/#organization"},"image":{"@id":"https:\/\/acana.com.pl\/karma\/miedzynarodowa-wystawa-kotow-rasowych-wroclaw-07-08-wrzesnia-2019\/#primaryimage"},"thumbnailUrl":"https:\/\/acana.com.pl\/karma\/wp-content\/uploads\/2019\/09\/Aktualno\u015b\u0107-wystawa-kot\u00f3w-Wroc\u0142aw-07-08.09.2019.jpg","articleSection":["Aktualno\u015bci"],"inLanguage":"pl-PL"},{"@type":"WebPage","@id":"https:\/\/acana.com.pl\/karma\/miedzynarodowa-wystawa-kotow-rasowych-wroclaw-07-08-wrzesnia-2019\/","url":"https:\/\/acana.com.pl\/karma\/miedzynarodowa-wystawa-kotow-rasowych-wroclaw-07-08-wrzesnia-2019\/","name":"Mi\u0119dzynarodowa Wystawa kot\u00f3w Rasowych Wroc\u0142aw 07-08 wrze\u015bnia 2019 - Blog Acana Polska","isPartOf":{"@id":"https:\/\/acana.com.pl\/karma\/#website"},"primaryImageOfPage":{"@id":"https:\/\/acana.com.pl\/karma\/miedzynarodowa-wystawa-kotow-rasowych-wroclaw-07-08-wrzesnia-2019\/#primaryimage"},"image":{"@id":"https:\/\/acana.com.pl\/karma\/miedzynarodowa-wystawa-kotow-rasowych-wroclaw-07-08-wrzesnia-2019\/#primaryimage"},"thumbnailUrl":"https:\/\/acana.com.pl\/karma\/wp-content\/uploads\/2019\/09\/Aktualno\u015b\u0107-wystawa-kot\u00f3w-Wroc\u0142aw-07-08.09.2019.jpg","datePublished":"2019-09-04T08:19:15+00:00","dateModified":"2021-09-30T06:50:22+00:00","breadcrumb":{"@id":"https:\/\/acana.com.pl\/karma\/miedzynarodowa-wystawa-kotow-rasowych-wroclaw-07-08-wrzesnia-2019\/#breadcrumb"},"inLanguage":"pl-PL","potentialAction":[{"@type":"ReadAction","target":["https:\/\/acana.com.pl\/karma\/miedzynarodowa-wystawa-kotow-rasowych-wroclaw-07-08-wrzesnia-2019\/"]}]},{"@type":"ImageObject","inLanguage":"pl-PL","@id":"https:\/\/acana.com.pl\/karma\/miedzynarodowa-wystawa-kotow-rasowych-wroclaw-07-08-wrzesnia-2019\/#primaryimage","url":"https:\/\/acana.com.pl\/karma\/wp-content\/uploads\/2019\/09\/Aktualno\u015b\u0107-wystawa-kot\u00f3w-Wroc\u0142aw-07-08.09.2019.jpg","contentUrl":"https:\/\/acana.com.pl\/karma\/wp-content\/uploads\/2019\/09\/Aktualno\u015b\u0107-wystawa-kot\u00f3w-Wroc\u0142aw-07-08.09.2019.jpg","width":1213,"height":537,"caption":"Wystawa Kot\u00f3w Wroc\u0142aw 07-08.09.2019"},{"@type":"BreadcrumbList","@id":"https:\/\/acana.com.pl\/karma\/miedzynarodowa-wystawa-kotow-rasowych-wroclaw-07-08-wrzesnia-2019\/#breadcrumb","itemListElement":[{"@type":"ListItem","position":1,"name":"Strona g\u0142\u00f3wna","item":"https:\/\/acana.com.pl\/karma\/"},{"@type":"ListItem","position":2,"name":"Mi\u0119dzynarodowa Wystawa kot\u00f3w Rasowych Wroc\u0142aw 07-08 wrze\u015bnia 2019"}]},{"@type":"WebSite","@id":"https:\/\/acana.com.pl\/karma\/#website","url":"https:\/\/acana.com.pl\/karma\/","name":"Blog Acana Polska","description":"","publisher":{"@id":"https:\/\/acana.com.pl\/karma\/#organization"},"potentialAction":[{"@type":"SearchAction","target":{"@type":"EntryPoint","urlTemplate":"https:\/\/acana.com.pl\/karma\/?s={search_term_string}"},"query-input":{"@type":"PropertyValueSpecification","valueRequired":true,"valueName":"search_term_string"}}],"inLanguage":"pl-PL"},{"@type":"Organization","@id":"https:\/\/acana.com.pl\/karma\/#organization","name":"ACANA POLSKA Sp. z o.o. Sp. K.","url":"https:\/\/acana.com.pl\/karma\/","logo":{"@type":"ImageObject","inLanguage":"pl-PL","@id":"https:\/\/acana.com.pl\/karma\/#\/schema\/logo\/image\/","url":"https:\/\/acana.com.pl\/karma\/wp-content\/uploads\/2018\/02\/logo-Acana-1.png","contentUrl":"https:\/\/acana.com.pl\/karma\/wp-content\/uploads\/2018\/02\/logo-Acana-1.png","width":154,"height":74,"caption":"ACANA POLSKA Sp. z o.o. Sp. K."},"image":{"@id":"https:\/\/acana.com.pl\/karma\/#\/schema\/logo\/image\/"},"sameAs":["https:\/\/www.facebook.com\/acanapolska\/"]},{"@type":"Person","@id":"https:\/\/acana.com.pl\/karma\/#\/schema\/person\/7107a20827918803aabd0032eb85e3e1","name":"admin","image":{"@type":"ImageObject","inLanguage":"pl-PL","@id":"https:\/\/secure.gravatar.com\/avatar\/79b0faef24c1eff4f3e454353226f57f7089a017ea6f4c5c70fd5e9530f10ee1?s=96&d=mm&r=g","url":"https:\/\/secure.gravatar.com\/avatar\/79b0faef24c1eff4f3e454353226f57f7089a017ea6f4c5c70fd5e9530f10ee1?s=96&d=mm&r=g","contentUrl":"https:\/\/secure.gravatar.com\/avatar\/79b0faef24c1eff4f3e454353226f57f7089a017ea6f4c5c70fd5e9530f10ee1?s=96&d=mm&r=g","caption":"admin"},"url":"https:\/\/acana.com.pl\/karma\/author\/admin\/"}]}},"_links":{"self":[{"href":"https:\/\/acana.com.pl\/karma\/wp-json\/wp\/v2\/posts\/10376","targetHints":{"allow":["GET"]}}],"collection":[{"href":"https:\/\/acana.com.pl\/karma\/wp-json\/wp\/v2\/posts"}],"about":[{"href":"https:\/\/acana.com.pl\/karma\/wp-json\/wp\/v2\/types\/post"}],"author":[{"embeddable":true,"href":"https:\/\/acana.com.pl\/karma\/wp-json\/wp\/v2\/users\/1"}],"replies":[{"embeddable":true,"href":"https:\/\/acana.com.pl\/karma\/wp-json\/wp\/v2\/comments?post=10376"}],"version-history":[{"count":0,"href":"https:\/\/acana.com.pl\/karma\/wp-json\/wp\/v2\/posts\/10376\/revisions"}],"wp:featuredmedia":[{"embeddable":true,"href":"https:\/\/acana.com.pl\/karma\/wp-json\/wp\/v2\/media\/10379"}],"wp:attachment":[{"href":"https:\/\/acana.com.pl\/karma\/wp-json\/wp\/v2\/media?parent=10376"}],"wp:term":[{"taxonomy":"category","embeddable":true,"href":"https:\/\/acana.com.pl\/karma\/wp-json\/wp\/v2\/categories?post=10376"},{"taxonomy":"post_tag","embeddable":true,"href":"https:\/\/acana.com.pl\/karma\/wp-json\/wp\/v2\/tags?post=10376"}],"curies":[{"name":"wp","href":"https:\/\/api.w.org\/{rel}","templated":true}]}}