{"id":11210,"date":"2020-06-09T13:35:52","date_gmt":"2020-06-09T11:35:52","guid":{"rendered":"https:\/\/acana.com.pl\/karma\/?p=11210"},"modified":"2020-06-23T10:05:00","modified_gmt":"2020-06-23T08:05:00","slug":"o-rasach-pierwotnych-z-psia-matka","status":"publish","type":"post","link":"https:\/\/acana.com.pl\/karma\/o-rasach-pierwotnych-z-psia-matka\/","title":{"rendered":"Rasy pierwotne &#8211; Psia Matka o \u017cyciu z Shiba Inu"},"content":{"rendered":"<p style=\"text-align: justify;\">Rasy pierwotne ps\u00f3w wzbudzaj\u0105 zainteresowanie mi\u0142o\u015bnik\u00f3w zwierz\u0105t. Uwa\u017ca si\u0119, \u017ce to w\u0142a\u015bnie one wywodz\u0105 si\u0119 bezpo\u015brednio od pierwszych ps\u00f3w domowych, a z wilkiem \u0142\u0105czy ich niemal identyczny genom. O tym, co wzi\u0105\u0107 pod uwag\u0119 decyduj\u0105c si\u0119 na psa pierwotnego i jak zapewni\u0107 mu Biologicznie Odpowiednie \u017cywienie, opowiada nam Milena, <a href=\"https:\/\/psiamatka.pl\/psi-blog\/\" target=\"_blank\" rel=\"noopener noreferrer\">Psia Matka<\/a> 6-letniego Shiba Inu.&nbsp;<\/p>\n<h2><span style=\"color: #ff6600;\">Pierwszy pies<\/span><\/h2>\n<h3 style=\"text-align: justify;\">Noah to Tw\u00f3j pierwszy pies. Co wp\u0142yn\u0119\u0142o na podj\u0119cie decyzji, aby w Twoim \u017cyciu zago\u015bci\u0142 psi pupil?<\/h3>\n<p style=\"text-align: justify;\">Trudno jednoznacznie powiedzie\u0107. Naprawd\u0119 nie pami\u0119tam momentu, w kt\u00f3rym zapad\u0142a ta decyzja. My\u015bl\u0119, \u017ce przychodzi czas, \u017ce chcesz mie\u0107 swojego zwierzaka. Ta ch\u0119\u0107 wydaje mi si\u0119 bardzo naturalna. Du\u017co os\u00f3b chce mie\u0107 psa, a kiedy zapytasz si\u0119 dlaczego, to w\u0142a\u015bciwie trudno us\u0142ysze\u0107 odpowied\u017a. Widzimy gdzie\u015b kogo\u015b na spacerze z psem, wydaje nam si\u0119 to \u0142adnym obrazkiem i my te\u017c tak chcemy. Chcemy mie\u0107 towarzysza, przyjaciela, kogo\u015b do kochania. Pada na psa :-)<\/p>\n<h2><span style=\"color: #000000;\">Dlaczego zdecydowa\u0142a\u015b si\u0119 na ras\u0119 pierwotn\u0105 Shiba Inu?<\/span><\/h2>\n<p style=\"text-align: justify;\"><a href=\"https:\/\/acana.com.pl\/karma\/o-rasach-pierwotnych-z-psia-matka\/psiamatka3\/\" rel=\"attachment wp-att-11214\"><img loading=\"lazy\" decoding=\"async\" class=\"size-medium wp-image-11214 alignright\" src=\"https:\/\/acana.com.pl\/karma\/wp-content\/uploads\/2020\/06\/psiamatka3-300x200.jpg\" alt=\"rasy-pierwotne-psia-matka\" width=\"300\" height=\"200\" srcset=\"https:\/\/acana.com.pl\/karma\/wp-content\/uploads\/2020\/06\/psiamatka3-300x200.jpg 300w, https:\/\/acana.com.pl\/karma\/wp-content\/uploads\/2020\/06\/psiamatka3-768x512.jpg 768w, https:\/\/acana.com.pl\/karma\/wp-content\/uploads\/2020\/06\/psiamatka3.jpg 900w\" sizes=\"auto, (max-width: 300px) 100vw, 300px\" \/><\/a>Nigdy nie by\u0142am specjaln\u0105 psiar\u0105. Nie zna\u0142am si\u0119 na rasach ps\u00f3w. Psy ze schronisk wydawa\u0142y mi si\u0119 za trudne na pierwszego psa w \u017cyciu. Wiem teraz, \u017ce to mylne podej\u015bcie. Psy w schroniskach s\u0105 bardzo r\u00f3\u017cne i zdecydowanie polecam adopcj\u0119 ps\u00f3w. Shib\u0119 widywa\u0142am raz na jaki\u015b czas, bo u mnie w bloku mieszka\u0142 albo przyje\u017cd\u017ca\u0142 w odwiedziny taki pies. Bardzo spodoba\u0142 mi si\u0119 wizualnie. By\u0142 opanowany i nie szczeka\u0142. A to by\u0142o dla mnie kluczowe.<\/p>\n<p style=\"text-align: justify;\">Potem przeczyta\u0142am w Internecie, \u017ce to &#8220;ma\u0142y samuraj&#8221;, kt\u00f3ry ma\u0142o linieje. Kto nie chcia\u0142by mie\u0107 takiego psa? \u017bycie pokaza\u0142o, jak bardzo mo\u017cna si\u0119 pomyli\u0107 i lepiej weryfikowa\u0107 informacje, kt\u00f3re przeczyta\u0142o si\u0119 gdzie\u015b w Internecie. Shiba to uparte, wymagaj\u0105ce, bardzo inteligentne, niezale\u017cne (czytaj niepos\u0142uszne!) psy. Ale s\u0105 jednocze\u015bnie cudowne. Po pierwszym roku m\u0119czarni zdecydowaniem wiem, \u017ce to &#8220;moja&#8221; rasa. Z drugiej strony nigdy nikomu nie polecam Shiby. A wbrew obiegowym opiniom bardzo liniej\u0105!<\/p>\n<h2><span style=\"color: #ff6600;\">Rasy pierwotne ps\u00f3w<\/span><\/h2>\n<h3><span style=\"color: #000000;\">Jak\u0105 grup\u0105 ps\u00f3w s\u0105 rasy pierwotne? Czym si\u0119 charakteryzuj\u0105?<\/span><\/h3>\n<p style=\"text-align: justify;\"><a href=\"https:\/\/acana.com.pl\/karma\/o-rasach-pierwotnych-z-psia-matka\/psiamatka2\/\" rel=\"attachment wp-att-11212\"><img loading=\"lazy\" decoding=\"async\" class=\"alignleft size-medium wp-image-11212\" src=\"https:\/\/acana.com.pl\/karma\/wp-content\/uploads\/2020\/06\/psiamatka2-300x200.jpg\" alt=\"rasy-pierwotne-psia-matka\" width=\"300\" height=\"200\" srcset=\"https:\/\/acana.com.pl\/karma\/wp-content\/uploads\/2020\/06\/psiamatka2-300x200.jpg 300w, https:\/\/acana.com.pl\/karma\/wp-content\/uploads\/2020\/06\/psiamatka2-768x512.jpg 768w, https:\/\/acana.com.pl\/karma\/wp-content\/uploads\/2020\/06\/psiamatka2.jpg 900w\" sizes=\"auto, (max-width: 300px) 100vw, 300px\" \/><\/a>To do\u015b\u0107 szeroka grupa ps\u00f3w, opisywana jako V grupa wed\u0142ug kwalifikacji FCI. Na pewno to, co je \u0142\u0105czy, to stare pochodzenie, kt\u00f3re nie by\u0142o za bardzo zmieniane przez cz\u0142owieka, a raczej wynika\u0142o z naturalnej selekcji. To psy, kt\u00f3re polowa\u0142y, ci\u0105gn\u0119\u0142y sanie. Nie by\u0142y tylko psami do towarzystwa. Wiele z nich ma genotyp najbardziej zbli\u017cony do wilka i sporo atawizm\u00f3w z tym zwi\u0105zanych.&nbsp;<\/p>\n<h3><span style=\"color: #000000;\">Jaki jest Tw\u00f3j &#8220;ma\u0142y samuraj&#8221;, Noa\u015b?<\/span><\/h3>\n<p style=\"text-align: justify;\">Noa\u015b ma sko\u0144czone 6 lat i to jest wspania\u0142y wiek dla psa. Nadal sprawny, ale ju\u017c nie tak rozbrykany jak szczeniak. Noa\u015b rzeczywi\u015bcie jest dostojny i zdystansowany, cho\u0107 umie si\u0119 te\u017c \u017cywio\u0142owo bawi\u0107. Jest bardzo uparty i rywalizuj\u0105cy, zawsze &#8220;jego&#8221; musi by\u0107 na wierzchu. Cz\u0119sto jest tak, \u017ce jak tylko wyci\u0105gn\u0119 telefon, on od razu odwraca g\u0142ow\u0119. Najwi\u0119cej fajnych chwil mamy wi\u0119c zapisanych w pami\u0119ci, nie w telefonie. To te\u017c przypomina mi, \u017ceby by\u0107 z nim tu i teraz. Poza tym Noah jest bardzo oddanym, wiernym psem, a wi\u0119\u017a, kt\u00f3ra nas \u0142\u0105czy jest bardzo silna.&nbsp;<\/p>\n<h2><span style=\"color: #ff6600;\">Biologicznie Odpowiednie \u017cywienie ras pierwotnych<\/span><\/h2>\n<h3 style=\"text-align: justify;\"><span style=\"color: #000000;\">Czytelnicy Twojego bloga mog\u0105 dowiedzie\u0107 si\u0119, \u017ce Shiby to rasa niezwykle czysta i cicha. Jak jest z \u017cywieniem? Nale\u017c\u0105 do wybrednych ps\u00f3w, jak inne rasy pierwotne?<\/span><\/h3>\n<p style=\"text-align: justify;\">Du\u017co Shib to niejadki. Og\u00f3lnie psy o zgrabnej i do\u015b\u0107 lekkiej budowie nie jedz\u0105 bardzo du\u017co. W zwi\u0105zku z tym wielu w\u0142a\u015bcicieli Shib narzeka, \u017ce za ma\u0142o jedz\u0105, a przez to w\u0105t\u0142o wygl\u0105daj\u0105. Noah natomiast nie mia\u0142 nigdy problemu z apetytem. Lubi je\u015b\u0107. Mimo to, nie ma problemu z utrzymaniem wagi. Odk\u0105d sko\u0144czy\u0142 1,5 roku wa\u017cy tyle samo. Raz&nbsp; mieli\u015bmy sytuacj\u0119, \u017ce zosta\u0142 mu dodatkowy kilogram po zimie, ale w ci\u0105gu miesi\u0105ca to zgubili\u015bmy.&nbsp;<\/p>\n<h3 style=\"text-align: justify;\"><span style=\"color: #000000;\">Jak wygl\u0105da\u0142a wasza droga do znalezienia odpowiedniego jedzenia dla Noasia? Czy to, \u017ce jest reprezentantem rasy pierwotnej mia\u0142o dla Ciebie znaczenie przy wyborze sposobu \u017cywienia?<\/span><\/h3>\n<p style=\"text-align: justify;\"><a href=\"https:\/\/acana.com.pl\/karma\/o-rasach-pierwotnych-z-psia-matka\/psiamatka1\/\" rel=\"attachment wp-att-11215\"><img loading=\"lazy\" decoding=\"async\" class=\"size-medium wp-image-11215 alignright\" src=\"https:\/\/acana.com.pl\/karma\/wp-content\/uploads\/2020\/06\/psiamatka1-300x200.jpg\" alt=\"rasy-pierwotne-psia-matka\" width=\"300\" height=\"200\" srcset=\"https:\/\/acana.com.pl\/karma\/wp-content\/uploads\/2020\/06\/psiamatka1-300x200.jpg 300w, https:\/\/acana.com.pl\/karma\/wp-content\/uploads\/2020\/06\/psiamatka1-768x512.jpg 768w, https:\/\/acana.com.pl\/karma\/wp-content\/uploads\/2020\/06\/psiamatka1.jpg 900w\" sizes=\"auto, (max-width: 300px) 100vw, 300px\" \/><\/a>Dla mnie od samego pocz\u0105tku by\u0142o jasne, \u017ce nie chc\u0119, \u017ceby pies jad\u0142 zbo\u017ca. Wiadomo, \u017ce pies jest mi\u0119so\u017cerc\u0105 i jego przew\u00f3d pokarmowy nie jest dostosowany do trawienia zb\u00f3\u017c. S\u0105 takie psy, kt\u00f3re zupe\u0142nie nie trawi\u0105 skrobi. U Shib raczej takich nie ma, ale u ka\u017cdej rasy mog\u0105 pojawi\u0107 si\u0119 nietolerancje pokarmowe. Trzeba to obserwowa\u0107. Na pewno Noah i Shiby lubi\u0105 dziczyzn\u0119, bo to niegdy\u015b psy poluj\u0105ce. My ch\u0119tnie wybieramy <a href=\"https:\/\/sklep.acana.com.pl\/dla-psa\/108-orijen-tundra-dog.html\" target=\"_blank\" rel=\"noopener noreferrer\">ORIJEN Tundra<\/a>. Sk\u0142ad jest \u015bwietny i pe\u0142ny w\u0142a\u015bnie takiego mi\u0119sa.&nbsp;&nbsp;<\/p>\n<h3 style=\"text-align: justify;\"><span style=\"color: #000000;\">Dlaczego zdecydowa\u0142a\u015b si\u0119 na Biologicznie Odpowiednie Jedzenie ORIJEN?<\/span><\/h3>\n<p style=\"text-align: justify;\"><a href=\"https:\/\/acana.com.pl\/karma\/o-rasach-pierwotnych-z-psia-matka\/psiamatka4\/\" rel=\"attachment wp-att-11213\"><img loading=\"lazy\" decoding=\"async\" class=\"alignleft size-medium wp-image-11213\" src=\"https:\/\/acana.com.pl\/karma\/wp-content\/uploads\/2020\/06\/psiamatka4-200x300.jpg\" alt=\"rasy-pierwotne-psia-matka\" width=\"200\" height=\"300\" srcset=\"https:\/\/acana.com.pl\/karma\/wp-content\/uploads\/2020\/06\/psiamatka4-200x300.jpg 200w, https:\/\/acana.com.pl\/karma\/wp-content\/uploads\/2020\/06\/psiamatka4.jpg 600w\" sizes=\"auto, (max-width: 200px) 100vw, 200px\" \/><\/a>Na samym pocz\u0105tku Noah jad\u0142 karm\u0119 od hodowcy. Tak si\u0119 zazwyczaj robi, \u017ceby w pierwszych dniach nie by\u0142o rewolucji w uk\u0142adzie pokarmowym. Potem przesz\u0142am na gotowane jedzenie. Ale szczeniak szybko ro\u015bnie. Potrzebuje bardzo dobrze zbilansowanej diety i obawia\u0142am si\u0119, \u017ce sama mog\u0119 \u017ale komponowa\u0107 jedzenie. Zacz\u0119\u0142am szuka\u0107 karmy najlepszej na rynku. I tak trafi\u0142am na <a href=\"https:\/\/sklep.acana.com.pl\/68-orijen-dla-psa\" target=\"_blank\" rel=\"noopener noreferrer\">ORIJEN<\/a>.<\/p>\n<p style=\"text-align: justify;\">Noasiowi <a href=\"https:\/\/sklep.acana.com.pl\/68-orijen-dla-psa\" target=\"_blank\" rel=\"noopener noreferrer\">ORIJEN<\/a>&nbsp;zasmakowa\u0142, wi\u0119c wszystko pasowa\u0142o :-) Dla mnie wa\u017cne jest tak\u017ce to, sk\u0105d pochodzi mi\u0119so wykorzystywane do tworzenia jedzenia. W przypadku <a href=\"https:\/\/acana.com.pl\/karma\/orijen-najlepsze-jedzenie-na-swiecie\/\" target=\"_blank\" rel=\"noopener noreferrer\">ORIJEN<\/a> s\u0105 to sprawdzeni, regionalni dostawcy. Karmi\u0119 wi\u0119c psa zgodnie z jego potrzebami, nie przyk\u0142adaj\u0105c r\u0119ki do przemys\u0142owego chowu zwierz\u0105t. Cho\u0107 w taki spos\u00f3b mog\u0119 wesprze\u0107 lokalnych dostawc\u00f3w i chroni\u0107 klimat.&nbsp;<\/p>\n<p>&nbsp;<\/p>\n<p style=\"text-align: justify;\"><strong><span style=\"color: #ff6600;\">Wszystkich g\u0142odnych wiedzy o \u017cyciu z psem Shiba Inu, zach\u0119camy do zapoznania si\u0119 z <a style=\"color: #ff6600;\" href=\"https:\/\/psiamatka.pl\/psi-blog\/\" target=\"_blank\" rel=\"noopener noreferrer\">blogiem<\/a> Mileny. Z kolei opiekun\u00f3w ps\u00f3w, nie tylko rasy pierwotnej, zapraszamy na Biologicznie Odpowiednie <a style=\"color: #ff6600;\" href=\"https:\/\/sklep.acana.com.pl\/\" target=\"_blank\" rel=\"noopener noreferrer\">zakupy<\/a>. Wszystko dla udomowionych wilk\u00f3w, zgodnie z ich mi\u0119so\u017cern\u0105 natur\u0105.<\/span><\/strong><\/p>\n","protected":false},"excerpt":{"rendered":"<p>Rasy pierwotne ps\u00f3w wzbudzaj\u0105 zainteresowanie mi\u0142o\u015bnik\u00f3w zwierz\u0105t. Uwa\u017ca si\u0119, \u017ce to w\u0142a\u015bnie one wywodz\u0105 si\u0119 bezpo\u015brednio od pierwszych ps\u00f3w domowych, a z wilkiem \u0142\u0105czy ich niemal identyczny genom. O tym, co wzi\u0105\u0107 pod uwag\u0119 decyduj\u0105c si\u0119 na psa pierwotnego i jak zapewni\u0107 mu Biologicznie Odpowiednie \u017cywienie, opowiada nam Milena, Psia Matka 6-letniego Shiba Inu.&nbsp; Pierwszy [&hellip;]<\/p>\n","protected":false},"author":14,"featured_media":11211,"comment_status":"closed","ping_status":"open","sticky":false,"template":"","format":"standard","meta":{"_acf_changed":false,"_editorskit_title_hidden":false,"_editorskit_reading_time":0,"_editorskit_is_block_options_detached":false,"_editorskit_block_options_position":"{}","ngg_post_thumbnail":0,"footnotes":""},"categories":[2],"tags":[102,216,39,47,171,40,28,44,43,18,48,127,173,79],"class_list":["post-11210","post","type-post","status-publish","format-standard","has-post-thumbnail","hentry","category-aktualnosci","tag-acana-polska","tag-bafrino","tag-biologicznie-odpowiednie","tag-biologicznie-odpowiednie-jedzenie","tag-champion-petfoods","tag-karma-dla-psa","tag-najlepsza-karma","tag-najlepsza-karma-dla-psow","tag-najlepsze-jedzenie-dla-psow","tag-orijen","tag-pies-jest-miesozerca","tag-regionalne-skladniki","tag-sklad-karmy","tag-zdrowe-jedzenie-dla-psa"],"acf":[],"yoast_head":"<!-- This site is optimized with the Yoast SEO Premium plugin v27.4 (Yoast SEO v27.5) - https:\/\/yoast.com\/product\/yoast-seo-premium-wordpress\/ -->\n<title>Rasy pierwotne - Psia Matka o \u017cyciu z Shiba Inu - Blog Acana Polska<\/title>\n<meta name=\"description\" content=\"Uwielbiasz rasy pierwotne? Marzy Ci si\u0119 Shiba Inu lub przedstawiciel innej rasy pierwotnej? Przeczytaj wywiad z Milen\u0105, autork\u0105 bloga Psia Matka.\" \/>\n<meta name=\"robots\" content=\"index, follow, max-snippet:-1, max-image-preview:large, max-video-preview:-1\" \/>\n<link rel=\"canonical\" href=\"https:\/\/acana.com.pl\/karma\/o-rasach-pierwotnych-z-psia-matka\/\" \/>\n<meta property=\"og:locale\" content=\"pl_PL\" \/>\n<meta property=\"og:type\" content=\"article\" \/>\n<meta property=\"og:title\" content=\"Rasy pierwotne - Psia Matka o \u017cyciu z Shiba Inu\" \/>\n<meta property=\"og:description\" content=\"Uwielbiasz rasy pierwotne? Marzy Ci si\u0119 Shiba Inu lub przedstawiciel innej rasy pierwotnej? Przeczytaj wywiad z Milen\u0105, autork\u0105 bloga Psia Matka.\" \/>\n<meta property=\"og:url\" content=\"https:\/\/acana.com.pl\/karma\/o-rasach-pierwotnych-z-psia-matka\/\" \/>\n<meta property=\"og:site_name\" content=\"Blog Acana Polska\" \/>\n<meta property=\"article:publisher\" content=\"https:\/\/www.facebook.com\/acanapolska\/\" \/>\n<meta property=\"article:published_time\" content=\"2020-06-09T11:35:52+00:00\" \/>\n<meta property=\"article:modified_time\" content=\"2020-06-23T08:05:00+00:00\" \/>\n<meta property=\"og:image\" content=\"https:\/\/acana.com.pl\/karma\/wp-content\/uploads\/2020\/06\/biologicznie-odpowiednie-\u017cywienie-ps\u00f3w-sportowych.jpg\" \/>\n\t<meta property=\"og:image:width\" content=\"1213\" \/>\n\t<meta property=\"og:image:height\" content=\"537\" \/>\n\t<meta property=\"og:image:type\" content=\"image\/jpeg\" \/>\n<meta name=\"author\" content=\"Aneta Urbaniak\" \/>\n<meta name=\"twitter:card\" content=\"summary_large_image\" \/>\n<meta name=\"twitter:label1\" content=\"Napisane przez\" \/>\n\t<meta name=\"twitter:data1\" content=\"Aneta Urbaniak\" \/>\n\t<meta name=\"twitter:label2\" content=\"Szacowany czas czytania\" \/>\n\t<meta name=\"twitter:data2\" content=\"5 minut\" \/>\n<script type=\"application\/ld+json\" class=\"yoast-schema-graph\">{\"@context\":\"https:\\\/\\\/schema.org\",\"@graph\":[{\"@type\":\"Article\",\"@id\":\"https:\\\/\\\/acana.com.pl\\\/karma\\\/o-rasach-pierwotnych-z-psia-matka\\\/#article\",\"isPartOf\":{\"@id\":\"https:\\\/\\\/acana.com.pl\\\/karma\\\/o-rasach-pierwotnych-z-psia-matka\\\/\"},\"author\":{\"name\":\"Aneta Urbaniak\",\"@id\":\"https:\\\/\\\/acana.com.pl\\\/karma\\\/#\\\/schema\\\/person\\\/97dda884f1050b0c23c3f8b6008b8a9a\"},\"headline\":\"Rasy pierwotne &#8211; Psia Matka o \u017cyciu z Shiba Inu\",\"datePublished\":\"2020-06-09T11:35:52+00:00\",\"dateModified\":\"2020-06-23T08:05:00+00:00\",\"mainEntityOfPage\":{\"@id\":\"https:\\\/\\\/acana.com.pl\\\/karma\\\/o-rasach-pierwotnych-z-psia-matka\\\/\"},\"wordCount\":1006,\"publisher\":{\"@id\":\"https:\\\/\\\/acana.com.pl\\\/karma\\\/#organization\"},\"image\":{\"@id\":\"https:\\\/\\\/acana.com.pl\\\/karma\\\/o-rasach-pierwotnych-z-psia-matka\\\/#primaryimage\"},\"thumbnailUrl\":\"https:\\\/\\\/acana.com.pl\\\/karma\\\/wp-content\\\/uploads\\\/2020\\\/06\\\/biologicznie-odpowiednie-\u017cywienie-ps\u00f3w-sportowych.jpg\",\"keywords\":[\"Acana Polska\",\"BAFRINO\",\"biologicznie odpowiednie\",\"biologicznie odpowiednie jedzenie\",\"Champion Petfoods\",\"karma dla psa\",\"NAJLEPSZA KARMA\",\"najlepsza karma dla ps\u00f3w\",\"najlepsze jedzenie dla ps\u00f3w\",\"orijen\",\"pies jest mi\u0119so\u017cerc\u0105\",\"Regionalne sk\u0142adniki\",\"sk\u0142ad karmy\",\"zdrowe jedzenie dla psa\"],\"articleSection\":[\"Aktualno\u015bci\"],\"inLanguage\":\"pl-PL\"},{\"@type\":\"WebPage\",\"@id\":\"https:\\\/\\\/acana.com.pl\\\/karma\\\/o-rasach-pierwotnych-z-psia-matka\\\/\",\"url\":\"https:\\\/\\\/acana.com.pl\\\/karma\\\/o-rasach-pierwotnych-z-psia-matka\\\/\",\"name\":\"Rasy pierwotne - Psia Matka o \u017cyciu z Shiba Inu - Blog Acana Polska\",\"isPartOf\":{\"@id\":\"https:\\\/\\\/acana.com.pl\\\/karma\\\/#website\"},\"primaryImageOfPage\":{\"@id\":\"https:\\\/\\\/acana.com.pl\\\/karma\\\/o-rasach-pierwotnych-z-psia-matka\\\/#primaryimage\"},\"image\":{\"@id\":\"https:\\\/\\\/acana.com.pl\\\/karma\\\/o-rasach-pierwotnych-z-psia-matka\\\/#primaryimage\"},\"thumbnailUrl\":\"https:\\\/\\\/acana.com.pl\\\/karma\\\/wp-content\\\/uploads\\\/2020\\\/06\\\/biologicznie-odpowiednie-\u017cywienie-ps\u00f3w-sportowych.jpg\",\"datePublished\":\"2020-06-09T11:35:52+00:00\",\"dateModified\":\"2020-06-23T08:05:00+00:00\",\"description\":\"Uwielbiasz rasy pierwotne? Marzy Ci si\u0119 Shiba Inu lub przedstawiciel innej rasy pierwotnej? Przeczytaj wywiad z Milen\u0105, autork\u0105 bloga Psia Matka.\",\"breadcrumb\":{\"@id\":\"https:\\\/\\\/acana.com.pl\\\/karma\\\/o-rasach-pierwotnych-z-psia-matka\\\/#breadcrumb\"},\"inLanguage\":\"pl-PL\",\"potentialAction\":[{\"@type\":\"ReadAction\",\"target\":[\"https:\\\/\\\/acana.com.pl\\\/karma\\\/o-rasach-pierwotnych-z-psia-matka\\\/\"]}]},{\"@type\":\"ImageObject\",\"inLanguage\":\"pl-PL\",\"@id\":\"https:\\\/\\\/acana.com.pl\\\/karma\\\/o-rasach-pierwotnych-z-psia-matka\\\/#primaryimage\",\"url\":\"https:\\\/\\\/acana.com.pl\\\/karma\\\/wp-content\\\/uploads\\\/2020\\\/06\\\/biologicznie-odpowiednie-\u017cywienie-ps\u00f3w-sportowych.jpg\",\"contentUrl\":\"https:\\\/\\\/acana.com.pl\\\/karma\\\/wp-content\\\/uploads\\\/2020\\\/06\\\/biologicznie-odpowiednie-\u017cywienie-ps\u00f3w-sportowych.jpg\",\"width\":1213,\"height\":537,\"caption\":\"biologicznie-odpowiednie-\u017cywienie-rasy-pierwotne\"},{\"@type\":\"BreadcrumbList\",\"@id\":\"https:\\\/\\\/acana.com.pl\\\/karma\\\/o-rasach-pierwotnych-z-psia-matka\\\/#breadcrumb\",\"itemListElement\":[{\"@type\":\"ListItem\",\"position\":1,\"name\":\"Strona g\u0142\u00f3wna\",\"item\":\"https:\\\/\\\/acana.com.pl\\\/karma\\\/\"},{\"@type\":\"ListItem\",\"position\":2,\"name\":\"Rasy pierwotne &#8211; Psia Matka o \u017cyciu z Shiba Inu\"}]},{\"@type\":\"WebSite\",\"@id\":\"https:\\\/\\\/acana.com.pl\\\/karma\\\/#website\",\"url\":\"https:\\\/\\\/acana.com.pl\\\/karma\\\/\",\"name\":\"Blog Acana Polska\",\"description\":\"\",\"publisher\":{\"@id\":\"https:\\\/\\\/acana.com.pl\\\/karma\\\/#organization\"},\"potentialAction\":[{\"@type\":\"SearchAction\",\"target\":{\"@type\":\"EntryPoint\",\"urlTemplate\":\"https:\\\/\\\/acana.com.pl\\\/karma\\\/?s={search_term_string}\"},\"query-input\":{\"@type\":\"PropertyValueSpecification\",\"valueRequired\":true,\"valueName\":\"search_term_string\"}}],\"inLanguage\":\"pl-PL\"},{\"@type\":\"Organization\",\"@id\":\"https:\\\/\\\/acana.com.pl\\\/karma\\\/#organization\",\"name\":\"ACANA POLSKA Sp. z o.o. Sp. K.\",\"url\":\"https:\\\/\\\/acana.com.pl\\\/karma\\\/\",\"logo\":{\"@type\":\"ImageObject\",\"inLanguage\":\"pl-PL\",\"@id\":\"https:\\\/\\\/acana.com.pl\\\/karma\\\/#\\\/schema\\\/logo\\\/image\\\/\",\"url\":\"https:\\\/\\\/acana.com.pl\\\/karma\\\/wp-content\\\/uploads\\\/2018\\\/02\\\/logo-Acana-1.png\",\"contentUrl\":\"https:\\\/\\\/acana.com.pl\\\/karma\\\/wp-content\\\/uploads\\\/2018\\\/02\\\/logo-Acana-1.png\",\"width\":154,\"height\":74,\"caption\":\"ACANA POLSKA Sp. z o.o. Sp. K.\"},\"image\":{\"@id\":\"https:\\\/\\\/acana.com.pl\\\/karma\\\/#\\\/schema\\\/logo\\\/image\\\/\"},\"sameAs\":[\"https:\\\/\\\/www.facebook.com\\\/acanapolska\\\/\"]},{\"@type\":\"Person\",\"@id\":\"https:\\\/\\\/acana.com.pl\\\/karma\\\/#\\\/schema\\\/person\\\/97dda884f1050b0c23c3f8b6008b8a9a\",\"name\":\"Aneta Urbaniak\",\"image\":{\"@type\":\"ImageObject\",\"inLanguage\":\"pl-PL\",\"@id\":\"https:\\\/\\\/secure.gravatar.com\\\/avatar\\\/fb5da9bf0d6a85641ec2ba99f4c3f3a4f970ad4002875a59509b37db9477f1b4?s=96&d=mm&r=g\",\"url\":\"https:\\\/\\\/secure.gravatar.com\\\/avatar\\\/fb5da9bf0d6a85641ec2ba99f4c3f3a4f970ad4002875a59509b37db9477f1b4?s=96&d=mm&r=g\",\"contentUrl\":\"https:\\\/\\\/secure.gravatar.com\\\/avatar\\\/fb5da9bf0d6a85641ec2ba99f4c3f3a4f970ad4002875a59509b37db9477f1b4?s=96&d=mm&r=g\",\"caption\":\"Aneta Urbaniak\"},\"url\":\"https:\\\/\\\/acana.com.pl\\\/karma\\\/author\\\/aneta\\\/\"}]}<\/script>\n<!-- \/ Yoast SEO Premium plugin. -->","yoast_head_json":{"title":"Rasy pierwotne - Psia Matka o \u017cyciu z Shiba Inu - Blog Acana Polska","description":"Uwielbiasz rasy pierwotne? Marzy Ci si\u0119 Shiba Inu lub przedstawiciel innej rasy pierwotnej? Przeczytaj wywiad z Milen\u0105, autork\u0105 bloga Psia Matka.","robots":{"index":"index","follow":"follow","max-snippet":"max-snippet:-1","max-image-preview":"max-image-preview:large","max-video-preview":"max-video-preview:-1"},"canonical":"https:\/\/acana.com.pl\/karma\/o-rasach-pierwotnych-z-psia-matka\/","og_locale":"pl_PL","og_type":"article","og_title":"Rasy pierwotne - Psia Matka o \u017cyciu z Shiba Inu","og_description":"Uwielbiasz rasy pierwotne? Marzy Ci si\u0119 Shiba Inu lub przedstawiciel innej rasy pierwotnej? Przeczytaj wywiad z Milen\u0105, autork\u0105 bloga Psia Matka.","og_url":"https:\/\/acana.com.pl\/karma\/o-rasach-pierwotnych-z-psia-matka\/","og_site_name":"Blog Acana Polska","article_publisher":"https:\/\/www.facebook.com\/acanapolska\/","article_published_time":"2020-06-09T11:35:52+00:00","article_modified_time":"2020-06-23T08:05:00+00:00","og_image":[{"width":1213,"height":537,"url":"https:\/\/acana.com.pl\/karma\/wp-content\/uploads\/2020\/06\/biologicznie-odpowiednie-\u017cywienie-ps\u00f3w-sportowych.jpg","type":"image\/jpeg"}],"author":"Aneta Urbaniak","twitter_card":"summary_large_image","twitter_misc":{"Napisane przez":"Aneta Urbaniak","Szacowany czas czytania":"5 minut"},"schema":{"@context":"https:\/\/schema.org","@graph":[{"@type":"Article","@id":"https:\/\/acana.com.pl\/karma\/o-rasach-pierwotnych-z-psia-matka\/#article","isPartOf":{"@id":"https:\/\/acana.com.pl\/karma\/o-rasach-pierwotnych-z-psia-matka\/"},"author":{"name":"Aneta Urbaniak","@id":"https:\/\/acana.com.pl\/karma\/#\/schema\/person\/97dda884f1050b0c23c3f8b6008b8a9a"},"headline":"Rasy pierwotne &#8211; Psia Matka o \u017cyciu z Shiba Inu","datePublished":"2020-06-09T11:35:52+00:00","dateModified":"2020-06-23T08:05:00+00:00","mainEntityOfPage":{"@id":"https:\/\/acana.com.pl\/karma\/o-rasach-pierwotnych-z-psia-matka\/"},"wordCount":1006,"publisher":{"@id":"https:\/\/acana.com.pl\/karma\/#organization"},"image":{"@id":"https:\/\/acana.com.pl\/karma\/o-rasach-pierwotnych-z-psia-matka\/#primaryimage"},"thumbnailUrl":"https:\/\/acana.com.pl\/karma\/wp-content\/uploads\/2020\/06\/biologicznie-odpowiednie-\u017cywienie-ps\u00f3w-sportowych.jpg","keywords":["Acana Polska","BAFRINO","biologicznie odpowiednie","biologicznie odpowiednie jedzenie","Champion Petfoods","karma dla psa","NAJLEPSZA KARMA","najlepsza karma dla ps\u00f3w","najlepsze jedzenie dla ps\u00f3w","orijen","pies jest mi\u0119so\u017cerc\u0105","Regionalne sk\u0142adniki","sk\u0142ad karmy","zdrowe jedzenie dla psa"],"articleSection":["Aktualno\u015bci"],"inLanguage":"pl-PL"},{"@type":"WebPage","@id":"https:\/\/acana.com.pl\/karma\/o-rasach-pierwotnych-z-psia-matka\/","url":"https:\/\/acana.com.pl\/karma\/o-rasach-pierwotnych-z-psia-matka\/","name":"Rasy pierwotne - Psia Matka o \u017cyciu z Shiba Inu - Blog Acana Polska","isPartOf":{"@id":"https:\/\/acana.com.pl\/karma\/#website"},"primaryImageOfPage":{"@id":"https:\/\/acana.com.pl\/karma\/o-rasach-pierwotnych-z-psia-matka\/#primaryimage"},"image":{"@id":"https:\/\/acana.com.pl\/karma\/o-rasach-pierwotnych-z-psia-matka\/#primaryimage"},"thumbnailUrl":"https:\/\/acana.com.pl\/karma\/wp-content\/uploads\/2020\/06\/biologicznie-odpowiednie-\u017cywienie-ps\u00f3w-sportowych.jpg","datePublished":"2020-06-09T11:35:52+00:00","dateModified":"2020-06-23T08:05:00+00:00","description":"Uwielbiasz rasy pierwotne? Marzy Ci si\u0119 Shiba Inu lub przedstawiciel innej rasy pierwotnej? Przeczytaj wywiad z Milen\u0105, autork\u0105 bloga Psia Matka.","breadcrumb":{"@id":"https:\/\/acana.com.pl\/karma\/o-rasach-pierwotnych-z-psia-matka\/#breadcrumb"},"inLanguage":"pl-PL","potentialAction":[{"@type":"ReadAction","target":["https:\/\/acana.com.pl\/karma\/o-rasach-pierwotnych-z-psia-matka\/"]}]},{"@type":"ImageObject","inLanguage":"pl-PL","@id":"https:\/\/acana.com.pl\/karma\/o-rasach-pierwotnych-z-psia-matka\/#primaryimage","url":"https:\/\/acana.com.pl\/karma\/wp-content\/uploads\/2020\/06\/biologicznie-odpowiednie-\u017cywienie-ps\u00f3w-sportowych.jpg","contentUrl":"https:\/\/acana.com.pl\/karma\/wp-content\/uploads\/2020\/06\/biologicznie-odpowiednie-\u017cywienie-ps\u00f3w-sportowych.jpg","width":1213,"height":537,"caption":"biologicznie-odpowiednie-\u017cywienie-rasy-pierwotne"},{"@type":"BreadcrumbList","@id":"https:\/\/acana.com.pl\/karma\/o-rasach-pierwotnych-z-psia-matka\/#breadcrumb","itemListElement":[{"@type":"ListItem","position":1,"name":"Strona g\u0142\u00f3wna","item":"https:\/\/acana.com.pl\/karma\/"},{"@type":"ListItem","position":2,"name":"Rasy pierwotne &#8211; Psia Matka o \u017cyciu z Shiba Inu"}]},{"@type":"WebSite","@id":"https:\/\/acana.com.pl\/karma\/#website","url":"https:\/\/acana.com.pl\/karma\/","name":"Blog Acana Polska","description":"","publisher":{"@id":"https:\/\/acana.com.pl\/karma\/#organization"},"potentialAction":[{"@type":"SearchAction","target":{"@type":"EntryPoint","urlTemplate":"https:\/\/acana.com.pl\/karma\/?s={search_term_string}"},"query-input":{"@type":"PropertyValueSpecification","valueRequired":true,"valueName":"search_term_string"}}],"inLanguage":"pl-PL"},{"@type":"Organization","@id":"https:\/\/acana.com.pl\/karma\/#organization","name":"ACANA POLSKA Sp. z o.o. Sp. K.","url":"https:\/\/acana.com.pl\/karma\/","logo":{"@type":"ImageObject","inLanguage":"pl-PL","@id":"https:\/\/acana.com.pl\/karma\/#\/schema\/logo\/image\/","url":"https:\/\/acana.com.pl\/karma\/wp-content\/uploads\/2018\/02\/logo-Acana-1.png","contentUrl":"https:\/\/acana.com.pl\/karma\/wp-content\/uploads\/2018\/02\/logo-Acana-1.png","width":154,"height":74,"caption":"ACANA POLSKA Sp. z o.o. Sp. K."},"image":{"@id":"https:\/\/acana.com.pl\/karma\/#\/schema\/logo\/image\/"},"sameAs":["https:\/\/www.facebook.com\/acanapolska\/"]},{"@type":"Person","@id":"https:\/\/acana.com.pl\/karma\/#\/schema\/person\/97dda884f1050b0c23c3f8b6008b8a9a","name":"Aneta Urbaniak","image":{"@type":"ImageObject","inLanguage":"pl-PL","@id":"https:\/\/secure.gravatar.com\/avatar\/fb5da9bf0d6a85641ec2ba99f4c3f3a4f970ad4002875a59509b37db9477f1b4?s=96&d=mm&r=g","url":"https:\/\/secure.gravatar.com\/avatar\/fb5da9bf0d6a85641ec2ba99f4c3f3a4f970ad4002875a59509b37db9477f1b4?s=96&d=mm&r=g","contentUrl":"https:\/\/secure.gravatar.com\/avatar\/fb5da9bf0d6a85641ec2ba99f4c3f3a4f970ad4002875a59509b37db9477f1b4?s=96&d=mm&r=g","caption":"Aneta Urbaniak"},"url":"https:\/\/acana.com.pl\/karma\/author\/aneta\/"}]}},"_links":{"self":[{"href":"https:\/\/acana.com.pl\/karma\/wp-json\/wp\/v2\/posts\/11210","targetHints":{"allow":["GET"]}}],"collection":[{"href":"https:\/\/acana.com.pl\/karma\/wp-json\/wp\/v2\/posts"}],"about":[{"href":"https:\/\/acana.com.pl\/karma\/wp-json\/wp\/v2\/types\/post"}],"author":[{"embeddable":true,"href":"https:\/\/acana.com.pl\/karma\/wp-json\/wp\/v2\/users\/14"}],"replies":[{"embeddable":true,"href":"https:\/\/acana.com.pl\/karma\/wp-json\/wp\/v2\/comments?post=11210"}],"version-history":[{"count":0,"href":"https:\/\/acana.com.pl\/karma\/wp-json\/wp\/v2\/posts\/11210\/revisions"}],"wp:featuredmedia":[{"embeddable":true,"href":"https:\/\/acana.com.pl\/karma\/wp-json\/wp\/v2\/media\/11211"}],"wp:attachment":[{"href":"https:\/\/acana.com.pl\/karma\/wp-json\/wp\/v2\/media?parent=11210"}],"wp:term":[{"taxonomy":"category","embeddable":true,"href":"https:\/\/acana.com.pl\/karma\/wp-json\/wp\/v2\/categories?post=11210"},{"taxonomy":"post_tag","embeddable":true,"href":"https:\/\/acana.com.pl\/karma\/wp-json\/wp\/v2\/tags?post=11210"}],"curies":[{"name":"wp","href":"https:\/\/api.w.org\/{rel}","templated":true}]}}