{"id":11410,"date":"2020-09-09T13:26:37","date_gmt":"2020-09-09T11:26:37","guid":{"rendered":"https:\/\/acana.com.pl\/karma\/?p=11410"},"modified":"2021-05-05T15:58:38","modified_gmt":"2021-05-05T13:58:38","slug":"warzywa-i-owoce-w-diecie-psa","status":"publish","type":"post","link":"https:\/\/acana.com.pl\/karma\/warzywa-i-owoce-w-diecie-psa\/","title":{"rendered":"Warzywa i owoce w diecie psa &#8211; po co?"},"content":{"rendered":"<p style=\"text-align: justify;\">Chocia\u017c nie mamy \u017cadnych w\u0105tpliwo\u015bci, \u017ce psy to urodzeni \u0142owcy, a mi\u0119so\u017cerno\u015b\u0107 jest zapisana w ich DNA, to wiemy, \u017ce \u015bwie\u017ce owoce i warzywa r\u00f3wnie\u017c s\u0105 wymogiem \u017cywieniowym ps\u00f3w. Dlaczego? To naturalne \u017ar\u00f3d\u0142a w\u0142\u00f3kien i antyoksydant\u00f3w. Pami\u0119taj wi\u0119c, \u017ce warzywa i owoce nie s\u0105 zb\u0119dne w misce genetycznych kuzyn\u00f3w wilka szarego. W\u0142a\u015bnie dlatego w Jedzeniu <a href=\"https:\/\/sklep.acana.com.pl\/68-orijen-dla-psa\" target=\"_blank\" rel=\"noopener noreferrer\">ORIJEN<\/a> i <a href=\"https:\/\/sklep.acana.com.pl\/5-sucha-karma-dla-psa?q=Kategorie-ACANA+dla+psa\" target=\"_blank\" rel=\"noopener noreferrer\">ACANA<\/a> Tw\u00f3j pies znajdzie \u015bwie\u017ce warzywa i owoce w odpowiednich proporcjach wzgl\u0119dem sk\u0142adnik\u00f3w mi\u0119snych &#8211; aby dostarczy\u0107 mu tego, czego jego organizm potrzebuje.&nbsp;<\/p>\n<h2>Owoce w ORIJEN i ACANA<\/h2>\n<p style=\"text-align: justify;\">W opakowaniu jedzenia dla Twojego psa zamykamy regionalne owoce i warzywa, kt\u00f3re dostarczane s\u0105 \u015bwie\u017ce ze s\u0142onecznych sad\u00f3w i dolin Okanagan i Fraser w kanadyjskim regionie Alberta. Nasi zaufani dostawcy uprawiaj\u0105 je na doskona\u0142ych czarnoziemach, bez stosowania oprysk\u00f3w, stymulator\u00f3w wzrostu i plonowania. Sprzyjaj\u0105ce warunki geograficzne pozwalaj\u0105 im na prowadzenie okaza\u0142ych upraw. Dzi\u0119ki temu otrzymywane efekty to nieustannie wspania\u0142e i warto\u015bciowe od\u017cywczo po\u017cywienie.&nbsp;<\/p>\n<p style=\"text-align: justify;\">\u015awie\u017ce owoce dostarczaj\u0105 wa\u017cnych witamin i sk\u0142adnik\u00f3w od\u017cywczych w naturalnej, \u0142atwo przyswajalnej formie. Dlatego nasze owoce nie zawieraj\u0105 \u017cadnych sztucznych konserwant\u00f3w. Jab\u0142ka Red Delicious s\u0105 wyj\u0105tkowo chrupi\u0105ce, soczyste i s\u0142odkie. Kremowe, delikatne i soczyste gruszki Bartlett urzekaj\u0105 s\u0142odkim korzennym aromatem. Dojrzewaj\u0105 d\u0142ugo w sk\u0105panych s\u0142o\u0144cem sadach doliny Okanagan, a nast\u0119pnie w ca\u0142o\u015bci trafiaj\u0105 do Biologicznie Odpowiedniego Jedzenia.&nbsp;<\/p>\n<h2>Warzywa w ORIJEN i ACANA<\/h2>\n<p style=\"text-align: justify;\">Dok\u0142adnie tak samo post\u0119pujemy w przypadku warzyw. Do naszego jedzenia dodajemy wy\u0142\u0105cznie ca\u0142e warzywa uprawiane na lokalnych farmach preriowych. \u015awie\u017ce, bez konserwant\u00f3w i pe\u0142ne naturalnych przeciwutleniaczy wzbogacaj\u0105 <a href=\"https:\/\/sklep.acana.com.pl\/68-orijen-dla-psa\" target=\"_blank\" rel=\"noopener noreferrer\">ORIJEN<\/a> i <a href=\"https:\/\/sklep.acana.com.pl\/5-sucha-karma-dla-psa?q=Kategorie-ACANA+dla+psa\" target=\"_blank\" rel=\"noopener noreferrer\">ACANA<\/a> o witaminy i antyoksydanty.&nbsp;<\/p>\n<p style=\"text-align: justify;\">Nie bez przyczyny wybieramy takie, a nie inne warzywa dla Twojego psa. Dynia, dynia pi\u017cmowa czy marchew z farm preriowych Alberty doskonale reguluj\u0105 prac\u0119 uk\u0142adu pokarmowego. U\u0142atwiaj\u0105 trawienie pokarmu psom i pozytywnie wp\u0142ywaj\u0105 na prac\u0119 gruczo\u0142\u00f3w oko\u0142oodbytowych (zw\u0142aszcza marchew!). Dynia jest bogata w witaminy i minera\u0142y, szczeg\u00f3lnie cynk. Z kolei dynia pi\u017cmowa wzmacnia odporno\u015b\u0107 organizmu i jest doskona\u0142ym \u017ar\u00f3d\u0142em antyoksydant\u00f3w. Marchew to r\u00f3wnie\u017c bogactwo witamin wspieraj\u0105cych odporno\u015b\u0107 oraz wzrok i sk\u00f3r\u0119 psa. Dynie i marchew zawieraj\u0105 ma\u0142o t\u0142uszczu, a tym samym kalorii. To sprawia, \u017ce idealnie sprawdzaj\u0105 si\u0119 w karmach dla ps\u00f3w, nie tucz\u0105c Twojego pupila, lecz zdrowo go od\u017cywiaj\u0105c.&nbsp;<\/p>\n<p style=\"text-align: justify;\">Zielone cz\u0119\u015bci warzyw, kt\u00f3re trafiaj\u0105 do naszego jedzenia, uprawiane s\u0105 w dolinie Fraser w Kolumbii Brytyjskiej. Pasternak, jarmu\u017c, szpinak, kapusta sitowata i li\u015bcie rzepy zawieraj\u0105 du\u017ce ilo\u015bci potasu i witaminy B6, dla jeszcze wi\u0119kszej odporno\u015bci i wzmocnienia si\u0142 witalnych Twojego psa.&nbsp;<\/p>\n<h2>Warzywa dla psa zamiast ry\u017cu, owoce dla psa zamiast tapioki<\/h2>\n<p style=\"text-align: justify;\">Zgodnie z nasz\u0105 <a href=\"https:\/\/acana.com.pl\/karma\/biologicznie-odpowiednia-filozofia-zywienia\/\" target=\"_blank\" rel=\"noopener noreferrer\">Biologicznie Odpowiedni\u0105 Filozofi\u0105 \u017cywienia<\/a>, w jedzeniu ORIJEN i ACANA ograniczamy zawarto\u015b\u0107 w\u0119glowodan\u00f3w. Nie nale\u017c\u0105 one do naturalnego zapotrzebowania \u017cywieniowego ps\u00f3w. Powszechne w komercyjnych karmach dla ps\u00f3w, szybko rozk\u0142adalne w\u0119glowodany &#8211; jak ry\u017c, tapioka, ziemniaki &#8211; zast\u0119pujemy niskoglikemicznymi owocami i warzywami. Po co?<\/p>\n<p style=\"text-align: justify;\">Bo naturalna dieta ps\u00f3w zawiera bardzo ma\u0142o w\u0119glowodan\u00f3w, a ich wyra\u017ana <a href=\"https:\/\/acana.com.pl\/karma\/gdzie-sie-podzialy-weglowodany\/\" target=\"_blank\" rel=\"noopener noreferrer\">obecno\u015b\u0107 w tradycyjnych karmach<\/a> dla ps\u00f3w prowadzi do oty\u0142o\u015bci i cukrzycy. Nasze warzywa i owoce sprawiaj\u0105, \u017ce poziom glukozy we krwi ro\u015bnie powoli. Dzi\u0119ki temu unikamy gwa\u0142townego wzrostu poziomu cukru, co mo\u017ce wp\u0142ywa\u0107 na <a href=\"https:\/\/acana.com.pl\/karma\/zaburzenia-zachowania-a-dieta-psa\/\" target=\"_blank\" rel=\"noopener noreferrer\">zachowanie psa<\/a>, a tak\u017ce zmniejszamy stopie\u0144 magazynowania t\u0142uszczu, dbaj\u0105c o jego doskona\u0142\u0105 kondycj\u0119 na ka\u017cdym etapie \u017cycia.&nbsp;<\/p>\n","protected":false},"excerpt":{"rendered":"<p>Chocia\u017c nie mamy \u017cadnych w\u0105tpliwo\u015bci, \u017ce psy to urodzeni \u0142owcy, a mi\u0119so\u017cerno\u015b\u0107 jest zapisana w ich DNA, to wiemy, \u017ce \u015bwie\u017ce owoce i warzywa r\u00f3wnie\u017c s\u0105 wymogiem \u017cywieniowym ps\u00f3w. Dlaczego? To naturalne \u017ar\u00f3d\u0142a w\u0142\u00f3kien i antyoksydant\u00f3w. Pami\u0119taj wi\u0119c, \u017ce warzywa i owoce nie s\u0105 zb\u0119dne w misce genetycznych kuzyn\u00f3w wilka szarego. W\u0142a\u015bnie dlatego w Jedzeniu [&hellip;]<\/p>\n","protected":false},"author":14,"featured_media":11418,"comment_status":"closed","ping_status":"closed","sticky":false,"template":"","format":"standard","meta":{"_acf_changed":false,"_editorskit_title_hidden":false,"_editorskit_reading_time":0,"_editorskit_is_block_options_detached":false,"_editorskit_block_options_position":"{}","ngg_post_thumbnail":0,"footnotes":""},"categories":[199],"tags":[9,102,216,39,47,171,40,20,28,44,43,18,48,127,79],"class_list":["post-11410","post","type-post","status-publish","format-standard","has-post-thumbnail","hentry","category-poradnik","tag-acana","tag-acana-polska","tag-bafrino","tag-biologicznie-odpowiednie","tag-biologicznie-odpowiednie-jedzenie","tag-champion-petfoods","tag-karma-dla-psa","tag-karma-z-miesem","tag-najlepsza-karma","tag-najlepsza-karma-dla-psow","tag-najlepsze-jedzenie-dla-psow","tag-orijen","tag-pies-jest-miesozerca","tag-regionalne-skladniki","tag-zdrowe-jedzenie-dla-psa"],"acf":[],"yoast_head":"<!-- This site is optimized with the Yoast SEO Premium plugin v27.4 (Yoast SEO v27.4) - https:\/\/yoast.com\/product\/yoast-seo-premium-wordpress\/ -->\n<title>Warzywa i owoce w diecie psa - po co? - Blog Acana Polska<\/title>\n<meta name=\"description\" content=\"Czy owoce powinny znale\u017a\u0107 si\u0119 w psiej misce? Czy warzywa w diecie psa s\u0105 niezb\u0119dne? Zobacz, co poza mi\u0119sem powinno znale\u017a\u0107 si\u0119 w karmie.\" \/>\n<meta name=\"robots\" content=\"index, follow, max-snippet:-1, max-image-preview:large, max-video-preview:-1\" \/>\n<link rel=\"canonical\" href=\"https:\/\/acana.com.pl\/karma\/warzywa-i-owoce-w-diecie-psa\/\" \/>\n<meta property=\"og:locale\" content=\"pl_PL\" \/>\n<meta property=\"og:type\" content=\"article\" \/>\n<meta property=\"og:title\" content=\"Warzywa i owoce w diecie psa - po co?\" \/>\n<meta property=\"og:description\" content=\"Czy owoce powinny znale\u017a\u0107 si\u0119 w psiej misce? Czy warzywa w diecie psa s\u0105 niezb\u0119dne? Zobacz, co poza mi\u0119sem powinno znale\u017a\u0107 si\u0119 w karmie.\" \/>\n<meta property=\"og:url\" content=\"https:\/\/acana.com.pl\/karma\/warzywa-i-owoce-w-diecie-psa\/\" \/>\n<meta property=\"og:site_name\" content=\"Blog Acana Polska\" \/>\n<meta property=\"article:publisher\" content=\"https:\/\/www.facebook.com\/acanapolska\/\" \/>\n<meta property=\"article:published_time\" content=\"2020-09-09T11:26:37+00:00\" \/>\n<meta property=\"article:modified_time\" content=\"2021-05-05T13:58:38+00:00\" \/>\n<meta property=\"og:image\" content=\"https:\/\/acana.com.pl\/karma\/wp-content\/uploads\/2020\/09\/nie-dla-psa-salata.jpg\" \/>\n\t<meta property=\"og:image:width\" content=\"1213\" \/>\n\t<meta property=\"og:image:height\" content=\"537\" \/>\n\t<meta property=\"og:image:type\" content=\"image\/jpeg\" \/>\n<meta name=\"author\" content=\"Aneta Urbaniak\" \/>\n<meta name=\"twitter:card\" content=\"summary_large_image\" \/>\n<meta name=\"twitter:label1\" content=\"Napisane przez\" \/>\n\t<meta name=\"twitter:data1\" content=\"Aneta Urbaniak\" \/>\n\t<meta name=\"twitter:label2\" content=\"Szacowany czas czytania\" \/>\n\t<meta name=\"twitter:data2\" content=\"3 minuty\" \/>\n<script type=\"application\/ld+json\" class=\"yoast-schema-graph\">{\"@context\":\"https:\\\/\\\/schema.org\",\"@graph\":[{\"@type\":\"Article\",\"@id\":\"https:\\\/\\\/acana.com.pl\\\/karma\\\/warzywa-i-owoce-w-diecie-psa\\\/#article\",\"isPartOf\":{\"@id\":\"https:\\\/\\\/acana.com.pl\\\/karma\\\/warzywa-i-owoce-w-diecie-psa\\\/\"},\"author\":{\"name\":\"Aneta Urbaniak\",\"@id\":\"https:\\\/\\\/acana.com.pl\\\/karma\\\/#\\\/schema\\\/person\\\/97dda884f1050b0c23c3f8b6008b8a9a\"},\"headline\":\"Warzywa i owoce w diecie psa &#8211; po co?\",\"datePublished\":\"2020-09-09T11:26:37+00:00\",\"dateModified\":\"2021-05-05T13:58:38+00:00\",\"mainEntityOfPage\":{\"@id\":\"https:\\\/\\\/acana.com.pl\\\/karma\\\/warzywa-i-owoce-w-diecie-psa\\\/\"},\"wordCount\":634,\"publisher\":{\"@id\":\"https:\\\/\\\/acana.com.pl\\\/karma\\\/#organization\"},\"image\":{\"@id\":\"https:\\\/\\\/acana.com.pl\\\/karma\\\/warzywa-i-owoce-w-diecie-psa\\\/#primaryimage\"},\"thumbnailUrl\":\"https:\\\/\\\/acana.com.pl\\\/karma\\\/wp-content\\\/uploads\\\/2020\\\/09\\\/nie-dla-psa-salata.jpg\",\"keywords\":[\"Acana\",\"Acana Polska\",\"BAFRINO\",\"biologicznie odpowiednie\",\"biologicznie odpowiednie jedzenie\",\"Champion Petfoods\",\"karma dla psa\",\"karma z mi\u0119sem\",\"NAJLEPSZA KARMA\",\"najlepsza karma dla ps\u00f3w\",\"najlepsze jedzenie dla ps\u00f3w\",\"orijen\",\"pies jest mi\u0119so\u017cerc\u0105\",\"Regionalne sk\u0142adniki\",\"zdrowe jedzenie dla psa\"],\"articleSection\":[\"Poradnik\"],\"inLanguage\":\"pl-PL\"},{\"@type\":\"WebPage\",\"@id\":\"https:\\\/\\\/acana.com.pl\\\/karma\\\/warzywa-i-owoce-w-diecie-psa\\\/\",\"url\":\"https:\\\/\\\/acana.com.pl\\\/karma\\\/warzywa-i-owoce-w-diecie-psa\\\/\",\"name\":\"Warzywa i owoce w diecie psa - po co? - Blog Acana Polska\",\"isPartOf\":{\"@id\":\"https:\\\/\\\/acana.com.pl\\\/karma\\\/#website\"},\"primaryImageOfPage\":{\"@id\":\"https:\\\/\\\/acana.com.pl\\\/karma\\\/warzywa-i-owoce-w-diecie-psa\\\/#primaryimage\"},\"image\":{\"@id\":\"https:\\\/\\\/acana.com.pl\\\/karma\\\/warzywa-i-owoce-w-diecie-psa\\\/#primaryimage\"},\"thumbnailUrl\":\"https:\\\/\\\/acana.com.pl\\\/karma\\\/wp-content\\\/uploads\\\/2020\\\/09\\\/nie-dla-psa-salata.jpg\",\"datePublished\":\"2020-09-09T11:26:37+00:00\",\"dateModified\":\"2021-05-05T13:58:38+00:00\",\"description\":\"Czy owoce powinny znale\u017a\u0107 si\u0119 w psiej misce? Czy warzywa w diecie psa s\u0105 niezb\u0119dne? Zobacz, co poza mi\u0119sem powinno znale\u017a\u0107 si\u0119 w karmie.\",\"breadcrumb\":{\"@id\":\"https:\\\/\\\/acana.com.pl\\\/karma\\\/warzywa-i-owoce-w-diecie-psa\\\/#breadcrumb\"},\"inLanguage\":\"pl-PL\",\"potentialAction\":[{\"@type\":\"ReadAction\",\"target\":[\"https:\\\/\\\/acana.com.pl\\\/karma\\\/warzywa-i-owoce-w-diecie-psa\\\/\"]}]},{\"@type\":\"ImageObject\",\"inLanguage\":\"pl-PL\",\"@id\":\"https:\\\/\\\/acana.com.pl\\\/karma\\\/warzywa-i-owoce-w-diecie-psa\\\/#primaryimage\",\"url\":\"https:\\\/\\\/acana.com.pl\\\/karma\\\/wp-content\\\/uploads\\\/2020\\\/09\\\/nie-dla-psa-salata.jpg\",\"contentUrl\":\"https:\\\/\\\/acana.com.pl\\\/karma\\\/wp-content\\\/uploads\\\/2020\\\/09\\\/nie-dla-psa-salata.jpg\",\"width\":1213,\"height\":537,\"caption\":\"Warzywa i owoce w diecie psa - ORIJEN i ACANA\"},{\"@type\":\"BreadcrumbList\",\"@id\":\"https:\\\/\\\/acana.com.pl\\\/karma\\\/warzywa-i-owoce-w-diecie-psa\\\/#breadcrumb\",\"itemListElement\":[{\"@type\":\"ListItem\",\"position\":1,\"name\":\"Strona g\u0142\u00f3wna\",\"item\":\"https:\\\/\\\/acana.com.pl\\\/karma\\\/\"},{\"@type\":\"ListItem\",\"position\":2,\"name\":\"Warzywa i owoce w diecie psa &#8211; po co?\"}]},{\"@type\":\"WebSite\",\"@id\":\"https:\\\/\\\/acana.com.pl\\\/karma\\\/#website\",\"url\":\"https:\\\/\\\/acana.com.pl\\\/karma\\\/\",\"name\":\"Blog Acana Polska\",\"description\":\"\",\"publisher\":{\"@id\":\"https:\\\/\\\/acana.com.pl\\\/karma\\\/#organization\"},\"potentialAction\":[{\"@type\":\"SearchAction\",\"target\":{\"@type\":\"EntryPoint\",\"urlTemplate\":\"https:\\\/\\\/acana.com.pl\\\/karma\\\/?s={search_term_string}\"},\"query-input\":{\"@type\":\"PropertyValueSpecification\",\"valueRequired\":true,\"valueName\":\"search_term_string\"}}],\"inLanguage\":\"pl-PL\"},{\"@type\":\"Organization\",\"@id\":\"https:\\\/\\\/acana.com.pl\\\/karma\\\/#organization\",\"name\":\"ACANA POLSKA Sp. z o.o. Sp. K.\",\"url\":\"https:\\\/\\\/acana.com.pl\\\/karma\\\/\",\"logo\":{\"@type\":\"ImageObject\",\"inLanguage\":\"pl-PL\",\"@id\":\"https:\\\/\\\/acana.com.pl\\\/karma\\\/#\\\/schema\\\/logo\\\/image\\\/\",\"url\":\"https:\\\/\\\/acana.com.pl\\\/karma\\\/wp-content\\\/uploads\\\/2018\\\/02\\\/logo-Acana-1.png\",\"contentUrl\":\"https:\\\/\\\/acana.com.pl\\\/karma\\\/wp-content\\\/uploads\\\/2018\\\/02\\\/logo-Acana-1.png\",\"width\":154,\"height\":74,\"caption\":\"ACANA POLSKA Sp. z o.o. Sp. K.\"},\"image\":{\"@id\":\"https:\\\/\\\/acana.com.pl\\\/karma\\\/#\\\/schema\\\/logo\\\/image\\\/\"},\"sameAs\":[\"https:\\\/\\\/www.facebook.com\\\/acanapolska\\\/\"]},{\"@type\":\"Person\",\"@id\":\"https:\\\/\\\/acana.com.pl\\\/karma\\\/#\\\/schema\\\/person\\\/97dda884f1050b0c23c3f8b6008b8a9a\",\"name\":\"Aneta Urbaniak\",\"image\":{\"@type\":\"ImageObject\",\"inLanguage\":\"pl-PL\",\"@id\":\"https:\\\/\\\/secure.gravatar.com\\\/avatar\\\/fb5da9bf0d6a85641ec2ba99f4c3f3a4f970ad4002875a59509b37db9477f1b4?s=96&d=mm&r=g\",\"url\":\"https:\\\/\\\/secure.gravatar.com\\\/avatar\\\/fb5da9bf0d6a85641ec2ba99f4c3f3a4f970ad4002875a59509b37db9477f1b4?s=96&d=mm&r=g\",\"contentUrl\":\"https:\\\/\\\/secure.gravatar.com\\\/avatar\\\/fb5da9bf0d6a85641ec2ba99f4c3f3a4f970ad4002875a59509b37db9477f1b4?s=96&d=mm&r=g\",\"caption\":\"Aneta Urbaniak\"},\"url\":\"https:\\\/\\\/acana.com.pl\\\/karma\\\/author\\\/aneta\\\/\"}]}<\/script>\n<!-- \/ Yoast SEO Premium plugin. -->","yoast_head_json":{"title":"Warzywa i owoce w diecie psa - po co? - Blog Acana Polska","description":"Czy owoce powinny znale\u017a\u0107 si\u0119 w psiej misce? Czy warzywa w diecie psa s\u0105 niezb\u0119dne? Zobacz, co poza mi\u0119sem powinno znale\u017a\u0107 si\u0119 w karmie.","robots":{"index":"index","follow":"follow","max-snippet":"max-snippet:-1","max-image-preview":"max-image-preview:large","max-video-preview":"max-video-preview:-1"},"canonical":"https:\/\/acana.com.pl\/karma\/warzywa-i-owoce-w-diecie-psa\/","og_locale":"pl_PL","og_type":"article","og_title":"Warzywa i owoce w diecie psa - po co?","og_description":"Czy owoce powinny znale\u017a\u0107 si\u0119 w psiej misce? Czy warzywa w diecie psa s\u0105 niezb\u0119dne? Zobacz, co poza mi\u0119sem powinno znale\u017a\u0107 si\u0119 w karmie.","og_url":"https:\/\/acana.com.pl\/karma\/warzywa-i-owoce-w-diecie-psa\/","og_site_name":"Blog Acana Polska","article_publisher":"https:\/\/www.facebook.com\/acanapolska\/","article_published_time":"2020-09-09T11:26:37+00:00","article_modified_time":"2021-05-05T13:58:38+00:00","og_image":[{"width":1213,"height":537,"url":"https:\/\/acana.com.pl\/karma\/wp-content\/uploads\/2020\/09\/nie-dla-psa-salata.jpg","type":"image\/jpeg"}],"author":"Aneta Urbaniak","twitter_card":"summary_large_image","twitter_misc":{"Napisane przez":"Aneta Urbaniak","Szacowany czas czytania":"3 minuty"},"schema":{"@context":"https:\/\/schema.org","@graph":[{"@type":"Article","@id":"https:\/\/acana.com.pl\/karma\/warzywa-i-owoce-w-diecie-psa\/#article","isPartOf":{"@id":"https:\/\/acana.com.pl\/karma\/warzywa-i-owoce-w-diecie-psa\/"},"author":{"name":"Aneta Urbaniak","@id":"https:\/\/acana.com.pl\/karma\/#\/schema\/person\/97dda884f1050b0c23c3f8b6008b8a9a"},"headline":"Warzywa i owoce w diecie psa &#8211; po co?","datePublished":"2020-09-09T11:26:37+00:00","dateModified":"2021-05-05T13:58:38+00:00","mainEntityOfPage":{"@id":"https:\/\/acana.com.pl\/karma\/warzywa-i-owoce-w-diecie-psa\/"},"wordCount":634,"publisher":{"@id":"https:\/\/acana.com.pl\/karma\/#organization"},"image":{"@id":"https:\/\/acana.com.pl\/karma\/warzywa-i-owoce-w-diecie-psa\/#primaryimage"},"thumbnailUrl":"https:\/\/acana.com.pl\/karma\/wp-content\/uploads\/2020\/09\/nie-dla-psa-salata.jpg","keywords":["Acana","Acana Polska","BAFRINO","biologicznie odpowiednie","biologicznie odpowiednie jedzenie","Champion Petfoods","karma dla psa","karma z mi\u0119sem","NAJLEPSZA KARMA","najlepsza karma dla ps\u00f3w","najlepsze jedzenie dla ps\u00f3w","orijen","pies jest mi\u0119so\u017cerc\u0105","Regionalne sk\u0142adniki","zdrowe jedzenie dla psa"],"articleSection":["Poradnik"],"inLanguage":"pl-PL"},{"@type":"WebPage","@id":"https:\/\/acana.com.pl\/karma\/warzywa-i-owoce-w-diecie-psa\/","url":"https:\/\/acana.com.pl\/karma\/warzywa-i-owoce-w-diecie-psa\/","name":"Warzywa i owoce w diecie psa - po co? - Blog Acana Polska","isPartOf":{"@id":"https:\/\/acana.com.pl\/karma\/#website"},"primaryImageOfPage":{"@id":"https:\/\/acana.com.pl\/karma\/warzywa-i-owoce-w-diecie-psa\/#primaryimage"},"image":{"@id":"https:\/\/acana.com.pl\/karma\/warzywa-i-owoce-w-diecie-psa\/#primaryimage"},"thumbnailUrl":"https:\/\/acana.com.pl\/karma\/wp-content\/uploads\/2020\/09\/nie-dla-psa-salata.jpg","datePublished":"2020-09-09T11:26:37+00:00","dateModified":"2021-05-05T13:58:38+00:00","description":"Czy owoce powinny znale\u017a\u0107 si\u0119 w psiej misce? Czy warzywa w diecie psa s\u0105 niezb\u0119dne? Zobacz, co poza mi\u0119sem powinno znale\u017a\u0107 si\u0119 w karmie.","breadcrumb":{"@id":"https:\/\/acana.com.pl\/karma\/warzywa-i-owoce-w-diecie-psa\/#breadcrumb"},"inLanguage":"pl-PL","potentialAction":[{"@type":"ReadAction","target":["https:\/\/acana.com.pl\/karma\/warzywa-i-owoce-w-diecie-psa\/"]}]},{"@type":"ImageObject","inLanguage":"pl-PL","@id":"https:\/\/acana.com.pl\/karma\/warzywa-i-owoce-w-diecie-psa\/#primaryimage","url":"https:\/\/acana.com.pl\/karma\/wp-content\/uploads\/2020\/09\/nie-dla-psa-salata.jpg","contentUrl":"https:\/\/acana.com.pl\/karma\/wp-content\/uploads\/2020\/09\/nie-dla-psa-salata.jpg","width":1213,"height":537,"caption":"Warzywa i owoce w diecie psa - ORIJEN i ACANA"},{"@type":"BreadcrumbList","@id":"https:\/\/acana.com.pl\/karma\/warzywa-i-owoce-w-diecie-psa\/#breadcrumb","itemListElement":[{"@type":"ListItem","position":1,"name":"Strona g\u0142\u00f3wna","item":"https:\/\/acana.com.pl\/karma\/"},{"@type":"ListItem","position":2,"name":"Warzywa i owoce w diecie psa &#8211; po co?"}]},{"@type":"WebSite","@id":"https:\/\/acana.com.pl\/karma\/#website","url":"https:\/\/acana.com.pl\/karma\/","name":"Blog Acana Polska","description":"","publisher":{"@id":"https:\/\/acana.com.pl\/karma\/#organization"},"potentialAction":[{"@type":"SearchAction","target":{"@type":"EntryPoint","urlTemplate":"https:\/\/acana.com.pl\/karma\/?s={search_term_string}"},"query-input":{"@type":"PropertyValueSpecification","valueRequired":true,"valueName":"search_term_string"}}],"inLanguage":"pl-PL"},{"@type":"Organization","@id":"https:\/\/acana.com.pl\/karma\/#organization","name":"ACANA POLSKA Sp. z o.o. Sp. K.","url":"https:\/\/acana.com.pl\/karma\/","logo":{"@type":"ImageObject","inLanguage":"pl-PL","@id":"https:\/\/acana.com.pl\/karma\/#\/schema\/logo\/image\/","url":"https:\/\/acana.com.pl\/karma\/wp-content\/uploads\/2018\/02\/logo-Acana-1.png","contentUrl":"https:\/\/acana.com.pl\/karma\/wp-content\/uploads\/2018\/02\/logo-Acana-1.png","width":154,"height":74,"caption":"ACANA POLSKA Sp. z o.o. Sp. K."},"image":{"@id":"https:\/\/acana.com.pl\/karma\/#\/schema\/logo\/image\/"},"sameAs":["https:\/\/www.facebook.com\/acanapolska\/"]},{"@type":"Person","@id":"https:\/\/acana.com.pl\/karma\/#\/schema\/person\/97dda884f1050b0c23c3f8b6008b8a9a","name":"Aneta Urbaniak","image":{"@type":"ImageObject","inLanguage":"pl-PL","@id":"https:\/\/secure.gravatar.com\/avatar\/fb5da9bf0d6a85641ec2ba99f4c3f3a4f970ad4002875a59509b37db9477f1b4?s=96&d=mm&r=g","url":"https:\/\/secure.gravatar.com\/avatar\/fb5da9bf0d6a85641ec2ba99f4c3f3a4f970ad4002875a59509b37db9477f1b4?s=96&d=mm&r=g","contentUrl":"https:\/\/secure.gravatar.com\/avatar\/fb5da9bf0d6a85641ec2ba99f4c3f3a4f970ad4002875a59509b37db9477f1b4?s=96&d=mm&r=g","caption":"Aneta Urbaniak"},"url":"https:\/\/acana.com.pl\/karma\/author\/aneta\/"}]}},"_links":{"self":[{"href":"https:\/\/acana.com.pl\/karma\/wp-json\/wp\/v2\/posts\/11410","targetHints":{"allow":["GET"]}}],"collection":[{"href":"https:\/\/acana.com.pl\/karma\/wp-json\/wp\/v2\/posts"}],"about":[{"href":"https:\/\/acana.com.pl\/karma\/wp-json\/wp\/v2\/types\/post"}],"author":[{"embeddable":true,"href":"https:\/\/acana.com.pl\/karma\/wp-json\/wp\/v2\/users\/14"}],"replies":[{"embeddable":true,"href":"https:\/\/acana.com.pl\/karma\/wp-json\/wp\/v2\/comments?post=11410"}],"version-history":[{"count":0,"href":"https:\/\/acana.com.pl\/karma\/wp-json\/wp\/v2\/posts\/11410\/revisions"}],"wp:featuredmedia":[{"embeddable":true,"href":"https:\/\/acana.com.pl\/karma\/wp-json\/wp\/v2\/media\/11418"}],"wp:attachment":[{"href":"https:\/\/acana.com.pl\/karma\/wp-json\/wp\/v2\/media?parent=11410"}],"wp:term":[{"taxonomy":"category","embeddable":true,"href":"https:\/\/acana.com.pl\/karma\/wp-json\/wp\/v2\/categories?post=11410"},{"taxonomy":"post_tag","embeddable":true,"href":"https:\/\/acana.com.pl\/karma\/wp-json\/wp\/v2\/tags?post=11410"}],"curies":[{"name":"wp","href":"https:\/\/api.w.org\/{rel}","templated":true}]}}