{"id":11496,"date":"2020-11-09T08:18:36","date_gmt":"2020-11-09T07:18:36","guid":{"rendered":"https:\/\/acana.com.pl\/karma\/?p=11496"},"modified":"2020-11-09T08:19:29","modified_gmt":"2020-11-09T07:19:29","slug":"podroze-z-psami-makulscy","status":"publish","type":"post","link":"https:\/\/acana.com.pl\/karma\/podroze-z-psami-makulscy\/","title":{"rendered":"Podr\u00f3\u017ce z psami wed\u0142ug Aleks Makulskiej"},"content":{"rendered":"<p style=\"text-align: justify;\"><strong><em>Wi\u0119cej w\u0119druj, mniej si\u0119 martw<\/em><\/strong> &#8211; zwyk\u0142a mawia\u0107 Aleks Makulska, kt\u00f3ra razem z m\u0119\u017cem Micha\u0142em oraz psami Boles\u0142awem i Florentyn\u0105 (a wcze\u015bniej tak\u017ce z Lu\u015bk\u0105), prowadzi bloga <a href=\"https:\/\/makulscy.com\/\" target=\"_blank\" rel=\"noopener noreferrer\">makulscy.com<\/a>.&nbsp;<\/p>\n<p style=\"text-align: justify;\">Pisz\u0105 o podr\u00f3\u017cach udowadniaj\u0105c, \u017ce to mo\u017cliwe, aby prze\u017cywa\u0107 je z psami! Przez ponad 5 lat zwiedzili wsp\u00f3lnie m.in. Dolomity, Alpy, Bornholm, Korsyk\u0119, Norwegi\u0119, Dani\u0119, Francj\u0119, Szwajcari\u0119, Austri\u0119, Niemcy i Finlandi\u0119. Dzi\u015b Aleks opowiada nam o adopcji ps\u00f3w, nowym \u017cyciu i wyzwaniach w psio-ludzkich podr\u00f3\u017cach.&nbsp;<\/p>\n<h2><span style=\"color: #800000;\">Nowe \u017cycie<\/span><\/h2>\n<h3 style=\"text-align: justify;\"><span style=\"color: #800000;\">Jak to si\u0119 sta\u0142o, \u017ce w Waszym \u017cyciu pojawi\u0142y si\u0119 psy? Dlaczego wybrali\u015bcie drog\u0119 adopcji?<\/span><\/h3>\n<p style=\"text-align: justify;\"><a href=\"https:\/\/acana.com.pl\/karma\/podroze-z-psami-makulscy\/dsc03420_1-min\/\" rel=\"attachment wp-att-11500\"><img loading=\"lazy\" decoding=\"async\" class=\"alignright wp-image-11500 size-medium\" src=\"https:\/\/acana.com.pl\/karma\/wp-content\/uploads\/2020\/10\/DSC03420_1-min-300x200.jpg\" alt=\"Aleksandra Makulska, autorka bloga makulscy.com\" width=\"300\" height=\"200\" srcset=\"https:\/\/acana.com.pl\/karma\/wp-content\/uploads\/2020\/10\/DSC03420_1-min-300x200.jpg 300w, https:\/\/acana.com.pl\/karma\/wp-content\/uploads\/2020\/10\/DSC03420_1-min-1024x683.jpg 1024w, https:\/\/acana.com.pl\/karma\/wp-content\/uploads\/2020\/10\/DSC03420_1-min-768x512.jpg 768w, https:\/\/acana.com.pl\/karma\/wp-content\/uploads\/2020\/10\/DSC03420_1-min-1536x1024.jpg 1536w, https:\/\/acana.com.pl\/karma\/wp-content\/uploads\/2020\/10\/DSC03420_1-min-2048x1365.jpg 2048w\" sizes=\"auto, (max-width: 300px) 100vw, 300px\" \/><\/a>Odk\u0105d pami\u0119tam marzy\u0142am o dzieleniu \u017cycia z psem, ale zawsze na drodze sta\u0142o jakie\u015b &#8220;ale&#8221;. Najpierw sprzeciw rodzic\u00f3w, potem anga\u017cuj\u0105ce studia, a\u017c w ko\u0144cu praca i cz\u0119ste wyjazdy. Ca\u0142e dnie sp\u0119dzali\u015bmy z Micha\u0142em poza domem, \u017cyli\u015bmy od weekendu do weekendu, od urlopu do urlopu. I z ka\u017cdym kolejnym rokiem czuli\u015bmy si\u0119 coraz gorzej. Mieli\u015bmy wra\u017cenie, \u017ce <strong>\u017cycie przecieka nam przez palce<\/strong>, a nasze marzenia i plany stopniowo po\u017cera szara rzeczywisto\u015b\u0107. Powoli gubili\u015bmy si\u0119 i byli\u015bmy coraz mniej sob\u0105. Na szcz\u0119\u015bcie w por\u0119 zrozumieli\u015bmy, \u017ce CO\u015a musimy zmieni\u0107 i wtedy <strong>marzenie o psie wr\u00f3ci\u0142o do mnie ze zdwojon\u0105 si\u0142\u0105<\/strong>. Razem zadecydowali\u015bmy, \u017ce pierwszym krokiem do zmian b\u0119dzie w\u0142a\u015bnie adopcja psa. Nigdy nie my\u015bleli\u015bmy o kupnie psiaka.&nbsp;<\/p>\n<p style=\"text-align: justify;\">Pami\u0119tam bardzo dobrze t\u0119 czerwcow\u0105, upaln\u0105 niedziel\u0119, gdy pojechali\u015bmy we dw\u00f3jk\u0119 do Schroniska na Paluchu, i pami\u0119tam ogromne emocje i wielkie szcz\u0119\u015bcie, gdy par\u0119 godzin p\u00f3\u017aniej wracali\u015bmy z nasz\u0105 Lusi\u0105 do domu. To by\u0142 moment, w kt\u00f3rym <strong>nasze \u017cycie zmieni\u0142o si\u0119 o 180 stopni<\/strong>. Zrozumieli\u015bmy, co jest dla nas najwa\u017cniejsze i jak chcemy zmieni\u0107 nasze \u017cycie, \u017ceby nie traci\u0107 czasu na prac\u0119, kt\u00f3rej powoli obydwoje nie znosili\u015bmy.&nbsp;<\/p>\n<p style=\"text-align: justify;\">Przekwalifikowali\u015bmy si\u0119 i obydwoje zacz\u0119li\u015bmy pracowa\u0107 zdalnie. Od\u017cyli\u015bmy, zacz\u0119li\u015bmy wi\u0119cej podr\u00f3\u017cowa\u0107 i przestali\u015bmy budzi\u0107 si\u0119 w b\u00f3lem brzucha w poniedzia\u0142ek rano. Trzy lata po adopcji Lusi byli\u015bmy w zupe\u0142nie innym miejscu w \u017cyciu, <strong>w ko\u0144cu szcz\u0119\u015bliwi<\/strong>. To ona by\u0142a nasz\u0105 iskierk\u0105 i pocz\u0105tkiem wszystkich zmian.&nbsp;<\/p>\n<h3 style=\"text-align: justify;\"><span style=\"color: #800000;\">Opowiedz nam o swoich najwierniejszych towarzyszach &#8211; Boles\u0142awie i Florentynce.<\/span><\/h3>\n<p><img loading=\"lazy\" decoding=\"async\" class=\"alignleft wp-image-11497 size-medium\" style=\"font-size: 16px; text-align: justify;\" src=\"https:\/\/acana.com.pl\/karma\/wp-content\/uploads\/2020\/10\/DSC03048_1-2-min-300x200.jpg\" alt=\"Aleksandra Makulska z Boles\u0142awem i Florentyn\u0105\" width=\"300\" height=\"200\" srcset=\"https:\/\/acana.com.pl\/karma\/wp-content\/uploads\/2020\/10\/DSC03048_1-2-min-300x200.jpg 300w, https:\/\/acana.com.pl\/karma\/wp-content\/uploads\/2020\/10\/DSC03048_1-2-min-1024x683.jpg 1024w, https:\/\/acana.com.pl\/karma\/wp-content\/uploads\/2020\/10\/DSC03048_1-2-min-768x512.jpg 768w, https:\/\/acana.com.pl\/karma\/wp-content\/uploads\/2020\/10\/DSC03048_1-2-min-1536x1024.jpg 1536w, https:\/\/acana.com.pl\/karma\/wp-content\/uploads\/2020\/10\/DSC03048_1-2-min-2048x1365.jpg 2048w\" sizes=\"auto, (max-width: 300px) 100vw, 300px\" \/><\/p>\n<p style=\"text-align: justify;\">Boles\u0142aw i Florka s\u0105 z nami od oko\u0142o roku. Pojawili si\u0119 w naszym \u017cyciu, gdy los zdecydowa\u0142 zabra\u0107 nam Lusi\u0119. <strong>I uratowali nam \u017cycie<\/strong>. Pomogli nam pozbiera\u0107 si\u0119 po olbrzymiej stracie. Ponownie, dzi\u0119ki kud\u0142atej, psiej duszy stan\u0119li\u015bmy na nogi.&nbsp;<\/p>\n<p style=\"text-align: justify;\">Po Bolka pojechali\u015bmy pod Pozna\u0144 do cudownego domu tymczasowego, kt\u00f3ry opiekowa\u0142 si\u0119 nim od chwili, gdy jako szczeniak zosta\u0142 znaleziony w lesie, przywi\u0105zany do drzewa. Florentyn\u0119 adoptowali\u015bmy ze Schroniska w Toruniu. Jest mi\u0119dzy nimi oko\u0142o p\u00f3\u0142 roku r\u00f3\u017cnicy &#8211; Bolek jest m\u0142odszy. Fizycznie s\u0105 do siebie bardzo podobni, <strong>charaktery maj\u0105 r\u00f3\u017cne<\/strong>, ale dogaduj\u0105 si\u0119 \u015bwietnie. Uwielbiam patrze\u0107, jak razem szalej\u0105, jak bawi\u0105 si\u0119 i zasypiaj\u0105 przytuleni (czasem:)) Obydwoje lubi\u0105 podr\u00f3\u017cowa\u0107, nie maj\u0105 problem\u00f3w z jazd\u0105 samochodem. Szybko adaptuj\u0105 si\u0119 w nowych miejscach.&nbsp;<\/p>\n<h2>&nbsp;<\/h2>\n<h2><span style=\"color: #800000;\">Podr\u00f3\u017ce z psami<\/span><\/h2>\n<h3 style=\"text-align: justify;\"><span style=\"color: #800000;\">Czym s\u0105 dla Was podr\u00f3\u017ce? Czy zanim pojawi\u0142o si\u0119 kud\u0142ate towarzystwo, podr\u00f3\u017ce r\u00f3wnie\u017c by\u0142y Wasz\u0105 pasj\u0105?<\/span><\/h3>\n<p style=\"text-align: justify;\">Tak, od zawsze kochali\u015bmy podr\u00f3\u017cowa\u0107, chocia\u017c z czasem zmieni\u0142 si\u0119 pow\u00f3d dla kt\u00f3rego ruszamy w drog\u0119. Kiedy\u015b chcieli\u015bmy je\u017adzi\u0107 w nowe miejsca, jak najwi\u0119cej zobaczy\u0107, jak najwi\u0119cej do\u015bwiadczy\u0107. <strong>Teraz szukamy odludnych miejsc<\/strong>, uciekamy do las\u00f3w, nad jeziora, nad morze poza sezonem. Uwielbiamy je\u017adzi\u0107 na p\u00f3\u0142noc Europy. <strong>W Finlandii byli\u015bmy ju\u017c trzy razy<\/strong> i na pewno jeszcze wr\u00f3cimy. Bardzo lubimy je\u017adzi\u0107 do Danii, kochamy Bornholm, Norwegi\u0119 i Puszcz\u0119 Bia\u0142owiesk\u0105. Podr\u00f3\u017ce to dla nas odpoczynek, odskocznia, czas na oczyszczenie g\u0142owy i pobycie razem.&nbsp;<\/p>\n<h3 style=\"text-align: justify;\"><span style=\"color: #800000;\">Czy podr\u00f3\u017cowanie z psi\u0105 ekip\u0105 smakuje inaczej?<\/span><\/h3>\n<p style=\"text-align: justify;\">Smakuje po prostu o wiele lepiej! :)) Nie wyobra\u017cam sobie podr\u00f3\u017cy bez nich. <strong>Jeste\u015bmy rodzin\u0105<\/strong> i zawsze razem podr\u00f3\u017cujemy.&nbsp;<\/p>\n<h3 style=\"text-align: justify;\"><span style=\"color: #800000;\">To jasne, \u017ce podr\u00f3\u017c mo\u017ce okaza\u0107 si\u0119 trudna, d\u0142uga czy m\u0119cz\u0105ca. Co jest najwi\u0119kszym wyzwaniem we wsp\u00f3lnym podr\u00f3\u017cowaniu?<\/span><\/h3>\n<p style=\"text-align: justify;\">Szukanie noclegu, szczeg\u00f3lnie w Polsce. Miejsca przyjazne psom, z jasnym regulaminem przyjmowania czworonog\u00f3w s\u0105 na wag\u0119 z\u0142ota. Cz\u0119sto spotykamy si\u0119 z <strong>najdziwniejszymi ograniczeniami<\/strong> (wagowymi i wielko\u015bciowymi), cenami z kosmosu i dziwnymi zasadami dotycz\u0105cymi na przyk\u0142ad g\u0142o\u015bno\u015bci szczekania.<\/p>\n<h3 style=\"text-align: justify;\"><span style=\"color: #800000;\">Jakie jest podr\u00f3\u017cnicze &#8220;must have&#8221; w psim ekwipunku?<\/span><\/h3>\n<p style=\"text-align: justify;\"><a href=\"https:\/\/acana.com.pl\/karma\/podroze-z-psami-makulscy\/dsc03100_1-min\/\" rel=\"attachment wp-att-11502\"><img loading=\"lazy\" decoding=\"async\" class=\"alignleft size-medium wp-image-11502\" src=\"https:\/\/acana.com.pl\/karma\/wp-content\/uploads\/2020\/10\/DSC03100_1-min-300x200.jpg\" alt=\"Podr\u00f3\u017ce z psami wed\u0142ug Aleks Makulskiej\" width=\"300\" height=\"200\" srcset=\"https:\/\/acana.com.pl\/karma\/wp-content\/uploads\/2020\/10\/DSC03100_1-min-300x200.jpg 300w, https:\/\/acana.com.pl\/karma\/wp-content\/uploads\/2020\/10\/DSC03100_1-min-1024x683.jpg 1024w, https:\/\/acana.com.pl\/karma\/wp-content\/uploads\/2020\/10\/DSC03100_1-min-768x512.jpg 768w, https:\/\/acana.com.pl\/karma\/wp-content\/uploads\/2020\/10\/DSC03100_1-min-1536x1024.jpg 1536w, https:\/\/acana.com.pl\/karma\/wp-content\/uploads\/2020\/10\/DSC03100_1-min-2048x1365.jpg 2048w\" sizes=\"auto, (max-width: 300px) 100vw, 300px\" \/><\/a>Dla nas to pos\u0142anie, skarpetki, kt\u00f3rymi Flora uwielbia si\u0119 bawi\u0107, gryzaki dla Bolusia, <strong>wygodne szelki i smycze z amortyzacj\u0105<\/strong> oraz smaczki. Duuuuu\u017co smaczk\u00f3w do chrupania na szlaku :)) Zabieramy te\u017c koce, kt\u00f3rymi obk\u0142adamy kanapy i fotele w miejscach, w kt\u00f3rych \u015bpimy (jako pokrowce ochronne sprawdzaj\u0105 si\u0119 te\u017c prze\u015bcierad\u0142a z gumk\u0105 :)) i niewielki, przeno\u015bny odkurzacz do sprz\u0105tania pokoj\u00f3w. Zawsze sprawdzamy te\u017c <strong>adresy i telefony do gabinet\u00f3w weterynaryjnych<\/strong> w pobli\u017cu miejsc, w kt\u00f3rych si\u0119 zatrzymujemy. To bardzo wa\u017cne, bo niestety w Polsce nie mamy ubezpieczania assistance dla psiak\u00f3w i w nag\u0142ych wypadkach musimy sami wiedzie\u0107, gdzie szuka\u0107 pomocy. Mamy te\u017c podr\u00f3\u017cn\u0105 apteczk\u0119, kt\u00f3rej zawarto\u015b\u0107 ustalili\u015bmy z nasz\u0105 weterynarz.&nbsp;<\/p>\n<h3>&nbsp;<\/h3>\n<h3 style=\"text-align: justify;\"><span style=\"color: #800000;\">A jakie jedzenie znajdziemy w wyjazdowym menu Bo i Flo?<\/span><\/h3>\n<p style=\"text-align: justify;\">Florka przepada za <a href=\"https:\/\/sklep.acana.com.pl\/dla-psa\/139-orijen-six-fish.html\" target=\"_blank\" rel=\"noopener noreferrer\">ORIJEN Six Fish<\/a>. To jest karma, kt\u00f3ra pomog\u0142a nam ustabilizowa\u0107 jej brzuszek zaraz po adopcji i <strong>wci\u0105\u017c jest jej ulubion\u0105<\/strong>. Boles\u0142aw preferuje bardziej zr\u00f3\u017cnicowane menu, jad\u0142 ju\u017c <a href=\"https:\/\/sklep.acana.com.pl\/dla-psa\/163-orijen-regional-red.html\" target=\"_blank\" rel=\"noopener noreferrer\">ORIJEN Regional Red<\/a> i <a href=\"https:\/\/sklep.acana.com.pl\/dla-psa\/108-orijen-tundra-dog.html\" target=\"_blank\" rel=\"noopener noreferrer\">ORIJEN Tundra<\/a>, a ostatnio rozsmakowa\u0142 si\u0119 w karmie <a href=\"https:\/\/sklep.acana.com.pl\/dla-psa\/17-acana-singles-grass-fed-lamb.html\" target=\"_blank\" rel=\"noopener noreferrer\">ACANA Grass-Fed Lamb<\/a> :)<\/p>\n<p style=\"text-align: justify;\"><span style=\"color: #800000;\">Je\u015bli szukacie pomys\u0142\u00f3w na wyjazdy ze swoimi pupilami, koniecznie zajrzycie do <a href=\"https:\/\/makulscy.com\/\" target=\"_blank\" rel=\"noopener noreferrer\">Makulskich<\/a>! Czujemy, \u017ce przed Wami podr\u00f3\u017ce \u017cycia :))<\/span><\/p>\n","protected":false},"excerpt":{"rendered":"<p>Wi\u0119cej w\u0119druj, mniej si\u0119 martw &#8211; zwyk\u0142a mawia\u0107 Aleks Makulska, kt\u00f3ra razem z m\u0119\u017cem Micha\u0142em oraz psami Boles\u0142awem i Florentyn\u0105 (a wcze\u015bniej tak\u017ce z Lu\u015bk\u0105), prowadzi bloga makulscy.com.&nbsp; Pisz\u0105 o podr\u00f3\u017cach udowadniaj\u0105c, \u017ce to mo\u017cliwe, aby prze\u017cywa\u0107 je z psami! Przez ponad 5 lat zwiedzili wsp\u00f3lnie m.in. Dolomity, Alpy, Bornholm, Korsyk\u0119, Norwegi\u0119, Dani\u0119, Francj\u0119, Szwajcari\u0119, [&hellip;]<\/p>\n","protected":false},"author":14,"featured_media":11519,"comment_status":"closed","ping_status":"closed","sticky":false,"template":"","format":"standard","meta":{"_acf_changed":false,"_editorskit_title_hidden":false,"_editorskit_reading_time":0,"_editorskit_is_block_options_detached":false,"_editorskit_block_options_position":"{}","ngg_post_thumbnail":0,"footnotes":""},"categories":[2],"tags":[9,102,40,44,547,546,550,549,548,79],"class_list":["post-11496","post","type-post","status-publish","format-standard","has-post-thumbnail","hentry","category-aktualnosci","tag-acana","tag-acana-polska","tag-karma-dla-psa","tag-najlepsza-karma-dla-psow","tag-podroz-z-psem","tag-podroze-z-psami","tag-urlop-z-psem","tag-wakacje-z-psem","tag-wyjazd-z-psem","tag-zdrowe-jedzenie-dla-psa"],"acf":[],"yoast_head":"<!-- This site is optimized with the Yoast SEO Premium plugin v27.4 (Yoast SEO v27.5) - https:\/\/yoast.com\/product\/yoast-seo-premium-wordpress\/ -->\n<title>Podr\u00f3\u017ce z psami wed\u0142ug Aleks Makulskiej - Blog Acana Polska<\/title>\n<meta name=\"description\" content=\"A gdyby tak, spakowa\u0107 siebie, psa i ruszy\u0107 w drog\u0119? Tak w\u0142a\u015bnie robi\u0105 Makulscy! Podr\u00f3\u017ce z psami s\u0105 wspania\u0142e, przekonuje Aleks Makulska.\" \/>\n<meta name=\"robots\" content=\"index, follow, max-snippet:-1, max-image-preview:large, max-video-preview:-1\" \/>\n<link rel=\"canonical\" href=\"https:\/\/acana.com.pl\/karma\/podroze-z-psami-makulscy\/\" \/>\n<meta property=\"og:locale\" content=\"pl_PL\" \/>\n<meta property=\"og:type\" content=\"article\" \/>\n<meta property=\"og:title\" content=\"Podr\u00f3\u017ce z psami wed\u0142ug Aleks Makulskiej\" \/>\n<meta property=\"og:description\" content=\"A gdyby tak, spakowa\u0107 siebie, psa i ruszy\u0107 w drog\u0119? Tak w\u0142a\u015bnie robi\u0105 Makulscy! Podr\u00f3\u017ce z psami s\u0105 wspania\u0142e, przekonuje Aleks Makulska.\" \/>\n<meta property=\"og:url\" content=\"https:\/\/acana.com.pl\/karma\/podroze-z-psami-makulscy\/\" \/>\n<meta property=\"og:site_name\" content=\"Blog Acana Polska\" \/>\n<meta property=\"article:publisher\" content=\"https:\/\/www.facebook.com\/acanapolska\/\" \/>\n<meta property=\"article:published_time\" content=\"2020-11-09T07:18:36+00:00\" \/>\n<meta property=\"article:modified_time\" content=\"2020-11-09T07:19:29+00:00\" \/>\n<meta property=\"og:image\" content=\"https:\/\/acana.com.pl\/karma\/wp-content\/uploads\/2020\/11\/makulscy-obrazek-wyrozniajacy.jpg\" \/>\n\t<meta property=\"og:image:width\" content=\"1213\" \/>\n\t<meta property=\"og:image:height\" content=\"537\" \/>\n\t<meta property=\"og:image:type\" content=\"image\/jpeg\" \/>\n<meta name=\"author\" content=\"Aneta Urbaniak\" \/>\n<meta name=\"twitter:card\" content=\"summary_large_image\" \/>\n<meta name=\"twitter:label1\" content=\"Napisane przez\" \/>\n\t<meta name=\"twitter:data1\" content=\"Aneta Urbaniak\" \/>\n\t<meta name=\"twitter:label2\" content=\"Szacowany czas czytania\" \/>\n\t<meta name=\"twitter:data2\" content=\"5 minut\" \/>\n<script type=\"application\/ld+json\" class=\"yoast-schema-graph\">{\"@context\":\"https:\\\/\\\/schema.org\",\"@graph\":[{\"@type\":\"Article\",\"@id\":\"https:\\\/\\\/acana.com.pl\\\/karma\\\/podroze-z-psami-makulscy\\\/#article\",\"isPartOf\":{\"@id\":\"https:\\\/\\\/acana.com.pl\\\/karma\\\/podroze-z-psami-makulscy\\\/\"},\"author\":{\"name\":\"Aneta Urbaniak\",\"@id\":\"https:\\\/\\\/acana.com.pl\\\/karma\\\/#\\\/schema\\\/person\\\/97dda884f1050b0c23c3f8b6008b8a9a\"},\"headline\":\"Podr\u00f3\u017ce z psami wed\u0142ug Aleks Makulskiej\",\"datePublished\":\"2020-11-09T07:18:36+00:00\",\"dateModified\":\"2020-11-09T07:19:29+00:00\",\"mainEntityOfPage\":{\"@id\":\"https:\\\/\\\/acana.com.pl\\\/karma\\\/podroze-z-psami-makulscy\\\/\"},\"wordCount\":1010,\"publisher\":{\"@id\":\"https:\\\/\\\/acana.com.pl\\\/karma\\\/#organization\"},\"image\":{\"@id\":\"https:\\\/\\\/acana.com.pl\\\/karma\\\/podroze-z-psami-makulscy\\\/#primaryimage\"},\"thumbnailUrl\":\"https:\\\/\\\/acana.com.pl\\\/karma\\\/wp-content\\\/uploads\\\/2020\\\/11\\\/makulscy-obrazek-wyrozniajacy.jpg\",\"keywords\":[\"Acana\",\"Acana Polska\",\"karma dla psa\",\"najlepsza karma dla ps\u00f3w\",\"podr\u00f3\u017c z psem\",\"podr\u00f3\u017ce z psami\",\"urlop z psem\",\"wakacje z psem\",\"wyjazd z psem\",\"zdrowe jedzenie dla psa\"],\"articleSection\":[\"Aktualno\u015bci\"],\"inLanguage\":\"pl-PL\"},{\"@type\":\"WebPage\",\"@id\":\"https:\\\/\\\/acana.com.pl\\\/karma\\\/podroze-z-psami-makulscy\\\/\",\"url\":\"https:\\\/\\\/acana.com.pl\\\/karma\\\/podroze-z-psami-makulscy\\\/\",\"name\":\"Podr\u00f3\u017ce z psami wed\u0142ug Aleks Makulskiej - Blog Acana Polska\",\"isPartOf\":{\"@id\":\"https:\\\/\\\/acana.com.pl\\\/karma\\\/#website\"},\"primaryImageOfPage\":{\"@id\":\"https:\\\/\\\/acana.com.pl\\\/karma\\\/podroze-z-psami-makulscy\\\/#primaryimage\"},\"image\":{\"@id\":\"https:\\\/\\\/acana.com.pl\\\/karma\\\/podroze-z-psami-makulscy\\\/#primaryimage\"},\"thumbnailUrl\":\"https:\\\/\\\/acana.com.pl\\\/karma\\\/wp-content\\\/uploads\\\/2020\\\/11\\\/makulscy-obrazek-wyrozniajacy.jpg\",\"datePublished\":\"2020-11-09T07:18:36+00:00\",\"dateModified\":\"2020-11-09T07:19:29+00:00\",\"description\":\"A gdyby tak, spakowa\u0107 siebie, psa i ruszy\u0107 w drog\u0119? Tak w\u0142a\u015bnie robi\u0105 Makulscy! Podr\u00f3\u017ce z psami s\u0105 wspania\u0142e, przekonuje Aleks Makulska.\",\"breadcrumb\":{\"@id\":\"https:\\\/\\\/acana.com.pl\\\/karma\\\/podroze-z-psami-makulscy\\\/#breadcrumb\"},\"inLanguage\":\"pl-PL\",\"potentialAction\":[{\"@type\":\"ReadAction\",\"target\":[\"https:\\\/\\\/acana.com.pl\\\/karma\\\/podroze-z-psami-makulscy\\\/\"]}]},{\"@type\":\"ImageObject\",\"inLanguage\":\"pl-PL\",\"@id\":\"https:\\\/\\\/acana.com.pl\\\/karma\\\/podroze-z-psami-makulscy\\\/#primaryimage\",\"url\":\"https:\\\/\\\/acana.com.pl\\\/karma\\\/wp-content\\\/uploads\\\/2020\\\/11\\\/makulscy-obrazek-wyrozniajacy.jpg\",\"contentUrl\":\"https:\\\/\\\/acana.com.pl\\\/karma\\\/wp-content\\\/uploads\\\/2020\\\/11\\\/makulscy-obrazek-wyrozniajacy.jpg\",\"width\":1213,\"height\":537,\"caption\":\"Podr\u00f3\u017ce z psami. Aleks i Micha\u0142 Makulscy\"},{\"@type\":\"BreadcrumbList\",\"@id\":\"https:\\\/\\\/acana.com.pl\\\/karma\\\/podroze-z-psami-makulscy\\\/#breadcrumb\",\"itemListElement\":[{\"@type\":\"ListItem\",\"position\":1,\"name\":\"Strona g\u0142\u00f3wna\",\"item\":\"https:\\\/\\\/acana.com.pl\\\/karma\\\/\"},{\"@type\":\"ListItem\",\"position\":2,\"name\":\"Podr\u00f3\u017ce z psami wed\u0142ug Aleks Makulskiej\"}]},{\"@type\":\"WebSite\",\"@id\":\"https:\\\/\\\/acana.com.pl\\\/karma\\\/#website\",\"url\":\"https:\\\/\\\/acana.com.pl\\\/karma\\\/\",\"name\":\"Blog Acana Polska\",\"description\":\"\",\"publisher\":{\"@id\":\"https:\\\/\\\/acana.com.pl\\\/karma\\\/#organization\"},\"potentialAction\":[{\"@type\":\"SearchAction\",\"target\":{\"@type\":\"EntryPoint\",\"urlTemplate\":\"https:\\\/\\\/acana.com.pl\\\/karma\\\/?s={search_term_string}\"},\"query-input\":{\"@type\":\"PropertyValueSpecification\",\"valueRequired\":true,\"valueName\":\"search_term_string\"}}],\"inLanguage\":\"pl-PL\"},{\"@type\":\"Organization\",\"@id\":\"https:\\\/\\\/acana.com.pl\\\/karma\\\/#organization\",\"name\":\"ACANA POLSKA Sp. z o.o. Sp. K.\",\"url\":\"https:\\\/\\\/acana.com.pl\\\/karma\\\/\",\"logo\":{\"@type\":\"ImageObject\",\"inLanguage\":\"pl-PL\",\"@id\":\"https:\\\/\\\/acana.com.pl\\\/karma\\\/#\\\/schema\\\/logo\\\/image\\\/\",\"url\":\"https:\\\/\\\/acana.com.pl\\\/karma\\\/wp-content\\\/uploads\\\/2018\\\/02\\\/logo-Acana-1.png\",\"contentUrl\":\"https:\\\/\\\/acana.com.pl\\\/karma\\\/wp-content\\\/uploads\\\/2018\\\/02\\\/logo-Acana-1.png\",\"width\":154,\"height\":74,\"caption\":\"ACANA POLSKA Sp. z o.o. Sp. K.\"},\"image\":{\"@id\":\"https:\\\/\\\/acana.com.pl\\\/karma\\\/#\\\/schema\\\/logo\\\/image\\\/\"},\"sameAs\":[\"https:\\\/\\\/www.facebook.com\\\/acanapolska\\\/\"]},{\"@type\":\"Person\",\"@id\":\"https:\\\/\\\/acana.com.pl\\\/karma\\\/#\\\/schema\\\/person\\\/97dda884f1050b0c23c3f8b6008b8a9a\",\"name\":\"Aneta Urbaniak\",\"image\":{\"@type\":\"ImageObject\",\"inLanguage\":\"pl-PL\",\"@id\":\"https:\\\/\\\/secure.gravatar.com\\\/avatar\\\/fb5da9bf0d6a85641ec2ba99f4c3f3a4f970ad4002875a59509b37db9477f1b4?s=96&d=mm&r=g\",\"url\":\"https:\\\/\\\/secure.gravatar.com\\\/avatar\\\/fb5da9bf0d6a85641ec2ba99f4c3f3a4f970ad4002875a59509b37db9477f1b4?s=96&d=mm&r=g\",\"contentUrl\":\"https:\\\/\\\/secure.gravatar.com\\\/avatar\\\/fb5da9bf0d6a85641ec2ba99f4c3f3a4f970ad4002875a59509b37db9477f1b4?s=96&d=mm&r=g\",\"caption\":\"Aneta Urbaniak\"},\"url\":\"https:\\\/\\\/acana.com.pl\\\/karma\\\/author\\\/aneta\\\/\"}]}<\/script>\n<!-- \/ Yoast SEO Premium plugin. -->","yoast_head_json":{"title":"Podr\u00f3\u017ce z psami wed\u0142ug Aleks Makulskiej - Blog Acana Polska","description":"A gdyby tak, spakowa\u0107 siebie, psa i ruszy\u0107 w drog\u0119? Tak w\u0142a\u015bnie robi\u0105 Makulscy! Podr\u00f3\u017ce z psami s\u0105 wspania\u0142e, przekonuje Aleks Makulska.","robots":{"index":"index","follow":"follow","max-snippet":"max-snippet:-1","max-image-preview":"max-image-preview:large","max-video-preview":"max-video-preview:-1"},"canonical":"https:\/\/acana.com.pl\/karma\/podroze-z-psami-makulscy\/","og_locale":"pl_PL","og_type":"article","og_title":"Podr\u00f3\u017ce z psami wed\u0142ug Aleks Makulskiej","og_description":"A gdyby tak, spakowa\u0107 siebie, psa i ruszy\u0107 w drog\u0119? Tak w\u0142a\u015bnie robi\u0105 Makulscy! Podr\u00f3\u017ce z psami s\u0105 wspania\u0142e, przekonuje Aleks Makulska.","og_url":"https:\/\/acana.com.pl\/karma\/podroze-z-psami-makulscy\/","og_site_name":"Blog Acana Polska","article_publisher":"https:\/\/www.facebook.com\/acanapolska\/","article_published_time":"2020-11-09T07:18:36+00:00","article_modified_time":"2020-11-09T07:19:29+00:00","og_image":[{"width":1213,"height":537,"url":"https:\/\/acana.com.pl\/karma\/wp-content\/uploads\/2020\/11\/makulscy-obrazek-wyrozniajacy.jpg","type":"image\/jpeg"}],"author":"Aneta Urbaniak","twitter_card":"summary_large_image","twitter_misc":{"Napisane przez":"Aneta Urbaniak","Szacowany czas czytania":"5 minut"},"schema":{"@context":"https:\/\/schema.org","@graph":[{"@type":"Article","@id":"https:\/\/acana.com.pl\/karma\/podroze-z-psami-makulscy\/#article","isPartOf":{"@id":"https:\/\/acana.com.pl\/karma\/podroze-z-psami-makulscy\/"},"author":{"name":"Aneta Urbaniak","@id":"https:\/\/acana.com.pl\/karma\/#\/schema\/person\/97dda884f1050b0c23c3f8b6008b8a9a"},"headline":"Podr\u00f3\u017ce z psami wed\u0142ug Aleks Makulskiej","datePublished":"2020-11-09T07:18:36+00:00","dateModified":"2020-11-09T07:19:29+00:00","mainEntityOfPage":{"@id":"https:\/\/acana.com.pl\/karma\/podroze-z-psami-makulscy\/"},"wordCount":1010,"publisher":{"@id":"https:\/\/acana.com.pl\/karma\/#organization"},"image":{"@id":"https:\/\/acana.com.pl\/karma\/podroze-z-psami-makulscy\/#primaryimage"},"thumbnailUrl":"https:\/\/acana.com.pl\/karma\/wp-content\/uploads\/2020\/11\/makulscy-obrazek-wyrozniajacy.jpg","keywords":["Acana","Acana Polska","karma dla psa","najlepsza karma dla ps\u00f3w","podr\u00f3\u017c z psem","podr\u00f3\u017ce z psami","urlop z psem","wakacje z psem","wyjazd z psem","zdrowe jedzenie dla psa"],"articleSection":["Aktualno\u015bci"],"inLanguage":"pl-PL"},{"@type":"WebPage","@id":"https:\/\/acana.com.pl\/karma\/podroze-z-psami-makulscy\/","url":"https:\/\/acana.com.pl\/karma\/podroze-z-psami-makulscy\/","name":"Podr\u00f3\u017ce z psami wed\u0142ug Aleks Makulskiej - Blog Acana Polska","isPartOf":{"@id":"https:\/\/acana.com.pl\/karma\/#website"},"primaryImageOfPage":{"@id":"https:\/\/acana.com.pl\/karma\/podroze-z-psami-makulscy\/#primaryimage"},"image":{"@id":"https:\/\/acana.com.pl\/karma\/podroze-z-psami-makulscy\/#primaryimage"},"thumbnailUrl":"https:\/\/acana.com.pl\/karma\/wp-content\/uploads\/2020\/11\/makulscy-obrazek-wyrozniajacy.jpg","datePublished":"2020-11-09T07:18:36+00:00","dateModified":"2020-11-09T07:19:29+00:00","description":"A gdyby tak, spakowa\u0107 siebie, psa i ruszy\u0107 w drog\u0119? Tak w\u0142a\u015bnie robi\u0105 Makulscy! Podr\u00f3\u017ce z psami s\u0105 wspania\u0142e, przekonuje Aleks Makulska.","breadcrumb":{"@id":"https:\/\/acana.com.pl\/karma\/podroze-z-psami-makulscy\/#breadcrumb"},"inLanguage":"pl-PL","potentialAction":[{"@type":"ReadAction","target":["https:\/\/acana.com.pl\/karma\/podroze-z-psami-makulscy\/"]}]},{"@type":"ImageObject","inLanguage":"pl-PL","@id":"https:\/\/acana.com.pl\/karma\/podroze-z-psami-makulscy\/#primaryimage","url":"https:\/\/acana.com.pl\/karma\/wp-content\/uploads\/2020\/11\/makulscy-obrazek-wyrozniajacy.jpg","contentUrl":"https:\/\/acana.com.pl\/karma\/wp-content\/uploads\/2020\/11\/makulscy-obrazek-wyrozniajacy.jpg","width":1213,"height":537,"caption":"Podr\u00f3\u017ce z psami. Aleks i Micha\u0142 Makulscy"},{"@type":"BreadcrumbList","@id":"https:\/\/acana.com.pl\/karma\/podroze-z-psami-makulscy\/#breadcrumb","itemListElement":[{"@type":"ListItem","position":1,"name":"Strona g\u0142\u00f3wna","item":"https:\/\/acana.com.pl\/karma\/"},{"@type":"ListItem","position":2,"name":"Podr\u00f3\u017ce z psami wed\u0142ug Aleks Makulskiej"}]},{"@type":"WebSite","@id":"https:\/\/acana.com.pl\/karma\/#website","url":"https:\/\/acana.com.pl\/karma\/","name":"Blog Acana Polska","description":"","publisher":{"@id":"https:\/\/acana.com.pl\/karma\/#organization"},"potentialAction":[{"@type":"SearchAction","target":{"@type":"EntryPoint","urlTemplate":"https:\/\/acana.com.pl\/karma\/?s={search_term_string}"},"query-input":{"@type":"PropertyValueSpecification","valueRequired":true,"valueName":"search_term_string"}}],"inLanguage":"pl-PL"},{"@type":"Organization","@id":"https:\/\/acana.com.pl\/karma\/#organization","name":"ACANA POLSKA Sp. z o.o. Sp. K.","url":"https:\/\/acana.com.pl\/karma\/","logo":{"@type":"ImageObject","inLanguage":"pl-PL","@id":"https:\/\/acana.com.pl\/karma\/#\/schema\/logo\/image\/","url":"https:\/\/acana.com.pl\/karma\/wp-content\/uploads\/2018\/02\/logo-Acana-1.png","contentUrl":"https:\/\/acana.com.pl\/karma\/wp-content\/uploads\/2018\/02\/logo-Acana-1.png","width":154,"height":74,"caption":"ACANA POLSKA Sp. z o.o. Sp. K."},"image":{"@id":"https:\/\/acana.com.pl\/karma\/#\/schema\/logo\/image\/"},"sameAs":["https:\/\/www.facebook.com\/acanapolska\/"]},{"@type":"Person","@id":"https:\/\/acana.com.pl\/karma\/#\/schema\/person\/97dda884f1050b0c23c3f8b6008b8a9a","name":"Aneta Urbaniak","image":{"@type":"ImageObject","inLanguage":"pl-PL","@id":"https:\/\/secure.gravatar.com\/avatar\/fb5da9bf0d6a85641ec2ba99f4c3f3a4f970ad4002875a59509b37db9477f1b4?s=96&d=mm&r=g","url":"https:\/\/secure.gravatar.com\/avatar\/fb5da9bf0d6a85641ec2ba99f4c3f3a4f970ad4002875a59509b37db9477f1b4?s=96&d=mm&r=g","contentUrl":"https:\/\/secure.gravatar.com\/avatar\/fb5da9bf0d6a85641ec2ba99f4c3f3a4f970ad4002875a59509b37db9477f1b4?s=96&d=mm&r=g","caption":"Aneta Urbaniak"},"url":"https:\/\/acana.com.pl\/karma\/author\/aneta\/"}]}},"_links":{"self":[{"href":"https:\/\/acana.com.pl\/karma\/wp-json\/wp\/v2\/posts\/11496","targetHints":{"allow":["GET"]}}],"collection":[{"href":"https:\/\/acana.com.pl\/karma\/wp-json\/wp\/v2\/posts"}],"about":[{"href":"https:\/\/acana.com.pl\/karma\/wp-json\/wp\/v2\/types\/post"}],"author":[{"embeddable":true,"href":"https:\/\/acana.com.pl\/karma\/wp-json\/wp\/v2\/users\/14"}],"replies":[{"embeddable":true,"href":"https:\/\/acana.com.pl\/karma\/wp-json\/wp\/v2\/comments?post=11496"}],"version-history":[{"count":0,"href":"https:\/\/acana.com.pl\/karma\/wp-json\/wp\/v2\/posts\/11496\/revisions"}],"wp:featuredmedia":[{"embeddable":true,"href":"https:\/\/acana.com.pl\/karma\/wp-json\/wp\/v2\/media\/11519"}],"wp:attachment":[{"href":"https:\/\/acana.com.pl\/karma\/wp-json\/wp\/v2\/media?parent=11496"}],"wp:term":[{"taxonomy":"category","embeddable":true,"href":"https:\/\/acana.com.pl\/karma\/wp-json\/wp\/v2\/categories?post=11496"},{"taxonomy":"post_tag","embeddable":true,"href":"https:\/\/acana.com.pl\/karma\/wp-json\/wp\/v2\/tags?post=11496"}],"curies":[{"name":"wp","href":"https:\/\/api.w.org\/{rel}","templated":true}]}}