{"id":11889,"date":"2021-04-16T15:12:22","date_gmt":"2021-04-16T13:12:22","guid":{"rendered":"https:\/\/acana.com.pl\/karma\/?p=11889"},"modified":"2021-04-16T15:12:22","modified_gmt":"2021-04-16T13:12:22","slug":"dlaczego-warto-miec-woreczki-na-spacerze-z-psem","status":"publish","type":"post","link":"https:\/\/acana.com.pl\/karma\/dlaczego-warto-miec-woreczki-na-spacerze-z-psem\/","title":{"rendered":"Dlaczego warto mie\u0107 woreczki na spacerze z psem?"},"content":{"rendered":"<p style=\"text-align: justify;\">Wiesz, \u017ce woreczki na psie kupy przydaj\u0105 si\u0119 bardziej, ni\u017c mog\u0142oby si\u0119 wydawa\u0107? Je\u015bli nale\u017cysz do grona sceptyk\u00f3w, kt\u00f3rzy s\u0105dz\u0105, \u017ce to nadmierna fanaberia, pozw\u00f3l nam si\u0119 zaskoczy\u0107. Spr\u00f3bujemy Ci\u0119 przekona\u0107, dlaczego ZAWSZE warto mie\u0107 woreczki na spacerze z psem. Nie tylko dla potrzeb Twojego psa!<\/p>\n<h2>Warto mie\u0107 woreczki na spacerze&#8230;<\/h2>\n<h3>1. &#8230; aby nie by\u0142o kupy wstydu!<\/h3>\n<p style=\"text-align: justify;\">To najbardziej oczywista funkcjonalno\u015b\u0107 <a href=\"https:\/\/sklep.acana.com.pl\/64-woreczki-degradowalne-na-odchody\" target=\"_blank\" rel=\"noopener\">woreczk\u00f3w EARTH RATED<\/a>: sprz\u0105tanie odchod\u00f3w po swoim psie. Woreczki na kupy s\u0105 <strong>obowi\u0105zkowym wyposa\u017ceniem<\/strong> ka\u017cdego \u015bwiadomego opiekuna zwierz\u0105t, <a href=\"https:\/\/acana.com.pl\/karma\/uwazaj-na-to-w-psiej-kupie\/\" target=\"_blank\" rel=\"noopener\">troszcz\u0105cego si\u0119 o zdrowie pupila<\/a> oraz <a href=\"https:\/\/acana.com.pl\/karma\/dlaczego-warto-sprzatac-odchody-po-swoim-psie\/\" target=\"_blank\" rel=\"noopener\">\u015brodowisko naturalne<\/a>. Bezpieczne zbieranie odchod\u00f3w po psie to dzi\u015b <strong>pow\u00f3d do dumy<\/strong>, a zostawianie nieczysto\u015bci &#8211; do wstydu.&nbsp;<\/p>\n<p style=\"text-align: justify;\">Na spacer wybieraj si\u0119 z <a href=\"https:\/\/sklep.acana.com.pl\/65-etui-z-woreczkami-na-odchody\" target=\"_blank\" rel=\"noopener\">etui doczepionym do smyczy<\/a>, aby mie\u0107 pewno\u015b\u0107, \u017ce woreczki s\u0105 na swoim miejscu. Przed ka\u017cdym wyj\u015bciem upewnij si\u0119, czy rolka umieszczona w etui nie \u015bwieci pustkami. Nawet je\u015bli zosta\u0142 na niej jeden woreczek, rozwa\u017c zabranie kolejnej rolki. <strong>Psie uk\u0142ady trawienne potrafi\u0105 p\u0142ata\u0107 figle<\/strong>. Dobrze by\u0107 zabezpieczonym na wypadek nadprogramowej kupy psa.&nbsp;<\/p>\n<h3>2. &#8230; aby poratowa\u0107 innego psiarza!<\/h3>\n<p style=\"text-align: justify;\">Dodatkowe woreczki warto mie\u0107 tak\u017ce po to, aby poratowa\u0107 innego opiekuna pupila, kt\u00f3ry sam o tym nie pomy\u015bla\u0142. <strong>\u017byczliwo\u015b\u0107<\/strong> i wsparcie jest zawsze modne! Zamiast od razu ocenia\u0107, mo\u017ce warto podej\u015b\u0107 i zaproponowa\u0107 woreczek do u\u017cytku? Czasem powodem nieposprz\u0105tania po psie jest brak takiej mo\u017cliwo\u015bci, spowodowany zwyk\u0142ym roztargnieniem. Je\u015bli mo\u017cesz temu zapobiec, warto to robi\u0107! Ostatecznie chodzi przecie\u017c o <strong>czyst\u0105, wsp\u00f3ln\u0105 przestrze\u0144<\/strong>.&nbsp;<\/p>\n<h3>3. &#8230; aby os\u0142oni\u0107 przed deszczem smartfona!<\/h3>\n<p style=\"text-align: justify;\">Zacz\u0119\u0142o pada\u0107, a Ty w bluzie bez kieszeni? Spacery potrafi\u0105 przybra\u0107 nieoczekiwany bieg wydarze\u0144. Zamiast w panice p\u0119dzi\u0107 z pupilem do domu, martwi\u0105c si\u0119 o swojego smartfona lub inny sprz\u0119t elektroniczny, wyjmij z etui woreczek! Z powodzeniem mo\u017cesz wykorzysta\u0107 go jako tymczasow\u0105 <strong>os\u0142on\u0119 od deszczu<\/strong> dla przedmiot\u00f3w, kt\u00f3re powinny unika\u0107 kontaktu z wod\u0105. To naprawd\u0119 bardzo przydatne!<\/p>\n<h3>4. &#8230; aby zachowa\u0107 bezpiecze\u0144stwo i higien\u0119!<\/h3>\n<p style=\"text-align: justify;\">Gdy w plecaku nie masz preparatu do dezynfekcji (lub r\u0119kawic jednorazowych), a przed Tob\u0105 perspektywa dotykania wielu potencjalnie zanieczyszczonych przedmiot\u00f3w, wykorzystaj <a href=\"https:\/\/sklep.acana.com.pl\/64-woreczki-degradowalne-na-odchody\" target=\"_blank\" rel=\"noopener\">woreczek EARTH RATED<\/a>. Dzi\u0119ki pojemnym rozmiarom woreczka zmie\u015bcisz d\u0142o\u0144 w jego wn\u0119trzu. Bez problemu u\u017cyjesz go jako <strong>r\u0119kawiczk\u0119<\/strong>. Bezpiecznie mo\u017cesz dotyka\u0107 klamki drzwi, przyciski domofonu czy w windzie. To wyj\u0105tkowo przydatna funkcja zw\u0142aszcza w czasie pandemii koronawirusa.&nbsp;<\/p>\n<p style=\"text-align: justify;\"><span style=\"color: #008000;\"><strong>Masz inne pomys\u0142y na nieoczywiste wykorzystanie woreczk\u00f3w EARTH RATED?<\/strong><\/span><\/p>\n<p style=\"text-align: justify;\">Koniecznie <strong>podziel si\u0119 z nami<\/strong> na <a href=\"https:\/\/www.facebook.com\/acanapolska\" target=\"_blank\" rel=\"noopener\">Facebooku<\/a> i <a href=\"https:\/\/www.instagram.com\/acana_polska\/\" target=\"_blank\" rel=\"noopener\">Instagramie<\/a> wysy\u0142aj\u0105c wiadomo\u015b\u0107 prywatn\u0105 lub oznaczaj\u0105c nas na zdj\u0119ciu\/filmiku (tak\u017ce w relacji!).<\/p>\n","protected":false},"excerpt":{"rendered":"<p>Wiesz, \u017ce woreczki na psie kupy przydaj\u0105 si\u0119 bardziej, ni\u017c mog\u0142oby si\u0119 wydawa\u0107? Je\u015bli nale\u017cysz do grona sceptyk\u00f3w, kt\u00f3rzy s\u0105dz\u0105, \u017ce to nadmierna fanaberia, pozw\u00f3l nam si\u0119 zaskoczy\u0107. Spr\u00f3bujemy Ci\u0119 przekona\u0107, dlaczego ZAWSZE warto mie\u0107 woreczki na spacerze z psem. Nie tylko dla potrzeb Twojego psa! Warto mie\u0107 woreczki na spacerze&#8230; 1. &#8230; aby nie [&hellip;]<\/p>\n","protected":false},"author":14,"featured_media":11890,"comment_status":"closed","ping_status":"closed","sticky":false,"template":"","format":"standard","meta":{"_acf_changed":false,"_editorskit_title_hidden":false,"_editorskit_reading_time":0,"_editorskit_is_block_options_detached":false,"_editorskit_block_options_position":"{}","ngg_post_thumbnail":0,"footnotes":""},"categories":[199],"tags":[519,361,354,335,504,35,11,500,498,334,395,10,36],"class_list":["post-11889","post","type-post","status-publish","format-standard","has-post-thumbnail","hentry","category-poradnik","tag-bezzapachowe-woreczki-na-kupe","tag-duze-worki","tag-earth-rated","tag-ekologiczne-woreczki","tag-kompostowalne-woreczki-na-odchody","tag-lawendowe-woreczki","tag-poop-bags-earth-rated","tag-woreczki-bezzapachowe","tag-woreczki-kompostowalne","tag-woreczki-na-kupy","tag-woreczki-na-psie-kupy","tag-woreczki-na-psie-odchody","tag-zapachowe-woreczki-na-kupe"],"acf":[],"yoast_head":"<!-- This site is optimized with the Yoast SEO Premium plugin v27.4 (Yoast SEO v27.5) - https:\/\/yoast.com\/product\/yoast-seo-premium-wordpress\/ -->\n<title>Dlaczego warto mie\u0107 woreczki na spacerze z psem? - Blog Acana Polska<\/title>\n<meta name=\"description\" content=\"Je\u015bli nie czujesz si\u0119 przekonany\/a, \u017ce warto mie\u0107 woreczki na spacerze z psem, koniecznie zobacz, do czego mog\u0105 przyda\u0107 si\u0119 tak\u017ce Tobie!\" \/>\n<meta name=\"robots\" content=\"index, follow, max-snippet:-1, max-image-preview:large, max-video-preview:-1\" \/>\n<link rel=\"canonical\" href=\"https:\/\/acana.com.pl\/karma\/dlaczego-warto-miec-woreczki-na-spacerze-z-psem\/\" \/>\n<meta property=\"og:locale\" content=\"pl_PL\" \/>\n<meta property=\"og:type\" content=\"article\" \/>\n<meta property=\"og:title\" content=\"Dlaczego warto mie\u0107 woreczki na spacerze z psem?\" \/>\n<meta property=\"og:description\" content=\"Je\u015bli nie czujesz si\u0119 przekonany\/a, \u017ce warto mie\u0107 woreczki na spacerze z psem, koniecznie zobacz, do czego mog\u0105 przyda\u0107 si\u0119 tak\u017ce Tobie!\" \/>\n<meta property=\"og:url\" content=\"https:\/\/acana.com.pl\/karma\/dlaczego-warto-miec-woreczki-na-spacerze-z-psem\/\" \/>\n<meta property=\"og:site_name\" content=\"Blog Acana Polska\" \/>\n<meta property=\"article:publisher\" content=\"https:\/\/www.facebook.com\/acanapolska\/\" \/>\n<meta property=\"article:published_time\" content=\"2021-04-16T13:12:22+00:00\" \/>\n<meta property=\"og:image\" content=\"https:\/\/acana.com.pl\/karma\/wp-content\/uploads\/2021\/04\/nie-tylko-dla-psa-www.jpg\" \/>\n\t<meta property=\"og:image:width\" content=\"1213\" \/>\n\t<meta property=\"og:image:height\" content=\"537\" \/>\n\t<meta property=\"og:image:type\" content=\"image\/jpeg\" \/>\n<meta name=\"author\" content=\"Aneta Urbaniak\" \/>\n<meta name=\"twitter:card\" content=\"summary_large_image\" \/>\n<meta name=\"twitter:label1\" content=\"Napisane przez\" \/>\n\t<meta name=\"twitter:data1\" content=\"Aneta Urbaniak\" \/>\n\t<meta name=\"twitter:label2\" content=\"Szacowany czas czytania\" \/>\n\t<meta name=\"twitter:data2\" content=\"2 minuty\" \/>\n<script type=\"application\/ld+json\" class=\"yoast-schema-graph\">{\"@context\":\"https:\\\/\\\/schema.org\",\"@graph\":[{\"@type\":\"Article\",\"@id\":\"https:\\\/\\\/acana.com.pl\\\/karma\\\/dlaczego-warto-miec-woreczki-na-spacerze-z-psem\\\/#article\",\"isPartOf\":{\"@id\":\"https:\\\/\\\/acana.com.pl\\\/karma\\\/dlaczego-warto-miec-woreczki-na-spacerze-z-psem\\\/\"},\"author\":{\"name\":\"Aneta Urbaniak\",\"@id\":\"https:\\\/\\\/acana.com.pl\\\/karma\\\/#\\\/schema\\\/person\\\/97dda884f1050b0c23c3f8b6008b8a9a\"},\"headline\":\"Dlaczego warto mie\u0107 woreczki na spacerze z psem?\",\"datePublished\":\"2021-04-16T13:12:22+00:00\",\"mainEntityOfPage\":{\"@id\":\"https:\\\/\\\/acana.com.pl\\\/karma\\\/dlaczego-warto-miec-woreczki-na-spacerze-z-psem\\\/\"},\"wordCount\":456,\"publisher\":{\"@id\":\"https:\\\/\\\/acana.com.pl\\\/karma\\\/#organization\"},\"image\":{\"@id\":\"https:\\\/\\\/acana.com.pl\\\/karma\\\/dlaczego-warto-miec-woreczki-na-spacerze-z-psem\\\/#primaryimage\"},\"thumbnailUrl\":\"https:\\\/\\\/acana.com.pl\\\/karma\\\/wp-content\\\/uploads\\\/2021\\\/04\\\/nie-tylko-dla-psa-www.jpg\",\"keywords\":[\"bezzapachowe woreczki na kup\u0119\",\"Du\u017ce worki\",\"Earth Rated\",\"ekologiczne woreczki\",\"kompostowalne woreczki na odchody\",\"lawendowe woreczki\",\"poop bags earth rated\",\"woreczki bezzapachowe\",\"woreczki kompostowalne\",\"woreczki na kupy\",\"woreczki na psie kupy\",\"woreczki na psie odchody\",\"zapachowe woreczki na kup\u0119\"],\"articleSection\":[\"Poradnik\"],\"inLanguage\":\"pl-PL\"},{\"@type\":\"WebPage\",\"@id\":\"https:\\\/\\\/acana.com.pl\\\/karma\\\/dlaczego-warto-miec-woreczki-na-spacerze-z-psem\\\/\",\"url\":\"https:\\\/\\\/acana.com.pl\\\/karma\\\/dlaczego-warto-miec-woreczki-na-spacerze-z-psem\\\/\",\"name\":\"Dlaczego warto mie\u0107 woreczki na spacerze z psem? - Blog Acana Polska\",\"isPartOf\":{\"@id\":\"https:\\\/\\\/acana.com.pl\\\/karma\\\/#website\"},\"primaryImageOfPage\":{\"@id\":\"https:\\\/\\\/acana.com.pl\\\/karma\\\/dlaczego-warto-miec-woreczki-na-spacerze-z-psem\\\/#primaryimage\"},\"image\":{\"@id\":\"https:\\\/\\\/acana.com.pl\\\/karma\\\/dlaczego-warto-miec-woreczki-na-spacerze-z-psem\\\/#primaryimage\"},\"thumbnailUrl\":\"https:\\\/\\\/acana.com.pl\\\/karma\\\/wp-content\\\/uploads\\\/2021\\\/04\\\/nie-tylko-dla-psa-www.jpg\",\"datePublished\":\"2021-04-16T13:12:22+00:00\",\"description\":\"Je\u015bli nie czujesz si\u0119 przekonany\\\/a, \u017ce warto mie\u0107 woreczki na spacerze z psem, koniecznie zobacz, do czego mog\u0105 przyda\u0107 si\u0119 tak\u017ce Tobie!\",\"breadcrumb\":{\"@id\":\"https:\\\/\\\/acana.com.pl\\\/karma\\\/dlaczego-warto-miec-woreczki-na-spacerze-z-psem\\\/#breadcrumb\"},\"inLanguage\":\"pl-PL\",\"potentialAction\":[{\"@type\":\"ReadAction\",\"target\":[\"https:\\\/\\\/acana.com.pl\\\/karma\\\/dlaczego-warto-miec-woreczki-na-spacerze-z-psem\\\/\"]}]},{\"@type\":\"ImageObject\",\"inLanguage\":\"pl-PL\",\"@id\":\"https:\\\/\\\/acana.com.pl\\\/karma\\\/dlaczego-warto-miec-woreczki-na-spacerze-z-psem\\\/#primaryimage\",\"url\":\"https:\\\/\\\/acana.com.pl\\\/karma\\\/wp-content\\\/uploads\\\/2021\\\/04\\\/nie-tylko-dla-psa-www.jpg\",\"contentUrl\":\"https:\\\/\\\/acana.com.pl\\\/karma\\\/wp-content\\\/uploads\\\/2021\\\/04\\\/nie-tylko-dla-psa-www.jpg\",\"width\":1213,\"height\":537,\"caption\":\"Woreczki na psie kupy. Dlaczego warto mie\u0107 woreczki na spacerze?\"},{\"@type\":\"BreadcrumbList\",\"@id\":\"https:\\\/\\\/acana.com.pl\\\/karma\\\/dlaczego-warto-miec-woreczki-na-spacerze-z-psem\\\/#breadcrumb\",\"itemListElement\":[{\"@type\":\"ListItem\",\"position\":1,\"name\":\"Strona g\u0142\u00f3wna\",\"item\":\"https:\\\/\\\/acana.com.pl\\\/karma\\\/\"},{\"@type\":\"ListItem\",\"position\":2,\"name\":\"Dlaczego warto mie\u0107 woreczki na spacerze z psem?\"}]},{\"@type\":\"WebSite\",\"@id\":\"https:\\\/\\\/acana.com.pl\\\/karma\\\/#website\",\"url\":\"https:\\\/\\\/acana.com.pl\\\/karma\\\/\",\"name\":\"Blog Acana Polska\",\"description\":\"\",\"publisher\":{\"@id\":\"https:\\\/\\\/acana.com.pl\\\/karma\\\/#organization\"},\"potentialAction\":[{\"@type\":\"SearchAction\",\"target\":{\"@type\":\"EntryPoint\",\"urlTemplate\":\"https:\\\/\\\/acana.com.pl\\\/karma\\\/?s={search_term_string}\"},\"query-input\":{\"@type\":\"PropertyValueSpecification\",\"valueRequired\":true,\"valueName\":\"search_term_string\"}}],\"inLanguage\":\"pl-PL\"},{\"@type\":\"Organization\",\"@id\":\"https:\\\/\\\/acana.com.pl\\\/karma\\\/#organization\",\"name\":\"ACANA POLSKA Sp. z o.o. Sp. K.\",\"url\":\"https:\\\/\\\/acana.com.pl\\\/karma\\\/\",\"logo\":{\"@type\":\"ImageObject\",\"inLanguage\":\"pl-PL\",\"@id\":\"https:\\\/\\\/acana.com.pl\\\/karma\\\/#\\\/schema\\\/logo\\\/image\\\/\",\"url\":\"https:\\\/\\\/acana.com.pl\\\/karma\\\/wp-content\\\/uploads\\\/2018\\\/02\\\/logo-Acana-1.png\",\"contentUrl\":\"https:\\\/\\\/acana.com.pl\\\/karma\\\/wp-content\\\/uploads\\\/2018\\\/02\\\/logo-Acana-1.png\",\"width\":154,\"height\":74,\"caption\":\"ACANA POLSKA Sp. z o.o. Sp. K.\"},\"image\":{\"@id\":\"https:\\\/\\\/acana.com.pl\\\/karma\\\/#\\\/schema\\\/logo\\\/image\\\/\"},\"sameAs\":[\"https:\\\/\\\/www.facebook.com\\\/acanapolska\\\/\"]},{\"@type\":\"Person\",\"@id\":\"https:\\\/\\\/acana.com.pl\\\/karma\\\/#\\\/schema\\\/person\\\/97dda884f1050b0c23c3f8b6008b8a9a\",\"name\":\"Aneta Urbaniak\",\"image\":{\"@type\":\"ImageObject\",\"inLanguage\":\"pl-PL\",\"@id\":\"https:\\\/\\\/secure.gravatar.com\\\/avatar\\\/fb5da9bf0d6a85641ec2ba99f4c3f3a4f970ad4002875a59509b37db9477f1b4?s=96&d=mm&r=g\",\"url\":\"https:\\\/\\\/secure.gravatar.com\\\/avatar\\\/fb5da9bf0d6a85641ec2ba99f4c3f3a4f970ad4002875a59509b37db9477f1b4?s=96&d=mm&r=g\",\"contentUrl\":\"https:\\\/\\\/secure.gravatar.com\\\/avatar\\\/fb5da9bf0d6a85641ec2ba99f4c3f3a4f970ad4002875a59509b37db9477f1b4?s=96&d=mm&r=g\",\"caption\":\"Aneta Urbaniak\"},\"url\":\"https:\\\/\\\/acana.com.pl\\\/karma\\\/author\\\/aneta\\\/\"}]}<\/script>\n<!-- \/ Yoast SEO Premium plugin. -->","yoast_head_json":{"title":"Dlaczego warto mie\u0107 woreczki na spacerze z psem? - Blog Acana Polska","description":"Je\u015bli nie czujesz si\u0119 przekonany\/a, \u017ce warto mie\u0107 woreczki na spacerze z psem, koniecznie zobacz, do czego mog\u0105 przyda\u0107 si\u0119 tak\u017ce Tobie!","robots":{"index":"index","follow":"follow","max-snippet":"max-snippet:-1","max-image-preview":"max-image-preview:large","max-video-preview":"max-video-preview:-1"},"canonical":"https:\/\/acana.com.pl\/karma\/dlaczego-warto-miec-woreczki-na-spacerze-z-psem\/","og_locale":"pl_PL","og_type":"article","og_title":"Dlaczego warto mie\u0107 woreczki na spacerze z psem?","og_description":"Je\u015bli nie czujesz si\u0119 przekonany\/a, \u017ce warto mie\u0107 woreczki na spacerze z psem, koniecznie zobacz, do czego mog\u0105 przyda\u0107 si\u0119 tak\u017ce Tobie!","og_url":"https:\/\/acana.com.pl\/karma\/dlaczego-warto-miec-woreczki-na-spacerze-z-psem\/","og_site_name":"Blog Acana Polska","article_publisher":"https:\/\/www.facebook.com\/acanapolska\/","article_published_time":"2021-04-16T13:12:22+00:00","og_image":[{"width":1213,"height":537,"url":"https:\/\/acana.com.pl\/karma\/wp-content\/uploads\/2021\/04\/nie-tylko-dla-psa-www.jpg","type":"image\/jpeg"}],"author":"Aneta Urbaniak","twitter_card":"summary_large_image","twitter_misc":{"Napisane przez":"Aneta Urbaniak","Szacowany czas czytania":"2 minuty"},"schema":{"@context":"https:\/\/schema.org","@graph":[{"@type":"Article","@id":"https:\/\/acana.com.pl\/karma\/dlaczego-warto-miec-woreczki-na-spacerze-z-psem\/#article","isPartOf":{"@id":"https:\/\/acana.com.pl\/karma\/dlaczego-warto-miec-woreczki-na-spacerze-z-psem\/"},"author":{"name":"Aneta Urbaniak","@id":"https:\/\/acana.com.pl\/karma\/#\/schema\/person\/97dda884f1050b0c23c3f8b6008b8a9a"},"headline":"Dlaczego warto mie\u0107 woreczki na spacerze z psem?","datePublished":"2021-04-16T13:12:22+00:00","mainEntityOfPage":{"@id":"https:\/\/acana.com.pl\/karma\/dlaczego-warto-miec-woreczki-na-spacerze-z-psem\/"},"wordCount":456,"publisher":{"@id":"https:\/\/acana.com.pl\/karma\/#organization"},"image":{"@id":"https:\/\/acana.com.pl\/karma\/dlaczego-warto-miec-woreczki-na-spacerze-z-psem\/#primaryimage"},"thumbnailUrl":"https:\/\/acana.com.pl\/karma\/wp-content\/uploads\/2021\/04\/nie-tylko-dla-psa-www.jpg","keywords":["bezzapachowe woreczki na kup\u0119","Du\u017ce worki","Earth Rated","ekologiczne woreczki","kompostowalne woreczki na odchody","lawendowe woreczki","poop bags earth rated","woreczki bezzapachowe","woreczki kompostowalne","woreczki na kupy","woreczki na psie kupy","woreczki na psie odchody","zapachowe woreczki na kup\u0119"],"articleSection":["Poradnik"],"inLanguage":"pl-PL"},{"@type":"WebPage","@id":"https:\/\/acana.com.pl\/karma\/dlaczego-warto-miec-woreczki-na-spacerze-z-psem\/","url":"https:\/\/acana.com.pl\/karma\/dlaczego-warto-miec-woreczki-na-spacerze-z-psem\/","name":"Dlaczego warto mie\u0107 woreczki na spacerze z psem? - Blog Acana Polska","isPartOf":{"@id":"https:\/\/acana.com.pl\/karma\/#website"},"primaryImageOfPage":{"@id":"https:\/\/acana.com.pl\/karma\/dlaczego-warto-miec-woreczki-na-spacerze-z-psem\/#primaryimage"},"image":{"@id":"https:\/\/acana.com.pl\/karma\/dlaczego-warto-miec-woreczki-na-spacerze-z-psem\/#primaryimage"},"thumbnailUrl":"https:\/\/acana.com.pl\/karma\/wp-content\/uploads\/2021\/04\/nie-tylko-dla-psa-www.jpg","datePublished":"2021-04-16T13:12:22+00:00","description":"Je\u015bli nie czujesz si\u0119 przekonany\/a, \u017ce warto mie\u0107 woreczki na spacerze z psem, koniecznie zobacz, do czego mog\u0105 przyda\u0107 si\u0119 tak\u017ce Tobie!","breadcrumb":{"@id":"https:\/\/acana.com.pl\/karma\/dlaczego-warto-miec-woreczki-na-spacerze-z-psem\/#breadcrumb"},"inLanguage":"pl-PL","potentialAction":[{"@type":"ReadAction","target":["https:\/\/acana.com.pl\/karma\/dlaczego-warto-miec-woreczki-na-spacerze-z-psem\/"]}]},{"@type":"ImageObject","inLanguage":"pl-PL","@id":"https:\/\/acana.com.pl\/karma\/dlaczego-warto-miec-woreczki-na-spacerze-z-psem\/#primaryimage","url":"https:\/\/acana.com.pl\/karma\/wp-content\/uploads\/2021\/04\/nie-tylko-dla-psa-www.jpg","contentUrl":"https:\/\/acana.com.pl\/karma\/wp-content\/uploads\/2021\/04\/nie-tylko-dla-psa-www.jpg","width":1213,"height":537,"caption":"Woreczki na psie kupy. Dlaczego warto mie\u0107 woreczki na spacerze?"},{"@type":"BreadcrumbList","@id":"https:\/\/acana.com.pl\/karma\/dlaczego-warto-miec-woreczki-na-spacerze-z-psem\/#breadcrumb","itemListElement":[{"@type":"ListItem","position":1,"name":"Strona g\u0142\u00f3wna","item":"https:\/\/acana.com.pl\/karma\/"},{"@type":"ListItem","position":2,"name":"Dlaczego warto mie\u0107 woreczki na spacerze z psem?"}]},{"@type":"WebSite","@id":"https:\/\/acana.com.pl\/karma\/#website","url":"https:\/\/acana.com.pl\/karma\/","name":"Blog Acana Polska","description":"","publisher":{"@id":"https:\/\/acana.com.pl\/karma\/#organization"},"potentialAction":[{"@type":"SearchAction","target":{"@type":"EntryPoint","urlTemplate":"https:\/\/acana.com.pl\/karma\/?s={search_term_string}"},"query-input":{"@type":"PropertyValueSpecification","valueRequired":true,"valueName":"search_term_string"}}],"inLanguage":"pl-PL"},{"@type":"Organization","@id":"https:\/\/acana.com.pl\/karma\/#organization","name":"ACANA POLSKA Sp. z o.o. Sp. K.","url":"https:\/\/acana.com.pl\/karma\/","logo":{"@type":"ImageObject","inLanguage":"pl-PL","@id":"https:\/\/acana.com.pl\/karma\/#\/schema\/logo\/image\/","url":"https:\/\/acana.com.pl\/karma\/wp-content\/uploads\/2018\/02\/logo-Acana-1.png","contentUrl":"https:\/\/acana.com.pl\/karma\/wp-content\/uploads\/2018\/02\/logo-Acana-1.png","width":154,"height":74,"caption":"ACANA POLSKA Sp. z o.o. Sp. K."},"image":{"@id":"https:\/\/acana.com.pl\/karma\/#\/schema\/logo\/image\/"},"sameAs":["https:\/\/www.facebook.com\/acanapolska\/"]},{"@type":"Person","@id":"https:\/\/acana.com.pl\/karma\/#\/schema\/person\/97dda884f1050b0c23c3f8b6008b8a9a","name":"Aneta Urbaniak","image":{"@type":"ImageObject","inLanguage":"pl-PL","@id":"https:\/\/secure.gravatar.com\/avatar\/fb5da9bf0d6a85641ec2ba99f4c3f3a4f970ad4002875a59509b37db9477f1b4?s=96&d=mm&r=g","url":"https:\/\/secure.gravatar.com\/avatar\/fb5da9bf0d6a85641ec2ba99f4c3f3a4f970ad4002875a59509b37db9477f1b4?s=96&d=mm&r=g","contentUrl":"https:\/\/secure.gravatar.com\/avatar\/fb5da9bf0d6a85641ec2ba99f4c3f3a4f970ad4002875a59509b37db9477f1b4?s=96&d=mm&r=g","caption":"Aneta Urbaniak"},"url":"https:\/\/acana.com.pl\/karma\/author\/aneta\/"}]}},"_links":{"self":[{"href":"https:\/\/acana.com.pl\/karma\/wp-json\/wp\/v2\/posts\/11889","targetHints":{"allow":["GET"]}}],"collection":[{"href":"https:\/\/acana.com.pl\/karma\/wp-json\/wp\/v2\/posts"}],"about":[{"href":"https:\/\/acana.com.pl\/karma\/wp-json\/wp\/v2\/types\/post"}],"author":[{"embeddable":true,"href":"https:\/\/acana.com.pl\/karma\/wp-json\/wp\/v2\/users\/14"}],"replies":[{"embeddable":true,"href":"https:\/\/acana.com.pl\/karma\/wp-json\/wp\/v2\/comments?post=11889"}],"version-history":[{"count":0,"href":"https:\/\/acana.com.pl\/karma\/wp-json\/wp\/v2\/posts\/11889\/revisions"}],"wp:featuredmedia":[{"embeddable":true,"href":"https:\/\/acana.com.pl\/karma\/wp-json\/wp\/v2\/media\/11890"}],"wp:attachment":[{"href":"https:\/\/acana.com.pl\/karma\/wp-json\/wp\/v2\/media?parent=11889"}],"wp:term":[{"taxonomy":"category","embeddable":true,"href":"https:\/\/acana.com.pl\/karma\/wp-json\/wp\/v2\/categories?post=11889"},{"taxonomy":"post_tag","embeddable":true,"href":"https:\/\/acana.com.pl\/karma\/wp-json\/wp\/v2\/tags?post=11889"}],"curies":[{"name":"wp","href":"https:\/\/api.w.org\/{rel}","templated":true}]}}