{"id":11957,"date":"2021-05-19T10:51:38","date_gmt":"2021-05-19T08:51:38","guid":{"rendered":"https:\/\/acana.com.pl\/karma\/?p=11957"},"modified":"2021-05-19T10:52:35","modified_gmt":"2021-05-19T08:52:35","slug":"konkurs-aktywny-spacer-z-psem","status":"publish","type":"post","link":"https:\/\/acana.com.pl\/karma\/konkurs-aktywny-spacer-z-psem\/","title":{"rendered":"FotoKonkurs: Aktywny spacer z psem!"},"content":{"rendered":"<p style=\"text-align: justify;\">MAJ to dla nas MIESI\u0104C AKTYWNO\u015aCI z PSEM. Zach\u0119camy Ci\u0119 do ruszenia si\u0119 z kanapy i sp\u0119dzania czasu ze swoim pupilem w aktywny, rozwijaj\u0105cy Wasz\u0105 relacj\u0119 spos\u00f3b. Nie zapomnij uwieczni\u0107 wspania\u0142ych chwil z czworono\u017cnym przyjacielem. Dzi\u0119ki temu b\u0119dziesz m\u00f3g\u0142\/a wzi\u0105\u0107 udzia\u0142 w naszym FotoKonkursie! Zainspiruj innych mi\u0142o\u015bnik\u00f3w zwierz\u0105t do dobrej zabawy z psami. Przy okazji zgarnij wspania\u0142e nagrody.<\/p>\n<p style=\"text-align: justify;\">Dla TRZECH LAUREAT\u00d3W przewidzieli\u015bmy <strong>nagrody<\/strong> w postaci jedzenia ACANA z linii Regionals, monobia\u0142kowe przysmaki ACANA FDT, etui i woreczki na psie odchody EARTH RATED i ca\u0142\u0105 mas\u0119 innych prezent\u00f3w. Poza wymienionymi w Regulaminie, kt\u00f3ry znajdziesz poni\u017cej, z pewno\u015bci\u0105 znajd\u0105 si\u0119 dodatkowe niespodzianki. <strong>Daj nam si\u0119 zaskoczy\u0107!<\/strong><\/p>\n<h2>Warunki uczestnictwa w FotoKonkursie<\/h2>\n<p style=\"text-align: justify;\">Je\u015bli ta wiosna jest przynajmniej osiemnast\u0105 w Twoim \u017cyciu i posiadasz zweryfikowane konto na Facebooku &#8211; zapraszamy!&nbsp;<\/p>\n<p style=\"text-align: justify;\">Konkurs trwa od 19 maja 2021 r. od godz. 11:00 <strong>do 30 maja 2021 r. do godz. 23:59<\/strong>.&nbsp;<\/p>\n<h3>Co musisz zrobi\u0107?<\/h3>\n<p style=\"text-align: justify;\">Aby wzi\u0105\u0107 udzia\u0142 w konkursie umie\u015b\u0107 pod naszym postem konkursowym komentarz. Zawrzyj w nim zdj\u0119cie przedstawiaj\u0105ce <strong>aktywno\u015b\u0107 Twojego psa<\/strong> lub Wasz\u0105 wsp\u00f3ln\u0105 &#8211; koniecznie podczas spaceru! Opisz kr\u00f3tko swojego przyjaciela i Wasz spos\u00f3b na udany spacer. Autorzy\/ki komentarzy, kt\u00f3re zrobi\u0105 na nas najwi\u0119ksze wra\u017cenie pod wzgl\u0119dem <strong>estetyki<\/strong> zdj\u0119cia oraz <strong>kreatywno\u015bci<\/strong> i <strong>oryginalno\u015bci<\/strong> opisu, zostan\u0105 nagrodzeni pyszno\u015bciami i akcesoriami &#8211; dla siebie i pupila.<\/p>\n<p><strong>Czekamy na Wasze spacerowe inspiracje!<\/strong><\/p>\n<p>Wyniki og\u0142osimy na <a href=\"https:\/\/www.facebook.com\/acanapolska\/\" target=\"_blank\" rel=\"noopener\">naszej Facebook&#8217;owej stronie<\/a> ju\u017c 7 czerwca 2021 r.<\/p>\n<p><a href=\"https:\/\/acana.com.pl\/karma\/wp-content\/uploads\/2021\/05\/Regulamin-Konkursu-Aktywny-Spacer-z-Psem-Acana-Polska.pdf\" target=\"_blank\" rel=\"noopener\">Regulamin Konkursu Aktywny Spacer z Psem Acana Polska<\/a><\/p>\n<p style=\"text-align: justify;\">Je\u015bli jeszcze nie masz pomys\u0142u na to, jak mo\u017cesz ciekawie sp\u0119dzi\u0107 czas z pupilem podczas spaceru, zaspokajaj\u0105c jego potrzeby gatunkowe, koniecznie zajrzyj do naszego <a href=\"https:\/\/acana.com.pl\/karma\/przepis-na-idealny-spacer-z-psem\/\" target=\"_blank\" rel=\"noopener\">przepisu na idealny spacer z psem<\/a>.&nbsp;<\/p>\n","protected":false},"excerpt":{"rendered":"<p>MAJ to dla nas MIESI\u0104C AKTYWNO\u015aCI z PSEM. Zach\u0119camy Ci\u0119 do ruszenia si\u0119 z kanapy i sp\u0119dzania czasu ze swoim pupilem w aktywny, rozwijaj\u0105cy Wasz\u0105 relacj\u0119 spos\u00f3b. Nie zapomnij uwieczni\u0107 wspania\u0142ych chwil z czworono\u017cnym przyjacielem. Dzi\u0119ki temu b\u0119dziesz m\u00f3g\u0142\/a wzi\u0105\u0107 udzia\u0142 w naszym FotoKonkursie! Zainspiruj innych mi\u0142o\u015bnik\u00f3w zwierz\u0105t do dobrej zabawy z psami. Przy okazji [&hellip;]<\/p>\n","protected":false},"author":14,"featured_media":11959,"comment_status":"closed","ping_status":"closed","sticky":false,"template":"","format":"standard","meta":{"_acf_changed":false,"_editorskit_title_hidden":false,"_editorskit_reading_time":0,"_editorskit_is_block_options_detached":false,"_editorskit_block_options_position":"{}","ngg_post_thumbnail":0,"footnotes":""},"categories":[2],"tags":[],"class_list":["post-11957","post","type-post","status-publish","format-standard","has-post-thumbnail","hentry","category-aktualnosci"],"acf":[],"yoast_head":"<!-- This site is optimized with the Yoast SEO Premium plugin v27.4 (Yoast SEO v27.4) - https:\/\/yoast.com\/product\/yoast-seo-premium-wordpress\/ -->\n<title>FotoKonkurs: Aktywny spacer z psem! - Blog Acana Polska<\/title>\n<meta name=\"description\" content=\"Ty i Tw\u00f3j pies kochacie wsp\u00f3lne spacery? Poka\u017c nam, jak je sp\u0119dzacie i zgarnijcie wspania\u0142e nagrody w naszym konkursie.\" \/>\n<meta name=\"robots\" content=\"index, follow, max-snippet:-1, max-image-preview:large, max-video-preview:-1\" \/>\n<link rel=\"canonical\" href=\"https:\/\/acana.com.pl\/karma\/konkurs-aktywny-spacer-z-psem\/\" \/>\n<meta property=\"og:locale\" content=\"pl_PL\" \/>\n<meta property=\"og:type\" content=\"article\" \/>\n<meta property=\"og:title\" content=\"FotoKonkurs: Aktywny spacer z psem!\" \/>\n<meta property=\"og:description\" content=\"Ty i Tw\u00f3j pies kochacie wsp\u00f3lne spacery? Poka\u017c nam, jak je sp\u0119dzacie i zgarnijcie wspania\u0142e nagrody w naszym konkursie.\" \/>\n<meta property=\"og:url\" content=\"https:\/\/acana.com.pl\/karma\/konkurs-aktywny-spacer-z-psem\/\" \/>\n<meta property=\"og:site_name\" content=\"Blog Acana Polska\" \/>\n<meta property=\"article:publisher\" content=\"https:\/\/www.facebook.com\/acanapolska\/\" \/>\n<meta property=\"article:published_time\" content=\"2021-05-19T08:51:38+00:00\" \/>\n<meta property=\"article:modified_time\" content=\"2021-05-19T08:52:35+00:00\" \/>\n<meta property=\"og:image\" content=\"https:\/\/acana.com.pl\/karma\/wp-content\/uploads\/2021\/05\/obrazek-wyrozniajacy-FotoKonkurs.png\" \/>\n\t<meta property=\"og:image:width\" content=\"1213\" \/>\n\t<meta property=\"og:image:height\" content=\"537\" \/>\n\t<meta property=\"og:image:type\" content=\"image\/png\" \/>\n<meta name=\"author\" content=\"Aneta Urbaniak\" \/>\n<meta name=\"twitter:card\" content=\"summary_large_image\" \/>\n<meta name=\"twitter:label1\" content=\"Napisane przez\" \/>\n\t<meta name=\"twitter:data1\" content=\"Aneta Urbaniak\" \/>\n\t<meta name=\"twitter:label2\" content=\"Szacowany czas czytania\" \/>\n\t<meta name=\"twitter:data2\" content=\"2 minuty\" \/>\n<script type=\"application\/ld+json\" class=\"yoast-schema-graph\">{\"@context\":\"https:\\\/\\\/schema.org\",\"@graph\":[{\"@type\":\"Article\",\"@id\":\"https:\\\/\\\/acana.com.pl\\\/karma\\\/konkurs-aktywny-spacer-z-psem\\\/#article\",\"isPartOf\":{\"@id\":\"https:\\\/\\\/acana.com.pl\\\/karma\\\/konkurs-aktywny-spacer-z-psem\\\/\"},\"author\":{\"name\":\"Aneta Urbaniak\",\"@id\":\"https:\\\/\\\/acana.com.pl\\\/karma\\\/#\\\/schema\\\/person\\\/97dda884f1050b0c23c3f8b6008b8a9a\"},\"headline\":\"FotoKonkurs: Aktywny spacer z psem!\",\"datePublished\":\"2021-05-19T08:51:38+00:00\",\"dateModified\":\"2021-05-19T08:52:35+00:00\",\"mainEntityOfPage\":{\"@id\":\"https:\\\/\\\/acana.com.pl\\\/karma\\\/konkurs-aktywny-spacer-z-psem\\\/\"},\"wordCount\":309,\"publisher\":{\"@id\":\"https:\\\/\\\/acana.com.pl\\\/karma\\\/#organization\"},\"image\":{\"@id\":\"https:\\\/\\\/acana.com.pl\\\/karma\\\/konkurs-aktywny-spacer-z-psem\\\/#primaryimage\"},\"thumbnailUrl\":\"https:\\\/\\\/acana.com.pl\\\/karma\\\/wp-content\\\/uploads\\\/2021\\\/05\\\/obrazek-wyrozniajacy-FotoKonkurs.png\",\"articleSection\":[\"Aktualno\u015bci\"],\"inLanguage\":\"pl-PL\"},{\"@type\":\"WebPage\",\"@id\":\"https:\\\/\\\/acana.com.pl\\\/karma\\\/konkurs-aktywny-spacer-z-psem\\\/\",\"url\":\"https:\\\/\\\/acana.com.pl\\\/karma\\\/konkurs-aktywny-spacer-z-psem\\\/\",\"name\":\"FotoKonkurs: Aktywny spacer z psem! - Blog Acana Polska\",\"isPartOf\":{\"@id\":\"https:\\\/\\\/acana.com.pl\\\/karma\\\/#website\"},\"primaryImageOfPage\":{\"@id\":\"https:\\\/\\\/acana.com.pl\\\/karma\\\/konkurs-aktywny-spacer-z-psem\\\/#primaryimage\"},\"image\":{\"@id\":\"https:\\\/\\\/acana.com.pl\\\/karma\\\/konkurs-aktywny-spacer-z-psem\\\/#primaryimage\"},\"thumbnailUrl\":\"https:\\\/\\\/acana.com.pl\\\/karma\\\/wp-content\\\/uploads\\\/2021\\\/05\\\/obrazek-wyrozniajacy-FotoKonkurs.png\",\"datePublished\":\"2021-05-19T08:51:38+00:00\",\"dateModified\":\"2021-05-19T08:52:35+00:00\",\"description\":\"Ty i Tw\u00f3j pies kochacie wsp\u00f3lne spacery? Poka\u017c nam, jak je sp\u0119dzacie i zgarnijcie wspania\u0142e nagrody w naszym konkursie.\",\"breadcrumb\":{\"@id\":\"https:\\\/\\\/acana.com.pl\\\/karma\\\/konkurs-aktywny-spacer-z-psem\\\/#breadcrumb\"},\"inLanguage\":\"pl-PL\",\"potentialAction\":[{\"@type\":\"ReadAction\",\"target\":[\"https:\\\/\\\/acana.com.pl\\\/karma\\\/konkurs-aktywny-spacer-z-psem\\\/\"]}]},{\"@type\":\"ImageObject\",\"inLanguage\":\"pl-PL\",\"@id\":\"https:\\\/\\\/acana.com.pl\\\/karma\\\/konkurs-aktywny-spacer-z-psem\\\/#primaryimage\",\"url\":\"https:\\\/\\\/acana.com.pl\\\/karma\\\/wp-content\\\/uploads\\\/2021\\\/05\\\/obrazek-wyrozniajacy-FotoKonkurs.png\",\"contentUrl\":\"https:\\\/\\\/acana.com.pl\\\/karma\\\/wp-content\\\/uploads\\\/2021\\\/05\\\/obrazek-wyrozniajacy-FotoKonkurs.png\",\"width\":1213,\"height\":537,\"caption\":\"Konkurs Aktywny Spacer z Psem Acana Polska\"},{\"@type\":\"BreadcrumbList\",\"@id\":\"https:\\\/\\\/acana.com.pl\\\/karma\\\/konkurs-aktywny-spacer-z-psem\\\/#breadcrumb\",\"itemListElement\":[{\"@type\":\"ListItem\",\"position\":1,\"name\":\"Strona g\u0142\u00f3wna\",\"item\":\"https:\\\/\\\/acana.com.pl\\\/karma\\\/\"},{\"@type\":\"ListItem\",\"position\":2,\"name\":\"FotoKonkurs: Aktywny spacer z psem!\"}]},{\"@type\":\"WebSite\",\"@id\":\"https:\\\/\\\/acana.com.pl\\\/karma\\\/#website\",\"url\":\"https:\\\/\\\/acana.com.pl\\\/karma\\\/\",\"name\":\"Blog Acana Polska\",\"description\":\"\",\"publisher\":{\"@id\":\"https:\\\/\\\/acana.com.pl\\\/karma\\\/#organization\"},\"potentialAction\":[{\"@type\":\"SearchAction\",\"target\":{\"@type\":\"EntryPoint\",\"urlTemplate\":\"https:\\\/\\\/acana.com.pl\\\/karma\\\/?s={search_term_string}\"},\"query-input\":{\"@type\":\"PropertyValueSpecification\",\"valueRequired\":true,\"valueName\":\"search_term_string\"}}],\"inLanguage\":\"pl-PL\"},{\"@type\":\"Organization\",\"@id\":\"https:\\\/\\\/acana.com.pl\\\/karma\\\/#organization\",\"name\":\"ACANA POLSKA Sp. z o.o. Sp. K.\",\"url\":\"https:\\\/\\\/acana.com.pl\\\/karma\\\/\",\"logo\":{\"@type\":\"ImageObject\",\"inLanguage\":\"pl-PL\",\"@id\":\"https:\\\/\\\/acana.com.pl\\\/karma\\\/#\\\/schema\\\/logo\\\/image\\\/\",\"url\":\"https:\\\/\\\/acana.com.pl\\\/karma\\\/wp-content\\\/uploads\\\/2018\\\/02\\\/logo-Acana-1.png\",\"contentUrl\":\"https:\\\/\\\/acana.com.pl\\\/karma\\\/wp-content\\\/uploads\\\/2018\\\/02\\\/logo-Acana-1.png\",\"width\":154,\"height\":74,\"caption\":\"ACANA POLSKA Sp. z o.o. Sp. K.\"},\"image\":{\"@id\":\"https:\\\/\\\/acana.com.pl\\\/karma\\\/#\\\/schema\\\/logo\\\/image\\\/\"},\"sameAs\":[\"https:\\\/\\\/www.facebook.com\\\/acanapolska\\\/\"]},{\"@type\":\"Person\",\"@id\":\"https:\\\/\\\/acana.com.pl\\\/karma\\\/#\\\/schema\\\/person\\\/97dda884f1050b0c23c3f8b6008b8a9a\",\"name\":\"Aneta Urbaniak\",\"image\":{\"@type\":\"ImageObject\",\"inLanguage\":\"pl-PL\",\"@id\":\"https:\\\/\\\/secure.gravatar.com\\\/avatar\\\/fb5da9bf0d6a85641ec2ba99f4c3f3a4f970ad4002875a59509b37db9477f1b4?s=96&d=mm&r=g\",\"url\":\"https:\\\/\\\/secure.gravatar.com\\\/avatar\\\/fb5da9bf0d6a85641ec2ba99f4c3f3a4f970ad4002875a59509b37db9477f1b4?s=96&d=mm&r=g\",\"contentUrl\":\"https:\\\/\\\/secure.gravatar.com\\\/avatar\\\/fb5da9bf0d6a85641ec2ba99f4c3f3a4f970ad4002875a59509b37db9477f1b4?s=96&d=mm&r=g\",\"caption\":\"Aneta Urbaniak\"},\"url\":\"https:\\\/\\\/acana.com.pl\\\/karma\\\/author\\\/aneta\\\/\"}]}<\/script>\n<!-- \/ Yoast SEO Premium plugin. -->","yoast_head_json":{"title":"FotoKonkurs: Aktywny spacer z psem! - Blog Acana Polska","description":"Ty i Tw\u00f3j pies kochacie wsp\u00f3lne spacery? Poka\u017c nam, jak je sp\u0119dzacie i zgarnijcie wspania\u0142e nagrody w naszym konkursie.","robots":{"index":"index","follow":"follow","max-snippet":"max-snippet:-1","max-image-preview":"max-image-preview:large","max-video-preview":"max-video-preview:-1"},"canonical":"https:\/\/acana.com.pl\/karma\/konkurs-aktywny-spacer-z-psem\/","og_locale":"pl_PL","og_type":"article","og_title":"FotoKonkurs: Aktywny spacer z psem!","og_description":"Ty i Tw\u00f3j pies kochacie wsp\u00f3lne spacery? Poka\u017c nam, jak je sp\u0119dzacie i zgarnijcie wspania\u0142e nagrody w naszym konkursie.","og_url":"https:\/\/acana.com.pl\/karma\/konkurs-aktywny-spacer-z-psem\/","og_site_name":"Blog Acana Polska","article_publisher":"https:\/\/www.facebook.com\/acanapolska\/","article_published_time":"2021-05-19T08:51:38+00:00","article_modified_time":"2021-05-19T08:52:35+00:00","og_image":[{"width":1213,"height":537,"url":"https:\/\/acana.com.pl\/karma\/wp-content\/uploads\/2021\/05\/obrazek-wyrozniajacy-FotoKonkurs.png","type":"image\/png"}],"author":"Aneta Urbaniak","twitter_card":"summary_large_image","twitter_misc":{"Napisane przez":"Aneta Urbaniak","Szacowany czas czytania":"2 minuty"},"schema":{"@context":"https:\/\/schema.org","@graph":[{"@type":"Article","@id":"https:\/\/acana.com.pl\/karma\/konkurs-aktywny-spacer-z-psem\/#article","isPartOf":{"@id":"https:\/\/acana.com.pl\/karma\/konkurs-aktywny-spacer-z-psem\/"},"author":{"name":"Aneta Urbaniak","@id":"https:\/\/acana.com.pl\/karma\/#\/schema\/person\/97dda884f1050b0c23c3f8b6008b8a9a"},"headline":"FotoKonkurs: Aktywny spacer z psem!","datePublished":"2021-05-19T08:51:38+00:00","dateModified":"2021-05-19T08:52:35+00:00","mainEntityOfPage":{"@id":"https:\/\/acana.com.pl\/karma\/konkurs-aktywny-spacer-z-psem\/"},"wordCount":309,"publisher":{"@id":"https:\/\/acana.com.pl\/karma\/#organization"},"image":{"@id":"https:\/\/acana.com.pl\/karma\/konkurs-aktywny-spacer-z-psem\/#primaryimage"},"thumbnailUrl":"https:\/\/acana.com.pl\/karma\/wp-content\/uploads\/2021\/05\/obrazek-wyrozniajacy-FotoKonkurs.png","articleSection":["Aktualno\u015bci"],"inLanguage":"pl-PL"},{"@type":"WebPage","@id":"https:\/\/acana.com.pl\/karma\/konkurs-aktywny-spacer-z-psem\/","url":"https:\/\/acana.com.pl\/karma\/konkurs-aktywny-spacer-z-psem\/","name":"FotoKonkurs: Aktywny spacer z psem! - Blog Acana Polska","isPartOf":{"@id":"https:\/\/acana.com.pl\/karma\/#website"},"primaryImageOfPage":{"@id":"https:\/\/acana.com.pl\/karma\/konkurs-aktywny-spacer-z-psem\/#primaryimage"},"image":{"@id":"https:\/\/acana.com.pl\/karma\/konkurs-aktywny-spacer-z-psem\/#primaryimage"},"thumbnailUrl":"https:\/\/acana.com.pl\/karma\/wp-content\/uploads\/2021\/05\/obrazek-wyrozniajacy-FotoKonkurs.png","datePublished":"2021-05-19T08:51:38+00:00","dateModified":"2021-05-19T08:52:35+00:00","description":"Ty i Tw\u00f3j pies kochacie wsp\u00f3lne spacery? Poka\u017c nam, jak je sp\u0119dzacie i zgarnijcie wspania\u0142e nagrody w naszym konkursie.","breadcrumb":{"@id":"https:\/\/acana.com.pl\/karma\/konkurs-aktywny-spacer-z-psem\/#breadcrumb"},"inLanguage":"pl-PL","potentialAction":[{"@type":"ReadAction","target":["https:\/\/acana.com.pl\/karma\/konkurs-aktywny-spacer-z-psem\/"]}]},{"@type":"ImageObject","inLanguage":"pl-PL","@id":"https:\/\/acana.com.pl\/karma\/konkurs-aktywny-spacer-z-psem\/#primaryimage","url":"https:\/\/acana.com.pl\/karma\/wp-content\/uploads\/2021\/05\/obrazek-wyrozniajacy-FotoKonkurs.png","contentUrl":"https:\/\/acana.com.pl\/karma\/wp-content\/uploads\/2021\/05\/obrazek-wyrozniajacy-FotoKonkurs.png","width":1213,"height":537,"caption":"Konkurs Aktywny Spacer z Psem Acana Polska"},{"@type":"BreadcrumbList","@id":"https:\/\/acana.com.pl\/karma\/konkurs-aktywny-spacer-z-psem\/#breadcrumb","itemListElement":[{"@type":"ListItem","position":1,"name":"Strona g\u0142\u00f3wna","item":"https:\/\/acana.com.pl\/karma\/"},{"@type":"ListItem","position":2,"name":"FotoKonkurs: Aktywny spacer z psem!"}]},{"@type":"WebSite","@id":"https:\/\/acana.com.pl\/karma\/#website","url":"https:\/\/acana.com.pl\/karma\/","name":"Blog Acana Polska","description":"","publisher":{"@id":"https:\/\/acana.com.pl\/karma\/#organization"},"potentialAction":[{"@type":"SearchAction","target":{"@type":"EntryPoint","urlTemplate":"https:\/\/acana.com.pl\/karma\/?s={search_term_string}"},"query-input":{"@type":"PropertyValueSpecification","valueRequired":true,"valueName":"search_term_string"}}],"inLanguage":"pl-PL"},{"@type":"Organization","@id":"https:\/\/acana.com.pl\/karma\/#organization","name":"ACANA POLSKA Sp. z o.o. Sp. K.","url":"https:\/\/acana.com.pl\/karma\/","logo":{"@type":"ImageObject","inLanguage":"pl-PL","@id":"https:\/\/acana.com.pl\/karma\/#\/schema\/logo\/image\/","url":"https:\/\/acana.com.pl\/karma\/wp-content\/uploads\/2018\/02\/logo-Acana-1.png","contentUrl":"https:\/\/acana.com.pl\/karma\/wp-content\/uploads\/2018\/02\/logo-Acana-1.png","width":154,"height":74,"caption":"ACANA POLSKA Sp. z o.o. Sp. K."},"image":{"@id":"https:\/\/acana.com.pl\/karma\/#\/schema\/logo\/image\/"},"sameAs":["https:\/\/www.facebook.com\/acanapolska\/"]},{"@type":"Person","@id":"https:\/\/acana.com.pl\/karma\/#\/schema\/person\/97dda884f1050b0c23c3f8b6008b8a9a","name":"Aneta Urbaniak","image":{"@type":"ImageObject","inLanguage":"pl-PL","@id":"https:\/\/secure.gravatar.com\/avatar\/fb5da9bf0d6a85641ec2ba99f4c3f3a4f970ad4002875a59509b37db9477f1b4?s=96&d=mm&r=g","url":"https:\/\/secure.gravatar.com\/avatar\/fb5da9bf0d6a85641ec2ba99f4c3f3a4f970ad4002875a59509b37db9477f1b4?s=96&d=mm&r=g","contentUrl":"https:\/\/secure.gravatar.com\/avatar\/fb5da9bf0d6a85641ec2ba99f4c3f3a4f970ad4002875a59509b37db9477f1b4?s=96&d=mm&r=g","caption":"Aneta Urbaniak"},"url":"https:\/\/acana.com.pl\/karma\/author\/aneta\/"}]}},"_links":{"self":[{"href":"https:\/\/acana.com.pl\/karma\/wp-json\/wp\/v2\/posts\/11957","targetHints":{"allow":["GET"]}}],"collection":[{"href":"https:\/\/acana.com.pl\/karma\/wp-json\/wp\/v2\/posts"}],"about":[{"href":"https:\/\/acana.com.pl\/karma\/wp-json\/wp\/v2\/types\/post"}],"author":[{"embeddable":true,"href":"https:\/\/acana.com.pl\/karma\/wp-json\/wp\/v2\/users\/14"}],"replies":[{"embeddable":true,"href":"https:\/\/acana.com.pl\/karma\/wp-json\/wp\/v2\/comments?post=11957"}],"version-history":[{"count":0,"href":"https:\/\/acana.com.pl\/karma\/wp-json\/wp\/v2\/posts\/11957\/revisions"}],"wp:featuredmedia":[{"embeddable":true,"href":"https:\/\/acana.com.pl\/karma\/wp-json\/wp\/v2\/media\/11959"}],"wp:attachment":[{"href":"https:\/\/acana.com.pl\/karma\/wp-json\/wp\/v2\/media?parent=11957"}],"wp:term":[{"taxonomy":"category","embeddable":true,"href":"https:\/\/acana.com.pl\/karma\/wp-json\/wp\/v2\/categories?post=11957"},{"taxonomy":"post_tag","embeddable":true,"href":"https:\/\/acana.com.pl\/karma\/wp-json\/wp\/v2\/tags?post=11957"}],"curies":[{"name":"wp","href":"https:\/\/api.w.org\/{rel}","templated":true}]}}