{"id":12024,"date":"2021-07-01T14:18:46","date_gmt":"2021-07-01T12:18:46","guid":{"rendered":"https:\/\/acana.com.pl\/karma\/?p=12024"},"modified":"2021-07-01T14:18:46","modified_gmt":"2021-07-01T12:18:46","slug":"dzien-psa-miesiac-psa-w-acana-polska","status":"publish","type":"post","link":"https:\/\/acana.com.pl\/karma\/dzien-psa-miesiac-psa-w-acana-polska\/","title":{"rendered":"Dzie\u0144 Psa rozpoczyna&#8230; Miesi\u0105c Psa w Acana Polska!"},"content":{"rendered":"<p style=\"text-align: justify;\">Rokrocznie<strong> 1 lipca<\/strong> obchodzimy <strong>Dzie\u0144 Psa<\/strong>. Wiemy, jak wa\u017cne jest to \u015bwi\u0119to dla Mi\u0142o\u015bnik\u00f3w Zwierz\u0105t. W ko\u0144cu sami nimi jeste\u015bmy. Dlatego dzisiejszym dniem rozpoczynamy MIESI\u0104C PSA w Acana Polska.&nbsp;<\/p>\n<h3 style=\"text-align: justify;\"><span style=\"color: #90983d;\">Od czego zaczynamy?<\/span><\/h3>\n<p style=\"text-align: justify;\">Tylko DZI\u015a w <a href=\"https:\/\/sklep.acana.com.pl\/\" target=\"_blank\" rel=\"noopener\">naszym sklepie online<\/a> zakupisz <a href=\"https:\/\/sklep.acana.com.pl\/67-acana-dla-psa\" target=\"_blank\" rel=\"noopener\">jedzenie ACANA dla psa<\/a> z <span style=\"color: #923336;\">rabatem -20%<\/span>*! To wyj\u0105tkowa okazja, aby uzupe\u0142ni\u0107 misk\u0119 swojego pupila jedzeniem w kt\u00f3rym liczy si\u0119 <span style=\"color: #923336;\">co\u015b wi\u0119cej ni\u017c tylko pierwszy sk\u0142adnik<\/span>.&nbsp;<\/p>\n<p style=\"text-align: justify;\">R\u00f3wnie\u017c dzi\u015b nasz\u0105 ofert\u0119 poszerzy\u0142y <a href=\"https:\/\/sklep.acana.com.pl\/dla-psa\/273-wiadro-na-karme-dla-psa-acana.html\" target=\"_blank\" rel=\"noopener\">limitowane wiadra na karm\u0119 ACANA<\/a>. <span style=\"color: #923336;\">Wiadra metalowe<\/span>, pokryte lakierem dostosowanym do kontaktu z \u017cywno\u015bci\u0105, pozwol\u0105 Ci bezpiecznie <span style=\"color: #923336;\">przechowywa\u0107 a\u017c 12 kg<\/span> ulubionego jedzenia Twojego psa. \u015apiesz si\u0119 &#8211; liczba wiader przeznaczonych do sprzeda\u017cy jest <span style=\"color: #923336;\">ograniczona<\/span>!<\/p>\n<p style=\"text-align: justify;\">Co wi\u0119cej, dzisiejszego dnia wypatrujemy Ciebie i Twojego pupila w siedzibie naszej firmy! W <span style=\"color: #923336;\">sklepie stacjonarnym w Jelczu-Laskowicach<\/span> (ul. Kasztanowa 9) <span style=\"color: #923336;\">czeka upominek<\/span> dla Twojego pupila &#8211; testowe opakowania jedzenia ACANA oraz <a href=\"https:\/\/sklep.acana.com.pl\/78-whimzees-gryzaki-dla-psa\" target=\"_blank\" rel=\"noopener\">gryzaki dentystyczne WHIMZEES<\/a>. Jeste\u015bmy pewni, \u017ce to prezenty, kt\u00f3re pragnie otrzyma\u0107, a my bardzo chcemy mu je podarowa\u0107!<\/p>\n<p><strong>B\u0105d\u017a z nami w kolejnych dniach lipca!<\/strong><\/p>\n<p style=\"text-align: justify;\"><em>*Oferta dotyczy wy\u0142\u0105cznie klient\u00f3w indywidualnych i obowi\u0105zuje do 1.07.2021 do godz. 23:59. Rabat nie \u0142\u0105czy si\u0119 z rabatem sta\u0142ym przys\u0142uguj\u0105cym cz\u0142onkom Klubu Hodowc\u00f3w Acana Polska.&nbsp;<\/em><\/p>\n<p>&nbsp;<\/p>\n","protected":false},"excerpt":{"rendered":"<p>Rokrocznie 1 lipca obchodzimy Dzie\u0144 Psa. Wiemy, jak wa\u017cne jest to \u015bwi\u0119to dla Mi\u0142o\u015bnik\u00f3w Zwierz\u0105t. W ko\u0144cu sami nimi jeste\u015bmy. Dlatego dzisiejszym dniem rozpoczynamy MIESI\u0104C PSA w Acana Polska.&nbsp; Od czego zaczynamy? Tylko DZI\u015a w naszym sklepie online zakupisz jedzenie ACANA dla psa z rabatem -20%*! To wyj\u0105tkowa okazja, aby uzupe\u0142ni\u0107 misk\u0119 swojego pupila jedzeniem [&hellip;]<\/p>\n","protected":false},"author":14,"featured_media":12025,"comment_status":"closed","ping_status":"closed","sticky":false,"template":"","format":"standard","meta":{"_acf_changed":false,"_editorskit_title_hidden":false,"_editorskit_reading_time":0,"_editorskit_is_block_options_detached":false,"_editorskit_block_options_position":"{}","ngg_post_thumbnail":0,"footnotes":""},"categories":[2],"tags":[9,102,106,40,20,44,43,487,79],"class_list":["post-12024","post","type-post","status-publish","format-standard","has-post-thumbnail","hentry","category-aktualnosci","tag-acana","tag-acana-polska","tag-dzien-psa","tag-karma-dla-psa","tag-karma-z-miesem","tag-najlepsza-karma-dla-psow","tag-najlepsze-jedzenie-dla-psow","tag-whimzees","tag-zdrowe-jedzenie-dla-psa"],"acf":[],"yoast_head":"<!-- This site is optimized with the Yoast SEO Premium plugin v27.4 (Yoast SEO v27.5) - https:\/\/yoast.com\/product\/yoast-seo-premium-wordpress\/ -->\n<title>Dzie\u0144 Psa rozpoczyna... Miesi\u0105c Psa w Acana Polska! - Blog Acana Polska<\/title>\n<meta name=\"robots\" content=\"index, follow, max-snippet:-1, max-image-preview:large, max-video-preview:-1\" \/>\n<link rel=\"canonical\" href=\"https:\/\/acana.com.pl\/karma\/dzien-psa-miesiac-psa-w-acana-polska\/\" \/>\n<meta property=\"og:locale\" content=\"pl_PL\" \/>\n<meta property=\"og:type\" content=\"article\" \/>\n<meta property=\"og:title\" content=\"Dzie\u0144 Psa rozpoczyna... Miesi\u0105c Psa w Acana Polska!\" \/>\n<meta property=\"og:description\" content=\"Rokrocznie 1 lipca obchodzimy Dzie\u0144 Psa. Wiemy, jak wa\u017cne jest to \u015bwi\u0119to dla Mi\u0142o\u015bnik\u00f3w Zwierz\u0105t. W ko\u0144cu sami nimi jeste\u015bmy. Dlatego dzisiejszym dniem rozpoczynamy MIESI\u0104C PSA w Acana Polska.&nbsp; Od czego zaczynamy? Tylko DZI\u015a w naszym sklepie online zakupisz jedzenie ACANA dla psa z rabatem -20%*! To wyj\u0105tkowa okazja, aby uzupe\u0142ni\u0107 misk\u0119 swojego pupila jedzeniem [&hellip;]\" \/>\n<meta property=\"og:url\" content=\"https:\/\/acana.com.pl\/karma\/dzien-psa-miesiac-psa-w-acana-polska\/\" \/>\n<meta property=\"og:site_name\" content=\"Blog Acana Polska\" \/>\n<meta property=\"article:publisher\" content=\"https:\/\/www.facebook.com\/acanapolska\/\" \/>\n<meta property=\"article:published_time\" content=\"2021-07-01T12:18:46+00:00\" \/>\n<meta property=\"og:image\" content=\"https:\/\/acana.com.pl\/karma\/wp-content\/uploads\/2021\/07\/dzien-psa-www.png\" \/>\n\t<meta property=\"og:image:width\" content=\"1213\" \/>\n\t<meta property=\"og:image:height\" content=\"537\" \/>\n\t<meta property=\"og:image:type\" content=\"image\/png\" \/>\n<meta name=\"author\" content=\"Aneta Urbaniak\" \/>\n<meta name=\"twitter:card\" content=\"summary_large_image\" \/>\n<meta name=\"twitter:label1\" content=\"Napisane przez\" \/>\n\t<meta name=\"twitter:data1\" content=\"Aneta Urbaniak\" \/>\n\t<meta name=\"twitter:label2\" content=\"Szacowany czas czytania\" \/>\n\t<meta name=\"twitter:data2\" content=\"1 minuta\" \/>\n<script type=\"application\/ld+json\" class=\"yoast-schema-graph\">{\"@context\":\"https:\\\/\\\/schema.org\",\"@graph\":[{\"@type\":\"Article\",\"@id\":\"https:\\\/\\\/acana.com.pl\\\/karma\\\/dzien-psa-miesiac-psa-w-acana-polska\\\/#article\",\"isPartOf\":{\"@id\":\"https:\\\/\\\/acana.com.pl\\\/karma\\\/dzien-psa-miesiac-psa-w-acana-polska\\\/\"},\"author\":{\"name\":\"Aneta Urbaniak\",\"@id\":\"https:\\\/\\\/acana.com.pl\\\/karma\\\/#\\\/schema\\\/person\\\/97dda884f1050b0c23c3f8b6008b8a9a\"},\"headline\":\"Dzie\u0144 Psa rozpoczyna&#8230; Miesi\u0105c Psa w Acana Polska!\",\"datePublished\":\"2021-07-01T12:18:46+00:00\",\"mainEntityOfPage\":{\"@id\":\"https:\\\/\\\/acana.com.pl\\\/karma\\\/dzien-psa-miesiac-psa-w-acana-polska\\\/\"},\"wordCount\":225,\"publisher\":{\"@id\":\"https:\\\/\\\/acana.com.pl\\\/karma\\\/#organization\"},\"image\":{\"@id\":\"https:\\\/\\\/acana.com.pl\\\/karma\\\/dzien-psa-miesiac-psa-w-acana-polska\\\/#primaryimage\"},\"thumbnailUrl\":\"https:\\\/\\\/acana.com.pl\\\/karma\\\/wp-content\\\/uploads\\\/2021\\\/07\\\/dzien-psa-www.png\",\"keywords\":[\"Acana\",\"Acana Polska\",\"DZIE\u0143 PSA\",\"karma dla psa\",\"karma z mi\u0119sem\",\"najlepsza karma dla ps\u00f3w\",\"najlepsze jedzenie dla ps\u00f3w\",\"WHIMZEES\",\"zdrowe jedzenie dla psa\"],\"articleSection\":[\"Aktualno\u015bci\"],\"inLanguage\":\"pl-PL\"},{\"@type\":\"WebPage\",\"@id\":\"https:\\\/\\\/acana.com.pl\\\/karma\\\/dzien-psa-miesiac-psa-w-acana-polska\\\/\",\"url\":\"https:\\\/\\\/acana.com.pl\\\/karma\\\/dzien-psa-miesiac-psa-w-acana-polska\\\/\",\"name\":\"Dzie\u0144 Psa rozpoczyna... Miesi\u0105c Psa w Acana Polska! - Blog Acana Polska\",\"isPartOf\":{\"@id\":\"https:\\\/\\\/acana.com.pl\\\/karma\\\/#website\"},\"primaryImageOfPage\":{\"@id\":\"https:\\\/\\\/acana.com.pl\\\/karma\\\/dzien-psa-miesiac-psa-w-acana-polska\\\/#primaryimage\"},\"image\":{\"@id\":\"https:\\\/\\\/acana.com.pl\\\/karma\\\/dzien-psa-miesiac-psa-w-acana-polska\\\/#primaryimage\"},\"thumbnailUrl\":\"https:\\\/\\\/acana.com.pl\\\/karma\\\/wp-content\\\/uploads\\\/2021\\\/07\\\/dzien-psa-www.png\",\"datePublished\":\"2021-07-01T12:18:46+00:00\",\"breadcrumb\":{\"@id\":\"https:\\\/\\\/acana.com.pl\\\/karma\\\/dzien-psa-miesiac-psa-w-acana-polska\\\/#breadcrumb\"},\"inLanguage\":\"pl-PL\",\"potentialAction\":[{\"@type\":\"ReadAction\",\"target\":[\"https:\\\/\\\/acana.com.pl\\\/karma\\\/dzien-psa-miesiac-psa-w-acana-polska\\\/\"]}]},{\"@type\":\"ImageObject\",\"inLanguage\":\"pl-PL\",\"@id\":\"https:\\\/\\\/acana.com.pl\\\/karma\\\/dzien-psa-miesiac-psa-w-acana-polska\\\/#primaryimage\",\"url\":\"https:\\\/\\\/acana.com.pl\\\/karma\\\/wp-content\\\/uploads\\\/2021\\\/07\\\/dzien-psa-www.png\",\"contentUrl\":\"https:\\\/\\\/acana.com.pl\\\/karma\\\/wp-content\\\/uploads\\\/2021\\\/07\\\/dzien-psa-www.png\",\"width\":1213,\"height\":537,\"caption\":\"Dzie\u0144 Psa w Acana Polska\"},{\"@type\":\"BreadcrumbList\",\"@id\":\"https:\\\/\\\/acana.com.pl\\\/karma\\\/dzien-psa-miesiac-psa-w-acana-polska\\\/#breadcrumb\",\"itemListElement\":[{\"@type\":\"ListItem\",\"position\":1,\"name\":\"Strona g\u0142\u00f3wna\",\"item\":\"https:\\\/\\\/acana.com.pl\\\/karma\\\/\"},{\"@type\":\"ListItem\",\"position\":2,\"name\":\"Dzie\u0144 Psa rozpoczyna&#8230; Miesi\u0105c Psa w Acana Polska!\"}]},{\"@type\":\"WebSite\",\"@id\":\"https:\\\/\\\/acana.com.pl\\\/karma\\\/#website\",\"url\":\"https:\\\/\\\/acana.com.pl\\\/karma\\\/\",\"name\":\"Blog Acana Polska\",\"description\":\"\",\"publisher\":{\"@id\":\"https:\\\/\\\/acana.com.pl\\\/karma\\\/#organization\"},\"potentialAction\":[{\"@type\":\"SearchAction\",\"target\":{\"@type\":\"EntryPoint\",\"urlTemplate\":\"https:\\\/\\\/acana.com.pl\\\/karma\\\/?s={search_term_string}\"},\"query-input\":{\"@type\":\"PropertyValueSpecification\",\"valueRequired\":true,\"valueName\":\"search_term_string\"}}],\"inLanguage\":\"pl-PL\"},{\"@type\":\"Organization\",\"@id\":\"https:\\\/\\\/acana.com.pl\\\/karma\\\/#organization\",\"name\":\"ACANA POLSKA Sp. z o.o. Sp. K.\",\"url\":\"https:\\\/\\\/acana.com.pl\\\/karma\\\/\",\"logo\":{\"@type\":\"ImageObject\",\"inLanguage\":\"pl-PL\",\"@id\":\"https:\\\/\\\/acana.com.pl\\\/karma\\\/#\\\/schema\\\/logo\\\/image\\\/\",\"url\":\"https:\\\/\\\/acana.com.pl\\\/karma\\\/wp-content\\\/uploads\\\/2018\\\/02\\\/logo-Acana-1.png\",\"contentUrl\":\"https:\\\/\\\/acana.com.pl\\\/karma\\\/wp-content\\\/uploads\\\/2018\\\/02\\\/logo-Acana-1.png\",\"width\":154,\"height\":74,\"caption\":\"ACANA POLSKA Sp. z o.o. Sp. K.\"},\"image\":{\"@id\":\"https:\\\/\\\/acana.com.pl\\\/karma\\\/#\\\/schema\\\/logo\\\/image\\\/\"},\"sameAs\":[\"https:\\\/\\\/www.facebook.com\\\/acanapolska\\\/\"]},{\"@type\":\"Person\",\"@id\":\"https:\\\/\\\/acana.com.pl\\\/karma\\\/#\\\/schema\\\/person\\\/97dda884f1050b0c23c3f8b6008b8a9a\",\"name\":\"Aneta Urbaniak\",\"image\":{\"@type\":\"ImageObject\",\"inLanguage\":\"pl-PL\",\"@id\":\"https:\\\/\\\/secure.gravatar.com\\\/avatar\\\/fb5da9bf0d6a85641ec2ba99f4c3f3a4f970ad4002875a59509b37db9477f1b4?s=96&d=mm&r=g\",\"url\":\"https:\\\/\\\/secure.gravatar.com\\\/avatar\\\/fb5da9bf0d6a85641ec2ba99f4c3f3a4f970ad4002875a59509b37db9477f1b4?s=96&d=mm&r=g\",\"contentUrl\":\"https:\\\/\\\/secure.gravatar.com\\\/avatar\\\/fb5da9bf0d6a85641ec2ba99f4c3f3a4f970ad4002875a59509b37db9477f1b4?s=96&d=mm&r=g\",\"caption\":\"Aneta Urbaniak\"},\"url\":\"https:\\\/\\\/acana.com.pl\\\/karma\\\/author\\\/aneta\\\/\"}]}<\/script>\n<!-- \/ Yoast SEO Premium plugin. -->","yoast_head_json":{"title":"Dzie\u0144 Psa rozpoczyna... Miesi\u0105c Psa w Acana Polska! - Blog Acana Polska","robots":{"index":"index","follow":"follow","max-snippet":"max-snippet:-1","max-image-preview":"max-image-preview:large","max-video-preview":"max-video-preview:-1"},"canonical":"https:\/\/acana.com.pl\/karma\/dzien-psa-miesiac-psa-w-acana-polska\/","og_locale":"pl_PL","og_type":"article","og_title":"Dzie\u0144 Psa rozpoczyna... Miesi\u0105c Psa w Acana Polska!","og_description":"Rokrocznie 1 lipca obchodzimy Dzie\u0144 Psa. Wiemy, jak wa\u017cne jest to \u015bwi\u0119to dla Mi\u0142o\u015bnik\u00f3w Zwierz\u0105t. W ko\u0144cu sami nimi jeste\u015bmy. Dlatego dzisiejszym dniem rozpoczynamy MIESI\u0104C PSA w Acana Polska.&nbsp; Od czego zaczynamy? Tylko DZI\u015a w naszym sklepie online zakupisz jedzenie ACANA dla psa z rabatem -20%*! To wyj\u0105tkowa okazja, aby uzupe\u0142ni\u0107 misk\u0119 swojego pupila jedzeniem [&hellip;]","og_url":"https:\/\/acana.com.pl\/karma\/dzien-psa-miesiac-psa-w-acana-polska\/","og_site_name":"Blog Acana Polska","article_publisher":"https:\/\/www.facebook.com\/acanapolska\/","article_published_time":"2021-07-01T12:18:46+00:00","og_image":[{"width":1213,"height":537,"url":"https:\/\/acana.com.pl\/karma\/wp-content\/uploads\/2021\/07\/dzien-psa-www.png","type":"image\/png"}],"author":"Aneta Urbaniak","twitter_card":"summary_large_image","twitter_misc":{"Napisane przez":"Aneta Urbaniak","Szacowany czas czytania":"1 minuta"},"schema":{"@context":"https:\/\/schema.org","@graph":[{"@type":"Article","@id":"https:\/\/acana.com.pl\/karma\/dzien-psa-miesiac-psa-w-acana-polska\/#article","isPartOf":{"@id":"https:\/\/acana.com.pl\/karma\/dzien-psa-miesiac-psa-w-acana-polska\/"},"author":{"name":"Aneta Urbaniak","@id":"https:\/\/acana.com.pl\/karma\/#\/schema\/person\/97dda884f1050b0c23c3f8b6008b8a9a"},"headline":"Dzie\u0144 Psa rozpoczyna&#8230; Miesi\u0105c Psa w Acana Polska!","datePublished":"2021-07-01T12:18:46+00:00","mainEntityOfPage":{"@id":"https:\/\/acana.com.pl\/karma\/dzien-psa-miesiac-psa-w-acana-polska\/"},"wordCount":225,"publisher":{"@id":"https:\/\/acana.com.pl\/karma\/#organization"},"image":{"@id":"https:\/\/acana.com.pl\/karma\/dzien-psa-miesiac-psa-w-acana-polska\/#primaryimage"},"thumbnailUrl":"https:\/\/acana.com.pl\/karma\/wp-content\/uploads\/2021\/07\/dzien-psa-www.png","keywords":["Acana","Acana Polska","DZIE\u0143 PSA","karma dla psa","karma z mi\u0119sem","najlepsza karma dla ps\u00f3w","najlepsze jedzenie dla ps\u00f3w","WHIMZEES","zdrowe jedzenie dla psa"],"articleSection":["Aktualno\u015bci"],"inLanguage":"pl-PL"},{"@type":"WebPage","@id":"https:\/\/acana.com.pl\/karma\/dzien-psa-miesiac-psa-w-acana-polska\/","url":"https:\/\/acana.com.pl\/karma\/dzien-psa-miesiac-psa-w-acana-polska\/","name":"Dzie\u0144 Psa rozpoczyna... Miesi\u0105c Psa w Acana Polska! - Blog Acana Polska","isPartOf":{"@id":"https:\/\/acana.com.pl\/karma\/#website"},"primaryImageOfPage":{"@id":"https:\/\/acana.com.pl\/karma\/dzien-psa-miesiac-psa-w-acana-polska\/#primaryimage"},"image":{"@id":"https:\/\/acana.com.pl\/karma\/dzien-psa-miesiac-psa-w-acana-polska\/#primaryimage"},"thumbnailUrl":"https:\/\/acana.com.pl\/karma\/wp-content\/uploads\/2021\/07\/dzien-psa-www.png","datePublished":"2021-07-01T12:18:46+00:00","breadcrumb":{"@id":"https:\/\/acana.com.pl\/karma\/dzien-psa-miesiac-psa-w-acana-polska\/#breadcrumb"},"inLanguage":"pl-PL","potentialAction":[{"@type":"ReadAction","target":["https:\/\/acana.com.pl\/karma\/dzien-psa-miesiac-psa-w-acana-polska\/"]}]},{"@type":"ImageObject","inLanguage":"pl-PL","@id":"https:\/\/acana.com.pl\/karma\/dzien-psa-miesiac-psa-w-acana-polska\/#primaryimage","url":"https:\/\/acana.com.pl\/karma\/wp-content\/uploads\/2021\/07\/dzien-psa-www.png","contentUrl":"https:\/\/acana.com.pl\/karma\/wp-content\/uploads\/2021\/07\/dzien-psa-www.png","width":1213,"height":537,"caption":"Dzie\u0144 Psa w Acana Polska"},{"@type":"BreadcrumbList","@id":"https:\/\/acana.com.pl\/karma\/dzien-psa-miesiac-psa-w-acana-polska\/#breadcrumb","itemListElement":[{"@type":"ListItem","position":1,"name":"Strona g\u0142\u00f3wna","item":"https:\/\/acana.com.pl\/karma\/"},{"@type":"ListItem","position":2,"name":"Dzie\u0144 Psa rozpoczyna&#8230; Miesi\u0105c Psa w Acana Polska!"}]},{"@type":"WebSite","@id":"https:\/\/acana.com.pl\/karma\/#website","url":"https:\/\/acana.com.pl\/karma\/","name":"Blog Acana Polska","description":"","publisher":{"@id":"https:\/\/acana.com.pl\/karma\/#organization"},"potentialAction":[{"@type":"SearchAction","target":{"@type":"EntryPoint","urlTemplate":"https:\/\/acana.com.pl\/karma\/?s={search_term_string}"},"query-input":{"@type":"PropertyValueSpecification","valueRequired":true,"valueName":"search_term_string"}}],"inLanguage":"pl-PL"},{"@type":"Organization","@id":"https:\/\/acana.com.pl\/karma\/#organization","name":"ACANA POLSKA Sp. z o.o. Sp. K.","url":"https:\/\/acana.com.pl\/karma\/","logo":{"@type":"ImageObject","inLanguage":"pl-PL","@id":"https:\/\/acana.com.pl\/karma\/#\/schema\/logo\/image\/","url":"https:\/\/acana.com.pl\/karma\/wp-content\/uploads\/2018\/02\/logo-Acana-1.png","contentUrl":"https:\/\/acana.com.pl\/karma\/wp-content\/uploads\/2018\/02\/logo-Acana-1.png","width":154,"height":74,"caption":"ACANA POLSKA Sp. z o.o. Sp. K."},"image":{"@id":"https:\/\/acana.com.pl\/karma\/#\/schema\/logo\/image\/"},"sameAs":["https:\/\/www.facebook.com\/acanapolska\/"]},{"@type":"Person","@id":"https:\/\/acana.com.pl\/karma\/#\/schema\/person\/97dda884f1050b0c23c3f8b6008b8a9a","name":"Aneta Urbaniak","image":{"@type":"ImageObject","inLanguage":"pl-PL","@id":"https:\/\/secure.gravatar.com\/avatar\/fb5da9bf0d6a85641ec2ba99f4c3f3a4f970ad4002875a59509b37db9477f1b4?s=96&d=mm&r=g","url":"https:\/\/secure.gravatar.com\/avatar\/fb5da9bf0d6a85641ec2ba99f4c3f3a4f970ad4002875a59509b37db9477f1b4?s=96&d=mm&r=g","contentUrl":"https:\/\/secure.gravatar.com\/avatar\/fb5da9bf0d6a85641ec2ba99f4c3f3a4f970ad4002875a59509b37db9477f1b4?s=96&d=mm&r=g","caption":"Aneta Urbaniak"},"url":"https:\/\/acana.com.pl\/karma\/author\/aneta\/"}]}},"_links":{"self":[{"href":"https:\/\/acana.com.pl\/karma\/wp-json\/wp\/v2\/posts\/12024","targetHints":{"allow":["GET"]}}],"collection":[{"href":"https:\/\/acana.com.pl\/karma\/wp-json\/wp\/v2\/posts"}],"about":[{"href":"https:\/\/acana.com.pl\/karma\/wp-json\/wp\/v2\/types\/post"}],"author":[{"embeddable":true,"href":"https:\/\/acana.com.pl\/karma\/wp-json\/wp\/v2\/users\/14"}],"replies":[{"embeddable":true,"href":"https:\/\/acana.com.pl\/karma\/wp-json\/wp\/v2\/comments?post=12024"}],"version-history":[{"count":0,"href":"https:\/\/acana.com.pl\/karma\/wp-json\/wp\/v2\/posts\/12024\/revisions"}],"wp:featuredmedia":[{"embeddable":true,"href":"https:\/\/acana.com.pl\/karma\/wp-json\/wp\/v2\/media\/12025"}],"wp:attachment":[{"href":"https:\/\/acana.com.pl\/karma\/wp-json\/wp\/v2\/media?parent=12024"}],"wp:term":[{"taxonomy":"category","embeddable":true,"href":"https:\/\/acana.com.pl\/karma\/wp-json\/wp\/v2\/categories?post=12024"},{"taxonomy":"post_tag","embeddable":true,"href":"https:\/\/acana.com.pl\/karma\/wp-json\/wp\/v2\/tags?post=12024"}],"curies":[{"name":"wp","href":"https:\/\/api.w.org\/{rel}","templated":true}]}}