{"id":12175,"date":"2021-08-19T15:44:33","date_gmt":"2021-08-19T13:44:33","guid":{"rendered":"https:\/\/acana.com.pl\/karma\/?p=12175"},"modified":"2023-05-09T13:55:29","modified_gmt":"2023-05-09T11:55:29","slug":"podroz-z-psem-co-spakowac","status":"publish","type":"post","link":"https:\/\/acana.com.pl\/karma\/podroz-z-psem-co-spakowac\/","title":{"rendered":"Podr\u00f3\u017c z psem &#8211; co spakowa\u0107?"},"content":{"rendered":"<p style=\"text-align: justify;\">Koniec wakacji nadchodzi nieub\u0142aganie, jednak wielu opiekun\u00f3w ps\u00f3w dopiero teraz decyduje si\u0119 na wyjazd z psem. Schy\u0142ek wakacji to zwykle ni\u017csze temperatury i mniej t\u0142um\u00f3w. Wielu mi\u0142o\u015bnik\u00f3w ps\u00f3w uwa\u017ca to za idealne warunki na wsp\u00f3lny urlop. Je\u015bli i Ty nale\u017cysz do grupy, kt\u00f3ra jeszcze czeka na wakacyjny wyjazd, koniecznie sprawd\u017a, co spakowa\u0107 na podr\u00f3\u017c z psem.<\/p>\n<h2>1. Ksi\u0105\u017ceczka zdrowia lub paszport psa<\/h2>\n<p style=\"text-align: justify;\">Nikt nie planuje wizyt u weterynarzy podczas urlopu. Niestety bywa i tak, \u017ce bez wizyty w przychodni si\u0119 nie obejdzie. W podr\u00f3\u017c koniecznie zabierz ksi\u0105\u017ceczk\u0119 zdrowia pupila lub jego paszport. Pami\u0119taj, \u017ce je\u015bli Tw\u00f3j pies ma wyrobiony paszport, w\u0142a\u015bnie w nim musi znajdowa\u0107 si\u0119 potwierdzenie dzia\u0142a\u0144 profilaktycznych, jak <strong>szczepienia<\/strong> czy odrobaczanie. Od momentu wyrobienia paszportu dla psa, ksi\u0105\u017ceczka zdrowia s\u0142u\u017cy wy\u0142\u0105cznie adnotacjom dotycz\u0105cym leczenia pupila.&nbsp;<\/p>\n<h2>2. Karma dla psa<\/h2>\n<p style=\"text-align: justify;\">Obowi\u0105zkowo pami\u0119taj o <a href=\"https:\/\/sklep.acana.com.pl\/5-sucha-karma-dla-psa\" target=\"_blank\" rel=\"noopener\">ulubionym jedzeniu pupila<\/a>. Kontynuuj diet\u0119, kt\u00f3ra mu s\u0142u\u017cy i <strong>nie zmieniaj karmy podczas urlopu<\/strong>, ani bezpo\u015brednio przed nim. O powodach dla kt\u00f3rych nie warto tego robi\u0107, pisali\u015bmy daj\u0105c Ci <a href=\"https:\/\/acana.com.pl\/karma\/wyjazd-z-psem\/\" target=\"_blank\" rel=\"noopener\">5 wskaz\u00f3wek na udany wyjazd z psem<\/a>. Na urlop <strong>zakup mniejsze opakowanie karmy<\/strong> lub przygotuj dzienne porcje i umie\u015b\u0107 w szczelnych pojemnikach.&nbsp;<\/p>\n<h2>3. Klatka lub legowisko<\/h2>\n<p style=\"text-align: justify;\">Je\u015bli Tw\u00f3j pupil jest przyzwyczajony do klatki, rozwa\u017c zabranie jej ze sob\u0105. To <strong>bezpieczny azyl<\/strong> dla psa, dzi\u0119ki kt\u00f3remu poczuje si\u0119 pewniej w nowym otoczeniu. U\u0142atwi mu odpoczynek i sen w hotelu czy pensjonacie. W przypadku, gdy Tw\u00f3j pupil nie zna klatki, zapewnij mu wygodne legowisko, w miar\u0119 mo\u017cliwo\u015bci dok\u0142adnie te, kt\u00f3rego u\u017cywa w domu. Rozwa\u017c zabranie <strong>ulubionego kocyka<\/strong> lub maskotki psa.<\/p>\n<h2>4. Przysmaki i gryzaki<\/h2>\n<p style=\"text-align: justify;\">Czas sp\u0119dzony na wyje\u017adzie musi obfitowa\u0107 w atrakcje! Nie tylko w\u0119drownicze. Wykorzystuj wsp\u00f3lne sp\u0119dzanie czasu z psem np. na treningi, nagradzaj\u0105c pupila pysznymi przysmakami.<\/p>\n<p style=\"text-align: justify;\">Gdy dopadnie Ci\u0119 <strong>deszczowy dzie\u0144<\/strong>, przysmaki wykorzystasz <a href=\"https:\/\/acana.com.pl\/karma\/jesienny-czas-z-psem-w-domu\/\" target=\"_blank\" rel=\"noopener\">do wsp\u00f3lnych zabaw z pupilem<\/a>. \u0106wicz\u0105c jego umys\u0142, pozwolisz mu na &#8220;pozytywne zm\u0119czenie&#8221;, w r\u00f3wnym stopniu jak po d\u0142ugim spacerze. \u015awietnym rozwi\u0105zaniem, zapewniaj\u0105cym aktywno\u015b\u0107 pupilowi, a przy tym <a href=\"https:\/\/acana.com.pl\/karma\/po-co-gryzaki-dentystyczne-dla-psa\/\" target=\"_blank\" rel=\"noopener\">obowi\u0105zkow\u0105 dawk\u0119 higieny jamy ustnej<\/a>, s\u0105 gryzaki dentystyczne <a href=\"https:\/\/sklep.acana.com.pl\/45-gryzaki-dla-psa\" target=\"_blank\" rel=\"noopener\">WHIMZEES<\/a>. Te w pe\u0142ni wegetaria\u0144skie, lekkostrawne i niskot\u0142uszczowe gryzaki, pomog\u0105 zredukowa\u0107 codzienny przyrost p\u0142ytki naz\u0119bnej i pozytywnie wp\u0142yn\u0105 <a href=\"https:\/\/acana.com.pl\/karma\/nieswiezy-oddech-psa\/\" target=\"_blank\" rel=\"noopener\">na zapach z jamy ustnej psa<\/a>, zapewniaj\u0105c mu aktywno\u015b\u0107 <a href=\"https:\/\/acana.com.pl\/karma\/potrzeby-psa-czy-znasz-je\/\" target=\"_blank\" rel=\"noopener\">zgodn\u0105 z jego potrzebami gatunkowymi<\/a>.&nbsp;<\/p>\n<h2>5. Apteczka dla psa<\/h2>\n<p style=\"text-align: justify;\">Zapewnij sobie spok\u00f3j ducha i mo\u017cliwo\u015b\u0107 szybkiej reakcji w sytuacjach awaryjnych. Rekomendujemy skompletowanie apteczki dla psa, w kt\u00f3rej znajd\u0105 si\u0119 leki przyjmowane przez psa, leki hamuj\u0105ce biegunk\u0119 (wy\u0142\u0105cznie po konsultacji z lekarzem weterynarii!), przyrz\u0105dy wspomagaj\u0105ce usuwanie niechcianych kleszczy i <a href=\"https:\/\/sklep.acana.com.pl\/58-woreczki-earth-rated\" target=\"_blank\" rel=\"noopener\">zapas woreczk\u00f3w na psie odchody<\/a>. Wi\u0119cej podpowiedzi, co spakowa\u0107 na podr\u00f3\u017c z psem do apteczki, znajdziesz <a href=\"https:\/\/acana.com.pl\/karma\/co-powinna-zawierac-apteczka-dla-psa\/\" target=\"_blank\" rel=\"noopener\">tutaj<\/a>. Zerknij koniecznie!<\/p>\n<p><strong>Samych udanych wyjazd\u00f3w!<\/strong><\/p>\n","protected":false},"excerpt":{"rendered":"<p>Koniec wakacji nadchodzi nieub\u0142aganie, jednak wielu opiekun\u00f3w ps\u00f3w dopiero teraz decyduje si\u0119 na wyjazd z psem. Schy\u0142ek wakacji to zwykle ni\u017csze temperatury i mniej t\u0142um\u00f3w. Wielu mi\u0142o\u015bnik\u00f3w ps\u00f3w uwa\u017ca to za idealne warunki na wsp\u00f3lny urlop. Je\u015bli i Ty nale\u017cysz do grupy, kt\u00f3ra jeszcze czeka na wakacyjny wyjazd, koniecznie sprawd\u017a, co spakowa\u0107 na podr\u00f3\u017c z [&hellip;]<\/p>\n","protected":false},"author":14,"featured_media":12177,"comment_status":"closed","ping_status":"closed","sticky":false,"template":"","format":"standard","meta":{"_acf_changed":false,"_editorskit_title_hidden":false,"_editorskit_reading_time":0,"_editorskit_is_block_options_detached":false,"_editorskit_block_options_position":"{}","ngg_post_thumbnail":0,"footnotes":""},"categories":[199],"tags":[9,102,598,597,459,40,43,18,550,549,548,302,36,79],"class_list":["post-12175","post","type-post","status-publish","format-standard","has-post-thumbnail","hentry","category-poradnik","tag-acana","tag-acana-polska","tag-apteczka-dla-psa","tag-bagaz-psa","tag-dla-psa","tag-karma-dla-psa","tag-najlepsze-jedzenie-dla-psow","tag-orijen","tag-urlop-z-psem","tag-wakacje-z-psem","tag-wyjazd-z-psem","tag-wytrzymale-gryzaki-dla-psa","tag-zapachowe-woreczki-na-kupe","tag-zdrowe-jedzenie-dla-psa"],"acf":[],"yoast_head":"<!-- This site is optimized with the Yoast SEO Premium plugin v27.4 (Yoast SEO v27.4) - https:\/\/yoast.com\/product\/yoast-seo-premium-wordpress\/ -->\n<title>Podr\u00f3\u017c z psem - co spakowa\u0107? - Blog Acana Polska<\/title>\n<meta name=\"description\" content=\"Czas na wyjazd z psem? Niewa\u017cne czy jedziesz na weekend, czy na d\u0142u\u017cszy urlop. Maj\u0105c przy sobie pupila, nie mo\u017cesz zapomnie\u0107 o tych rzeczach.\" \/>\n<meta name=\"robots\" content=\"index, follow, max-snippet:-1, max-image-preview:large, max-video-preview:-1\" \/>\n<link rel=\"canonical\" href=\"https:\/\/acana.com.pl\/karma\/podroz-z-psem-co-spakowac\/\" \/>\n<meta property=\"og:locale\" content=\"pl_PL\" \/>\n<meta property=\"og:type\" content=\"article\" \/>\n<meta property=\"og:title\" content=\"Podr\u00f3\u017c z psem - co spakowa\u0107?\" \/>\n<meta property=\"og:description\" content=\"Czas na wyjazd z psem? Niewa\u017cne czy jedziesz na weekend, czy na d\u0142u\u017cszy urlop. Maj\u0105c przy sobie pupila, nie mo\u017cesz zapomnie\u0107 o tych rzeczach.\" \/>\n<meta property=\"og:url\" content=\"https:\/\/acana.com.pl\/karma\/podroz-z-psem-co-spakowac\/\" \/>\n<meta property=\"og:site_name\" content=\"Blog Acana Polska\" \/>\n<meta property=\"article:publisher\" content=\"https:\/\/www.facebook.com\/acanapolska\/\" \/>\n<meta property=\"article:published_time\" content=\"2021-08-19T13:44:33+00:00\" \/>\n<meta property=\"article:modified_time\" content=\"2023-05-09T11:55:29+00:00\" \/>\n<meta property=\"og:image\" content=\"https:\/\/acana.com.pl\/karma\/wp-content\/uploads\/2021\/08\/psi-bagaz-www.png\" \/>\n\t<meta property=\"og:image:width\" content=\"1213\" \/>\n\t<meta property=\"og:image:height\" content=\"537\" \/>\n\t<meta property=\"og:image:type\" content=\"image\/png\" \/>\n<meta name=\"author\" content=\"Aneta Urbaniak\" \/>\n<meta name=\"twitter:card\" content=\"summary_large_image\" \/>\n<meta name=\"twitter:label1\" content=\"Napisane przez\" \/>\n\t<meta name=\"twitter:data1\" content=\"Aneta Urbaniak\" \/>\n\t<meta name=\"twitter:label2\" content=\"Szacowany czas czytania\" \/>\n\t<meta name=\"twitter:data2\" content=\"3 minuty\" \/>\n<script type=\"application\/ld+json\" class=\"yoast-schema-graph\">{\"@context\":\"https:\\\/\\\/schema.org\",\"@graph\":[{\"@type\":\"Article\",\"@id\":\"https:\\\/\\\/acana.com.pl\\\/karma\\\/podroz-z-psem-co-spakowac\\\/#article\",\"isPartOf\":{\"@id\":\"https:\\\/\\\/acana.com.pl\\\/karma\\\/podroz-z-psem-co-spakowac\\\/\"},\"author\":{\"name\":\"Aneta Urbaniak\",\"@id\":\"https:\\\/\\\/acana.com.pl\\\/karma\\\/#\\\/schema\\\/person\\\/97dda884f1050b0c23c3f8b6008b8a9a\"},\"headline\":\"Podr\u00f3\u017c z psem &#8211; co spakowa\u0107?\",\"datePublished\":\"2021-08-19T13:44:33+00:00\",\"dateModified\":\"2023-05-09T11:55:29+00:00\",\"mainEntityOfPage\":{\"@id\":\"https:\\\/\\\/acana.com.pl\\\/karma\\\/podroz-z-psem-co-spakowac\\\/\"},\"wordCount\":503,\"publisher\":{\"@id\":\"https:\\\/\\\/acana.com.pl\\\/karma\\\/#organization\"},\"image\":{\"@id\":\"https:\\\/\\\/acana.com.pl\\\/karma\\\/podroz-z-psem-co-spakowac\\\/#primaryimage\"},\"thumbnailUrl\":\"https:\\\/\\\/acana.com.pl\\\/karma\\\/wp-content\\\/uploads\\\/2021\\\/08\\\/psi-bagaz-www.png\",\"keywords\":[\"Acana\",\"Acana Polska\",\"apteczka dla psa\",\"baga\u017c psa\",\"dla psa\",\"karma dla psa\",\"najlepsze jedzenie dla ps\u00f3w\",\"orijen\",\"urlop z psem\",\"wakacje z psem\",\"wyjazd z psem\",\"wytrzyma\u0142e gryzaki dla psa\",\"zapachowe woreczki na kup\u0119\",\"zdrowe jedzenie dla psa\"],\"articleSection\":[\"Poradnik\"],\"inLanguage\":\"pl-PL\"},{\"@type\":\"WebPage\",\"@id\":\"https:\\\/\\\/acana.com.pl\\\/karma\\\/podroz-z-psem-co-spakowac\\\/\",\"url\":\"https:\\\/\\\/acana.com.pl\\\/karma\\\/podroz-z-psem-co-spakowac\\\/\",\"name\":\"Podr\u00f3\u017c z psem - co spakowa\u0107? - Blog Acana Polska\",\"isPartOf\":{\"@id\":\"https:\\\/\\\/acana.com.pl\\\/karma\\\/#website\"},\"primaryImageOfPage\":{\"@id\":\"https:\\\/\\\/acana.com.pl\\\/karma\\\/podroz-z-psem-co-spakowac\\\/#primaryimage\"},\"image\":{\"@id\":\"https:\\\/\\\/acana.com.pl\\\/karma\\\/podroz-z-psem-co-spakowac\\\/#primaryimage\"},\"thumbnailUrl\":\"https:\\\/\\\/acana.com.pl\\\/karma\\\/wp-content\\\/uploads\\\/2021\\\/08\\\/psi-bagaz-www.png\",\"datePublished\":\"2021-08-19T13:44:33+00:00\",\"dateModified\":\"2023-05-09T11:55:29+00:00\",\"description\":\"Czas na wyjazd z psem? Niewa\u017cne czy jedziesz na weekend, czy na d\u0142u\u017cszy urlop. Maj\u0105c przy sobie pupila, nie mo\u017cesz zapomnie\u0107 o tych rzeczach.\",\"breadcrumb\":{\"@id\":\"https:\\\/\\\/acana.com.pl\\\/karma\\\/podroz-z-psem-co-spakowac\\\/#breadcrumb\"},\"inLanguage\":\"pl-PL\",\"potentialAction\":[{\"@type\":\"ReadAction\",\"target\":[\"https:\\\/\\\/acana.com.pl\\\/karma\\\/podroz-z-psem-co-spakowac\\\/\"]}]},{\"@type\":\"ImageObject\",\"inLanguage\":\"pl-PL\",\"@id\":\"https:\\\/\\\/acana.com.pl\\\/karma\\\/podroz-z-psem-co-spakowac\\\/#primaryimage\",\"url\":\"https:\\\/\\\/acana.com.pl\\\/karma\\\/wp-content\\\/uploads\\\/2021\\\/08\\\/psi-bagaz-www.png\",\"contentUrl\":\"https:\\\/\\\/acana.com.pl\\\/karma\\\/wp-content\\\/uploads\\\/2021\\\/08\\\/psi-bagaz-www.png\",\"width\":1213,\"height\":537,\"caption\":\"Psi baga\u017c. Co spakowa\u0107 na podr\u00f3\u017c z psem?\"},{\"@type\":\"BreadcrumbList\",\"@id\":\"https:\\\/\\\/acana.com.pl\\\/karma\\\/podroz-z-psem-co-spakowac\\\/#breadcrumb\",\"itemListElement\":[{\"@type\":\"ListItem\",\"position\":1,\"name\":\"Strona g\u0142\u00f3wna\",\"item\":\"https:\\\/\\\/acana.com.pl\\\/karma\\\/\"},{\"@type\":\"ListItem\",\"position\":2,\"name\":\"Podr\u00f3\u017c z psem &#8211; co spakowa\u0107?\"}]},{\"@type\":\"WebSite\",\"@id\":\"https:\\\/\\\/acana.com.pl\\\/karma\\\/#website\",\"url\":\"https:\\\/\\\/acana.com.pl\\\/karma\\\/\",\"name\":\"Blog Acana Polska\",\"description\":\"\",\"publisher\":{\"@id\":\"https:\\\/\\\/acana.com.pl\\\/karma\\\/#organization\"},\"potentialAction\":[{\"@type\":\"SearchAction\",\"target\":{\"@type\":\"EntryPoint\",\"urlTemplate\":\"https:\\\/\\\/acana.com.pl\\\/karma\\\/?s={search_term_string}\"},\"query-input\":{\"@type\":\"PropertyValueSpecification\",\"valueRequired\":true,\"valueName\":\"search_term_string\"}}],\"inLanguage\":\"pl-PL\"},{\"@type\":\"Organization\",\"@id\":\"https:\\\/\\\/acana.com.pl\\\/karma\\\/#organization\",\"name\":\"ACANA POLSKA Sp. z o.o. Sp. K.\",\"url\":\"https:\\\/\\\/acana.com.pl\\\/karma\\\/\",\"logo\":{\"@type\":\"ImageObject\",\"inLanguage\":\"pl-PL\",\"@id\":\"https:\\\/\\\/acana.com.pl\\\/karma\\\/#\\\/schema\\\/logo\\\/image\\\/\",\"url\":\"https:\\\/\\\/acana.com.pl\\\/karma\\\/wp-content\\\/uploads\\\/2018\\\/02\\\/logo-Acana-1.png\",\"contentUrl\":\"https:\\\/\\\/acana.com.pl\\\/karma\\\/wp-content\\\/uploads\\\/2018\\\/02\\\/logo-Acana-1.png\",\"width\":154,\"height\":74,\"caption\":\"ACANA POLSKA Sp. z o.o. Sp. K.\"},\"image\":{\"@id\":\"https:\\\/\\\/acana.com.pl\\\/karma\\\/#\\\/schema\\\/logo\\\/image\\\/\"},\"sameAs\":[\"https:\\\/\\\/www.facebook.com\\\/acanapolska\\\/\"]},{\"@type\":\"Person\",\"@id\":\"https:\\\/\\\/acana.com.pl\\\/karma\\\/#\\\/schema\\\/person\\\/97dda884f1050b0c23c3f8b6008b8a9a\",\"name\":\"Aneta Urbaniak\",\"image\":{\"@type\":\"ImageObject\",\"inLanguage\":\"pl-PL\",\"@id\":\"https:\\\/\\\/secure.gravatar.com\\\/avatar\\\/fb5da9bf0d6a85641ec2ba99f4c3f3a4f970ad4002875a59509b37db9477f1b4?s=96&d=mm&r=g\",\"url\":\"https:\\\/\\\/secure.gravatar.com\\\/avatar\\\/fb5da9bf0d6a85641ec2ba99f4c3f3a4f970ad4002875a59509b37db9477f1b4?s=96&d=mm&r=g\",\"contentUrl\":\"https:\\\/\\\/secure.gravatar.com\\\/avatar\\\/fb5da9bf0d6a85641ec2ba99f4c3f3a4f970ad4002875a59509b37db9477f1b4?s=96&d=mm&r=g\",\"caption\":\"Aneta Urbaniak\"},\"url\":\"https:\\\/\\\/acana.com.pl\\\/karma\\\/author\\\/aneta\\\/\"}]}<\/script>\n<!-- \/ Yoast SEO Premium plugin. -->","yoast_head_json":{"title":"Podr\u00f3\u017c z psem - co spakowa\u0107? - Blog Acana Polska","description":"Czas na wyjazd z psem? Niewa\u017cne czy jedziesz na weekend, czy na d\u0142u\u017cszy urlop. Maj\u0105c przy sobie pupila, nie mo\u017cesz zapomnie\u0107 o tych rzeczach.","robots":{"index":"index","follow":"follow","max-snippet":"max-snippet:-1","max-image-preview":"max-image-preview:large","max-video-preview":"max-video-preview:-1"},"canonical":"https:\/\/acana.com.pl\/karma\/podroz-z-psem-co-spakowac\/","og_locale":"pl_PL","og_type":"article","og_title":"Podr\u00f3\u017c z psem - co spakowa\u0107?","og_description":"Czas na wyjazd z psem? Niewa\u017cne czy jedziesz na weekend, czy na d\u0142u\u017cszy urlop. Maj\u0105c przy sobie pupila, nie mo\u017cesz zapomnie\u0107 o tych rzeczach.","og_url":"https:\/\/acana.com.pl\/karma\/podroz-z-psem-co-spakowac\/","og_site_name":"Blog Acana Polska","article_publisher":"https:\/\/www.facebook.com\/acanapolska\/","article_published_time":"2021-08-19T13:44:33+00:00","article_modified_time":"2023-05-09T11:55:29+00:00","og_image":[{"width":1213,"height":537,"url":"https:\/\/acana.com.pl\/karma\/wp-content\/uploads\/2021\/08\/psi-bagaz-www.png","type":"image\/png"}],"author":"Aneta Urbaniak","twitter_card":"summary_large_image","twitter_misc":{"Napisane przez":"Aneta Urbaniak","Szacowany czas czytania":"3 minuty"},"schema":{"@context":"https:\/\/schema.org","@graph":[{"@type":"Article","@id":"https:\/\/acana.com.pl\/karma\/podroz-z-psem-co-spakowac\/#article","isPartOf":{"@id":"https:\/\/acana.com.pl\/karma\/podroz-z-psem-co-spakowac\/"},"author":{"name":"Aneta Urbaniak","@id":"https:\/\/acana.com.pl\/karma\/#\/schema\/person\/97dda884f1050b0c23c3f8b6008b8a9a"},"headline":"Podr\u00f3\u017c z psem &#8211; co spakowa\u0107?","datePublished":"2021-08-19T13:44:33+00:00","dateModified":"2023-05-09T11:55:29+00:00","mainEntityOfPage":{"@id":"https:\/\/acana.com.pl\/karma\/podroz-z-psem-co-spakowac\/"},"wordCount":503,"publisher":{"@id":"https:\/\/acana.com.pl\/karma\/#organization"},"image":{"@id":"https:\/\/acana.com.pl\/karma\/podroz-z-psem-co-spakowac\/#primaryimage"},"thumbnailUrl":"https:\/\/acana.com.pl\/karma\/wp-content\/uploads\/2021\/08\/psi-bagaz-www.png","keywords":["Acana","Acana Polska","apteczka dla psa","baga\u017c psa","dla psa","karma dla psa","najlepsze jedzenie dla ps\u00f3w","orijen","urlop z psem","wakacje z psem","wyjazd z psem","wytrzyma\u0142e gryzaki dla psa","zapachowe woreczki na kup\u0119","zdrowe jedzenie dla psa"],"articleSection":["Poradnik"],"inLanguage":"pl-PL"},{"@type":"WebPage","@id":"https:\/\/acana.com.pl\/karma\/podroz-z-psem-co-spakowac\/","url":"https:\/\/acana.com.pl\/karma\/podroz-z-psem-co-spakowac\/","name":"Podr\u00f3\u017c z psem - co spakowa\u0107? - Blog Acana Polska","isPartOf":{"@id":"https:\/\/acana.com.pl\/karma\/#website"},"primaryImageOfPage":{"@id":"https:\/\/acana.com.pl\/karma\/podroz-z-psem-co-spakowac\/#primaryimage"},"image":{"@id":"https:\/\/acana.com.pl\/karma\/podroz-z-psem-co-spakowac\/#primaryimage"},"thumbnailUrl":"https:\/\/acana.com.pl\/karma\/wp-content\/uploads\/2021\/08\/psi-bagaz-www.png","datePublished":"2021-08-19T13:44:33+00:00","dateModified":"2023-05-09T11:55:29+00:00","description":"Czas na wyjazd z psem? Niewa\u017cne czy jedziesz na weekend, czy na d\u0142u\u017cszy urlop. Maj\u0105c przy sobie pupila, nie mo\u017cesz zapomnie\u0107 o tych rzeczach.","breadcrumb":{"@id":"https:\/\/acana.com.pl\/karma\/podroz-z-psem-co-spakowac\/#breadcrumb"},"inLanguage":"pl-PL","potentialAction":[{"@type":"ReadAction","target":["https:\/\/acana.com.pl\/karma\/podroz-z-psem-co-spakowac\/"]}]},{"@type":"ImageObject","inLanguage":"pl-PL","@id":"https:\/\/acana.com.pl\/karma\/podroz-z-psem-co-spakowac\/#primaryimage","url":"https:\/\/acana.com.pl\/karma\/wp-content\/uploads\/2021\/08\/psi-bagaz-www.png","contentUrl":"https:\/\/acana.com.pl\/karma\/wp-content\/uploads\/2021\/08\/psi-bagaz-www.png","width":1213,"height":537,"caption":"Psi baga\u017c. Co spakowa\u0107 na podr\u00f3\u017c z psem?"},{"@type":"BreadcrumbList","@id":"https:\/\/acana.com.pl\/karma\/podroz-z-psem-co-spakowac\/#breadcrumb","itemListElement":[{"@type":"ListItem","position":1,"name":"Strona g\u0142\u00f3wna","item":"https:\/\/acana.com.pl\/karma\/"},{"@type":"ListItem","position":2,"name":"Podr\u00f3\u017c z psem &#8211; co spakowa\u0107?"}]},{"@type":"WebSite","@id":"https:\/\/acana.com.pl\/karma\/#website","url":"https:\/\/acana.com.pl\/karma\/","name":"Blog Acana Polska","description":"","publisher":{"@id":"https:\/\/acana.com.pl\/karma\/#organization"},"potentialAction":[{"@type":"SearchAction","target":{"@type":"EntryPoint","urlTemplate":"https:\/\/acana.com.pl\/karma\/?s={search_term_string}"},"query-input":{"@type":"PropertyValueSpecification","valueRequired":true,"valueName":"search_term_string"}}],"inLanguage":"pl-PL"},{"@type":"Organization","@id":"https:\/\/acana.com.pl\/karma\/#organization","name":"ACANA POLSKA Sp. z o.o. Sp. K.","url":"https:\/\/acana.com.pl\/karma\/","logo":{"@type":"ImageObject","inLanguage":"pl-PL","@id":"https:\/\/acana.com.pl\/karma\/#\/schema\/logo\/image\/","url":"https:\/\/acana.com.pl\/karma\/wp-content\/uploads\/2018\/02\/logo-Acana-1.png","contentUrl":"https:\/\/acana.com.pl\/karma\/wp-content\/uploads\/2018\/02\/logo-Acana-1.png","width":154,"height":74,"caption":"ACANA POLSKA Sp. z o.o. Sp. K."},"image":{"@id":"https:\/\/acana.com.pl\/karma\/#\/schema\/logo\/image\/"},"sameAs":["https:\/\/www.facebook.com\/acanapolska\/"]},{"@type":"Person","@id":"https:\/\/acana.com.pl\/karma\/#\/schema\/person\/97dda884f1050b0c23c3f8b6008b8a9a","name":"Aneta Urbaniak","image":{"@type":"ImageObject","inLanguage":"pl-PL","@id":"https:\/\/secure.gravatar.com\/avatar\/fb5da9bf0d6a85641ec2ba99f4c3f3a4f970ad4002875a59509b37db9477f1b4?s=96&d=mm&r=g","url":"https:\/\/secure.gravatar.com\/avatar\/fb5da9bf0d6a85641ec2ba99f4c3f3a4f970ad4002875a59509b37db9477f1b4?s=96&d=mm&r=g","contentUrl":"https:\/\/secure.gravatar.com\/avatar\/fb5da9bf0d6a85641ec2ba99f4c3f3a4f970ad4002875a59509b37db9477f1b4?s=96&d=mm&r=g","caption":"Aneta Urbaniak"},"url":"https:\/\/acana.com.pl\/karma\/author\/aneta\/"}]}},"_links":{"self":[{"href":"https:\/\/acana.com.pl\/karma\/wp-json\/wp\/v2\/posts\/12175","targetHints":{"allow":["GET"]}}],"collection":[{"href":"https:\/\/acana.com.pl\/karma\/wp-json\/wp\/v2\/posts"}],"about":[{"href":"https:\/\/acana.com.pl\/karma\/wp-json\/wp\/v2\/types\/post"}],"author":[{"embeddable":true,"href":"https:\/\/acana.com.pl\/karma\/wp-json\/wp\/v2\/users\/14"}],"replies":[{"embeddable":true,"href":"https:\/\/acana.com.pl\/karma\/wp-json\/wp\/v2\/comments?post=12175"}],"version-history":[{"count":0,"href":"https:\/\/acana.com.pl\/karma\/wp-json\/wp\/v2\/posts\/12175\/revisions"}],"wp:featuredmedia":[{"embeddable":true,"href":"https:\/\/acana.com.pl\/karma\/wp-json\/wp\/v2\/media\/12177"}],"wp:attachment":[{"href":"https:\/\/acana.com.pl\/karma\/wp-json\/wp\/v2\/media?parent=12175"}],"wp:term":[{"taxonomy":"category","embeddable":true,"href":"https:\/\/acana.com.pl\/karma\/wp-json\/wp\/v2\/categories?post=12175"},{"taxonomy":"post_tag","embeddable":true,"href":"https:\/\/acana.com.pl\/karma\/wp-json\/wp\/v2\/tags?post=12175"}],"curies":[{"name":"wp","href":"https:\/\/api.w.org\/{rel}","templated":true}]}}