{"id":12433,"date":"2022-09-14T14:45:11","date_gmt":"2022-09-14T12:45:11","guid":{"rendered":"https:\/\/acana.com.pl\/karma\/?p=12433"},"modified":"2022-09-14T14:45:11","modified_gmt":"2022-09-14T12:45:11","slug":"webinar-o-psach-niejadkach","status":"publish","type":"post","link":"https:\/\/acana.com.pl\/karma\/webinar-o-psach-niejadkach\/","title":{"rendered":"Webinar o psach niejadkach!"},"content":{"rendered":"<p style=\"text-align: justify;\">Ju\u017c 27 wrze\u015bnia 2022 r. zapraszamy na kolejny, bezp\u0142atny webinar edukacyjny dla mi\u0142o\u015bnik\u00f3w ps\u00f3w. Tym razem poruszymy temat psich niejadk\u00f3w i podpowiemy, jak przekona\u0107 psa do zjadania posi\u0142k\u00f3w.&nbsp;<\/p>\n<h2><span style=\"color: #333399;\">O czym b\u0119dzie webinar?<\/span><\/h2>\n<p style=\"text-align: justify;\">Wrze\u015bniowe spotkanie online po\u015bwi\u0119camy psom, kt\u00f3re&#8230; nie chc\u0105 je\u015b\u0107! Wiemy, \u017ce jest ich ca\u0142kiem sporo. Czy Tw\u00f3j pupil r\u00f3wnie\u017c nale\u017cy do tej grupy? B\u0119d\u0105c z nami dowiesz si\u0119:<\/p>\n<ul>\n<li style=\"text-align: justify;\">Czy Twojego psa mo\u017cna zaklasyfikowa\u0107 jako &#8220;niejadka&#8221;?<\/li>\n<li style=\"text-align: justify;\">Jakie s\u0105 przyczyny niech\u0119ci do pobierania pokarmu?<\/li>\n<li style=\"text-align: justify;\">Jak radzi\u0107 sobie z psem niejadkiem na co dzie\u0144 i nie zwariowa\u0107?&nbsp;<\/li>\n<li style=\"text-align: justify;\">Jak &#8220;nie wywo\u0142a\u0107 wilka z lasu&#8221; i nie przyczyni\u0107 si\u0119 do niech\u0119ci pupila wobec posi\u0142k\u00f3w?<\/li>\n<li style=\"text-align: justify;\">Kiedy niech\u0119\u0107 do jedzenia powinna Ci\u0119 zaniepokoi\u0107 i sk\u0142oni\u0107 do wizyty u specjalisty?<\/li>\n<\/ul>\n<p style=\"text-align: justify;\">B\u0119dzie nam niezwykle mi\u0142o, je\u015bli zdecydujesz si\u0119 sp\u0119dzi\u0107 z nami to jesienne popo\u0142udnie. Nawet, je\u015bli Tw\u00f3j pupil nie narzeka na brak apetytu &#8211; warto by\u0107 z nami!&nbsp;<\/p>\n<p>Spodziewaj si\u0119 niespodzianki oraz sesji Q&amp;A. Paulina postara si\u0119 odpowiedzie\u0107 na ka\u017cde pytanie zadane podczas spotkania.&nbsp;<\/p>\n<h2><span style=\"color: #333399;\">Kto poprowadzi webinar?<\/span><\/h2>\n<p style=\"text-align: justify;\"><strong>lek. wet. Paulina Tyczy\u0144ska<\/strong> &#8211; absolwentka medycyny weterynaryjnej, specjalistka ds. \u017cywienia i szkole\u0144 w Acana Polska.<\/p>\n<p style=\"text-align: justify;\">Paulina wykazuje szczeg\u00f3lne zainteresowanie nutrigenomik\u0105 oraz holistycznym podej\u015bciem do zdrowia zwierz\u0105t. W Acana Polska jest odpowiedzialna za doradztwo \u017cywieniowe, szkolenia specjalistyczne i produktowe oraz tworzenie tre\u015bci edukacyjnych. Mi\u0142o\u015bnikom zwierz\u0105t da\u0142a si\u0119 pozna\u0107 bli\u017cej w cyklu &#8220;Pi\u0105tki z wetPaulin\u0105&#8221;, kt\u00f3re prowadzi na <a href=\"https:\/\/www.instagram.com\/acana_polska\/\" target=\"_blank\" rel=\"noopener\">Instagramie Acana Polska<\/a>.&nbsp;<\/p>\n<h3 style=\"text-align: center;\"><strong>Czekamy na Ciebie!<\/strong><\/h3>\n<p style=\"text-align: center;\">Zapisz si\u0119 na <a href=\"https:\/\/fb.me\/e\/2SEaqWBfp\" target=\"_blank\" rel=\"noopener\">wydarzenie na Facebooku<\/a>, aby nie przegapi\u0107 webinaru.<\/p>\n<p style=\"text-align: center;\">\ud83d\uddd3 27.09.2022<br \/>\n\u23f0 18:00<\/p>\n","protected":false},"excerpt":{"rendered":"<p>Ju\u017c 27 wrze\u015bnia 2022 r. zapraszamy na kolejny, bezp\u0142atny webinar edukacyjny dla mi\u0142o\u015bnik\u00f3w ps\u00f3w. Tym razem poruszymy temat psich niejadk\u00f3w i podpowiemy, jak przekona\u0107 psa do zjadania posi\u0142k\u00f3w.&nbsp; O czym b\u0119dzie webinar? Wrze\u015bniowe spotkanie online po\u015bwi\u0119camy psom, kt\u00f3re&#8230; nie chc\u0105 je\u015b\u0107! Wiemy, \u017ce jest ich ca\u0142kiem sporo. Czy Tw\u00f3j pupil r\u00f3wnie\u017c nale\u017cy do tej grupy? [&hellip;]<\/p>\n","protected":false},"author":14,"featured_media":12434,"comment_status":"closed","ping_status":"closed","sticky":false,"template":"","format":"standard","meta":{"_acf_changed":false,"_editorskit_title_hidden":false,"_editorskit_reading_time":0,"_editorskit_is_block_options_detached":false,"_editorskit_block_options_position":"{}","ngg_post_thumbnail":0,"footnotes":""},"categories":[2],"tags":[9,102,654,40,28,44,630,629,635],"class_list":["post-12433","post","type-post","status-publish","format-standard","has-post-thumbnail","hentry","category-aktualnosci","tag-acana","tag-acana-polska","tag-karma-dla-niejadka","tag-karma-dla-psa","tag-najlepsza-karma","tag-najlepsza-karma-dla-psow","tag-pies-niejadek","tag-pies-wybredny","tag-webinar"],"acf":[],"yoast_head":"<!-- This site is optimized with the Yoast SEO Premium plugin v27.4 (Yoast SEO v27.5) - https:\/\/yoast.com\/product\/yoast-seo-premium-wordpress\/ -->\n<title>Webinar o psach niejadkach! - Blog Acana Polska<\/title>\n<meta name=\"description\" content=\"Tw\u00f3j pies nie chce je\u015b\u0107 karmy? Wybrzydza i marudzi przy misce? Nie wiesz, jak przekona\u0107 go do codziennych posi\u0142k\u00f3w? Zapisz si\u0119 na nasz webinar\" \/>\n<meta name=\"robots\" content=\"index, follow, max-snippet:-1, max-image-preview:large, max-video-preview:-1\" \/>\n<link rel=\"canonical\" href=\"https:\/\/acana.com.pl\/karma\/webinar-o-psach-niejadkach\/\" \/>\n<meta property=\"og:locale\" content=\"pl_PL\" \/>\n<meta property=\"og:type\" content=\"article\" \/>\n<meta property=\"og:title\" content=\"Webinar o psach niejadkach!\" \/>\n<meta property=\"og:description\" content=\"Tw\u00f3j pies nie chce je\u015b\u0107 karmy? Wybrzydza i marudzi przy misce? Nie wiesz, jak przekona\u0107 go do codziennych posi\u0142k\u00f3w? Zapisz si\u0119 na nasz webinar\" \/>\n<meta property=\"og:url\" content=\"https:\/\/acana.com.pl\/karma\/webinar-o-psach-niejadkach\/\" \/>\n<meta property=\"og:site_name\" content=\"Blog Acana Polska\" \/>\n<meta property=\"article:publisher\" content=\"https:\/\/www.facebook.com\/acanapolska\/\" \/>\n<meta property=\"article:published_time\" content=\"2022-09-14T12:45:11+00:00\" \/>\n<meta property=\"og:image\" content=\"https:\/\/acana.com.pl\/karma\/wp-content\/uploads\/2022\/09\/aktualnosci-webinar.png\" \/>\n\t<meta property=\"og:image:width\" content=\"1213\" \/>\n\t<meta property=\"og:image:height\" content=\"537\" \/>\n\t<meta property=\"og:image:type\" content=\"image\/png\" \/>\n<meta name=\"author\" content=\"Aneta Urbaniak\" \/>\n<meta name=\"twitter:card\" content=\"summary_large_image\" \/>\n<meta name=\"twitter:label1\" content=\"Napisane przez\" \/>\n\t<meta name=\"twitter:data1\" content=\"Aneta Urbaniak\" \/>\n\t<meta name=\"twitter:label2\" content=\"Szacowany czas czytania\" \/>\n\t<meta name=\"twitter:data2\" content=\"2 minuty\" \/>\n<script type=\"application\/ld+json\" class=\"yoast-schema-graph\">{\"@context\":\"https:\\\/\\\/schema.org\",\"@graph\":[{\"@type\":\"Article\",\"@id\":\"https:\\\/\\\/acana.com.pl\\\/karma\\\/webinar-o-psach-niejadkach\\\/#article\",\"isPartOf\":{\"@id\":\"https:\\\/\\\/acana.com.pl\\\/karma\\\/webinar-o-psach-niejadkach\\\/\"},\"author\":{\"name\":\"Aneta Urbaniak\",\"@id\":\"https:\\\/\\\/acana.com.pl\\\/karma\\\/#\\\/schema\\\/person\\\/97dda884f1050b0c23c3f8b6008b8a9a\"},\"headline\":\"Webinar o psach niejadkach!\",\"datePublished\":\"2022-09-14T12:45:11+00:00\",\"mainEntityOfPage\":{\"@id\":\"https:\\\/\\\/acana.com.pl\\\/karma\\\/webinar-o-psach-niejadkach\\\/\"},\"wordCount\":289,\"publisher\":{\"@id\":\"https:\\\/\\\/acana.com.pl\\\/karma\\\/#organization\"},\"image\":{\"@id\":\"https:\\\/\\\/acana.com.pl\\\/karma\\\/webinar-o-psach-niejadkach\\\/#primaryimage\"},\"thumbnailUrl\":\"https:\\\/\\\/acana.com.pl\\\/karma\\\/wp-content\\\/uploads\\\/2022\\\/09\\\/aktualnosci-webinar.png\",\"keywords\":[\"Acana\",\"Acana Polska\",\"karma dla niejadka\",\"karma dla psa\",\"NAJLEPSZA KARMA\",\"najlepsza karma dla ps\u00f3w\",\"pies niejadek\",\"pies wybredny\",\"webinar\"],\"articleSection\":[\"Aktualno\u015bci\"],\"inLanguage\":\"pl-PL\"},{\"@type\":\"WebPage\",\"@id\":\"https:\\\/\\\/acana.com.pl\\\/karma\\\/webinar-o-psach-niejadkach\\\/\",\"url\":\"https:\\\/\\\/acana.com.pl\\\/karma\\\/webinar-o-psach-niejadkach\\\/\",\"name\":\"Webinar o psach niejadkach! - Blog Acana Polska\",\"isPartOf\":{\"@id\":\"https:\\\/\\\/acana.com.pl\\\/karma\\\/#website\"},\"primaryImageOfPage\":{\"@id\":\"https:\\\/\\\/acana.com.pl\\\/karma\\\/webinar-o-psach-niejadkach\\\/#primaryimage\"},\"image\":{\"@id\":\"https:\\\/\\\/acana.com.pl\\\/karma\\\/webinar-o-psach-niejadkach\\\/#primaryimage\"},\"thumbnailUrl\":\"https:\\\/\\\/acana.com.pl\\\/karma\\\/wp-content\\\/uploads\\\/2022\\\/09\\\/aktualnosci-webinar.png\",\"datePublished\":\"2022-09-14T12:45:11+00:00\",\"description\":\"Tw\u00f3j pies nie chce je\u015b\u0107 karmy? Wybrzydza i marudzi przy misce? Nie wiesz, jak przekona\u0107 go do codziennych posi\u0142k\u00f3w? Zapisz si\u0119 na nasz webinar\",\"breadcrumb\":{\"@id\":\"https:\\\/\\\/acana.com.pl\\\/karma\\\/webinar-o-psach-niejadkach\\\/#breadcrumb\"},\"inLanguage\":\"pl-PL\",\"potentialAction\":[{\"@type\":\"ReadAction\",\"target\":[\"https:\\\/\\\/acana.com.pl\\\/karma\\\/webinar-o-psach-niejadkach\\\/\"]}]},{\"@type\":\"ImageObject\",\"inLanguage\":\"pl-PL\",\"@id\":\"https:\\\/\\\/acana.com.pl\\\/karma\\\/webinar-o-psach-niejadkach\\\/#primaryimage\",\"url\":\"https:\\\/\\\/acana.com.pl\\\/karma\\\/wp-content\\\/uploads\\\/2022\\\/09\\\/aktualnosci-webinar.png\",\"contentUrl\":\"https:\\\/\\\/acana.com.pl\\\/karma\\\/wp-content\\\/uploads\\\/2022\\\/09\\\/aktualnosci-webinar.png\",\"width\":1213,\"height\":537,\"caption\":\"Webinar: co robi\u0107, gdy pies nie chce je\u015b\u0107\"},{\"@type\":\"BreadcrumbList\",\"@id\":\"https:\\\/\\\/acana.com.pl\\\/karma\\\/webinar-o-psach-niejadkach\\\/#breadcrumb\",\"itemListElement\":[{\"@type\":\"ListItem\",\"position\":1,\"name\":\"Strona g\u0142\u00f3wna\",\"item\":\"https:\\\/\\\/acana.com.pl\\\/karma\\\/\"},{\"@type\":\"ListItem\",\"position\":2,\"name\":\"Webinar o psach niejadkach!\"}]},{\"@type\":\"WebSite\",\"@id\":\"https:\\\/\\\/acana.com.pl\\\/karma\\\/#website\",\"url\":\"https:\\\/\\\/acana.com.pl\\\/karma\\\/\",\"name\":\"Blog Acana Polska\",\"description\":\"\",\"publisher\":{\"@id\":\"https:\\\/\\\/acana.com.pl\\\/karma\\\/#organization\"},\"potentialAction\":[{\"@type\":\"SearchAction\",\"target\":{\"@type\":\"EntryPoint\",\"urlTemplate\":\"https:\\\/\\\/acana.com.pl\\\/karma\\\/?s={search_term_string}\"},\"query-input\":{\"@type\":\"PropertyValueSpecification\",\"valueRequired\":true,\"valueName\":\"search_term_string\"}}],\"inLanguage\":\"pl-PL\"},{\"@type\":\"Organization\",\"@id\":\"https:\\\/\\\/acana.com.pl\\\/karma\\\/#organization\",\"name\":\"ACANA POLSKA Sp. z o.o. Sp. K.\",\"url\":\"https:\\\/\\\/acana.com.pl\\\/karma\\\/\",\"logo\":{\"@type\":\"ImageObject\",\"inLanguage\":\"pl-PL\",\"@id\":\"https:\\\/\\\/acana.com.pl\\\/karma\\\/#\\\/schema\\\/logo\\\/image\\\/\",\"url\":\"https:\\\/\\\/acana.com.pl\\\/karma\\\/wp-content\\\/uploads\\\/2018\\\/02\\\/logo-Acana-1.png\",\"contentUrl\":\"https:\\\/\\\/acana.com.pl\\\/karma\\\/wp-content\\\/uploads\\\/2018\\\/02\\\/logo-Acana-1.png\",\"width\":154,\"height\":74,\"caption\":\"ACANA POLSKA Sp. z o.o. Sp. K.\"},\"image\":{\"@id\":\"https:\\\/\\\/acana.com.pl\\\/karma\\\/#\\\/schema\\\/logo\\\/image\\\/\"},\"sameAs\":[\"https:\\\/\\\/www.facebook.com\\\/acanapolska\\\/\"]},{\"@type\":\"Person\",\"@id\":\"https:\\\/\\\/acana.com.pl\\\/karma\\\/#\\\/schema\\\/person\\\/97dda884f1050b0c23c3f8b6008b8a9a\",\"name\":\"Aneta Urbaniak\",\"image\":{\"@type\":\"ImageObject\",\"inLanguage\":\"pl-PL\",\"@id\":\"https:\\\/\\\/secure.gravatar.com\\\/avatar\\\/fb5da9bf0d6a85641ec2ba99f4c3f3a4f970ad4002875a59509b37db9477f1b4?s=96&d=mm&r=g\",\"url\":\"https:\\\/\\\/secure.gravatar.com\\\/avatar\\\/fb5da9bf0d6a85641ec2ba99f4c3f3a4f970ad4002875a59509b37db9477f1b4?s=96&d=mm&r=g\",\"contentUrl\":\"https:\\\/\\\/secure.gravatar.com\\\/avatar\\\/fb5da9bf0d6a85641ec2ba99f4c3f3a4f970ad4002875a59509b37db9477f1b4?s=96&d=mm&r=g\",\"caption\":\"Aneta Urbaniak\"},\"url\":\"https:\\\/\\\/acana.com.pl\\\/karma\\\/author\\\/aneta\\\/\"}]}<\/script>\n<!-- \/ Yoast SEO Premium plugin. -->","yoast_head_json":{"title":"Webinar o psach niejadkach! - Blog Acana Polska","description":"Tw\u00f3j pies nie chce je\u015b\u0107 karmy? Wybrzydza i marudzi przy misce? Nie wiesz, jak przekona\u0107 go do codziennych posi\u0142k\u00f3w? Zapisz si\u0119 na nasz webinar","robots":{"index":"index","follow":"follow","max-snippet":"max-snippet:-1","max-image-preview":"max-image-preview:large","max-video-preview":"max-video-preview:-1"},"canonical":"https:\/\/acana.com.pl\/karma\/webinar-o-psach-niejadkach\/","og_locale":"pl_PL","og_type":"article","og_title":"Webinar o psach niejadkach!","og_description":"Tw\u00f3j pies nie chce je\u015b\u0107 karmy? Wybrzydza i marudzi przy misce? Nie wiesz, jak przekona\u0107 go do codziennych posi\u0142k\u00f3w? Zapisz si\u0119 na nasz webinar","og_url":"https:\/\/acana.com.pl\/karma\/webinar-o-psach-niejadkach\/","og_site_name":"Blog Acana Polska","article_publisher":"https:\/\/www.facebook.com\/acanapolska\/","article_published_time":"2022-09-14T12:45:11+00:00","og_image":[{"width":1213,"height":537,"url":"https:\/\/acana.com.pl\/karma\/wp-content\/uploads\/2022\/09\/aktualnosci-webinar.png","type":"image\/png"}],"author":"Aneta Urbaniak","twitter_card":"summary_large_image","twitter_misc":{"Napisane przez":"Aneta Urbaniak","Szacowany czas czytania":"2 minuty"},"schema":{"@context":"https:\/\/schema.org","@graph":[{"@type":"Article","@id":"https:\/\/acana.com.pl\/karma\/webinar-o-psach-niejadkach\/#article","isPartOf":{"@id":"https:\/\/acana.com.pl\/karma\/webinar-o-psach-niejadkach\/"},"author":{"name":"Aneta Urbaniak","@id":"https:\/\/acana.com.pl\/karma\/#\/schema\/person\/97dda884f1050b0c23c3f8b6008b8a9a"},"headline":"Webinar o psach niejadkach!","datePublished":"2022-09-14T12:45:11+00:00","mainEntityOfPage":{"@id":"https:\/\/acana.com.pl\/karma\/webinar-o-psach-niejadkach\/"},"wordCount":289,"publisher":{"@id":"https:\/\/acana.com.pl\/karma\/#organization"},"image":{"@id":"https:\/\/acana.com.pl\/karma\/webinar-o-psach-niejadkach\/#primaryimage"},"thumbnailUrl":"https:\/\/acana.com.pl\/karma\/wp-content\/uploads\/2022\/09\/aktualnosci-webinar.png","keywords":["Acana","Acana Polska","karma dla niejadka","karma dla psa","NAJLEPSZA KARMA","najlepsza karma dla ps\u00f3w","pies niejadek","pies wybredny","webinar"],"articleSection":["Aktualno\u015bci"],"inLanguage":"pl-PL"},{"@type":"WebPage","@id":"https:\/\/acana.com.pl\/karma\/webinar-o-psach-niejadkach\/","url":"https:\/\/acana.com.pl\/karma\/webinar-o-psach-niejadkach\/","name":"Webinar o psach niejadkach! - Blog Acana Polska","isPartOf":{"@id":"https:\/\/acana.com.pl\/karma\/#website"},"primaryImageOfPage":{"@id":"https:\/\/acana.com.pl\/karma\/webinar-o-psach-niejadkach\/#primaryimage"},"image":{"@id":"https:\/\/acana.com.pl\/karma\/webinar-o-psach-niejadkach\/#primaryimage"},"thumbnailUrl":"https:\/\/acana.com.pl\/karma\/wp-content\/uploads\/2022\/09\/aktualnosci-webinar.png","datePublished":"2022-09-14T12:45:11+00:00","description":"Tw\u00f3j pies nie chce je\u015b\u0107 karmy? Wybrzydza i marudzi przy misce? Nie wiesz, jak przekona\u0107 go do codziennych posi\u0142k\u00f3w? Zapisz si\u0119 na nasz webinar","breadcrumb":{"@id":"https:\/\/acana.com.pl\/karma\/webinar-o-psach-niejadkach\/#breadcrumb"},"inLanguage":"pl-PL","potentialAction":[{"@type":"ReadAction","target":["https:\/\/acana.com.pl\/karma\/webinar-o-psach-niejadkach\/"]}]},{"@type":"ImageObject","inLanguage":"pl-PL","@id":"https:\/\/acana.com.pl\/karma\/webinar-o-psach-niejadkach\/#primaryimage","url":"https:\/\/acana.com.pl\/karma\/wp-content\/uploads\/2022\/09\/aktualnosci-webinar.png","contentUrl":"https:\/\/acana.com.pl\/karma\/wp-content\/uploads\/2022\/09\/aktualnosci-webinar.png","width":1213,"height":537,"caption":"Webinar: co robi\u0107, gdy pies nie chce je\u015b\u0107"},{"@type":"BreadcrumbList","@id":"https:\/\/acana.com.pl\/karma\/webinar-o-psach-niejadkach\/#breadcrumb","itemListElement":[{"@type":"ListItem","position":1,"name":"Strona g\u0142\u00f3wna","item":"https:\/\/acana.com.pl\/karma\/"},{"@type":"ListItem","position":2,"name":"Webinar o psach niejadkach!"}]},{"@type":"WebSite","@id":"https:\/\/acana.com.pl\/karma\/#website","url":"https:\/\/acana.com.pl\/karma\/","name":"Blog Acana Polska","description":"","publisher":{"@id":"https:\/\/acana.com.pl\/karma\/#organization"},"potentialAction":[{"@type":"SearchAction","target":{"@type":"EntryPoint","urlTemplate":"https:\/\/acana.com.pl\/karma\/?s={search_term_string}"},"query-input":{"@type":"PropertyValueSpecification","valueRequired":true,"valueName":"search_term_string"}}],"inLanguage":"pl-PL"},{"@type":"Organization","@id":"https:\/\/acana.com.pl\/karma\/#organization","name":"ACANA POLSKA Sp. z o.o. Sp. K.","url":"https:\/\/acana.com.pl\/karma\/","logo":{"@type":"ImageObject","inLanguage":"pl-PL","@id":"https:\/\/acana.com.pl\/karma\/#\/schema\/logo\/image\/","url":"https:\/\/acana.com.pl\/karma\/wp-content\/uploads\/2018\/02\/logo-Acana-1.png","contentUrl":"https:\/\/acana.com.pl\/karma\/wp-content\/uploads\/2018\/02\/logo-Acana-1.png","width":154,"height":74,"caption":"ACANA POLSKA Sp. z o.o. Sp. K."},"image":{"@id":"https:\/\/acana.com.pl\/karma\/#\/schema\/logo\/image\/"},"sameAs":["https:\/\/www.facebook.com\/acanapolska\/"]},{"@type":"Person","@id":"https:\/\/acana.com.pl\/karma\/#\/schema\/person\/97dda884f1050b0c23c3f8b6008b8a9a","name":"Aneta Urbaniak","image":{"@type":"ImageObject","inLanguage":"pl-PL","@id":"https:\/\/secure.gravatar.com\/avatar\/fb5da9bf0d6a85641ec2ba99f4c3f3a4f970ad4002875a59509b37db9477f1b4?s=96&d=mm&r=g","url":"https:\/\/secure.gravatar.com\/avatar\/fb5da9bf0d6a85641ec2ba99f4c3f3a4f970ad4002875a59509b37db9477f1b4?s=96&d=mm&r=g","contentUrl":"https:\/\/secure.gravatar.com\/avatar\/fb5da9bf0d6a85641ec2ba99f4c3f3a4f970ad4002875a59509b37db9477f1b4?s=96&d=mm&r=g","caption":"Aneta Urbaniak"},"url":"https:\/\/acana.com.pl\/karma\/author\/aneta\/"}]}},"_links":{"self":[{"href":"https:\/\/acana.com.pl\/karma\/wp-json\/wp\/v2\/posts\/12433","targetHints":{"allow":["GET"]}}],"collection":[{"href":"https:\/\/acana.com.pl\/karma\/wp-json\/wp\/v2\/posts"}],"about":[{"href":"https:\/\/acana.com.pl\/karma\/wp-json\/wp\/v2\/types\/post"}],"author":[{"embeddable":true,"href":"https:\/\/acana.com.pl\/karma\/wp-json\/wp\/v2\/users\/14"}],"replies":[{"embeddable":true,"href":"https:\/\/acana.com.pl\/karma\/wp-json\/wp\/v2\/comments?post=12433"}],"version-history":[{"count":0,"href":"https:\/\/acana.com.pl\/karma\/wp-json\/wp\/v2\/posts\/12433\/revisions"}],"wp:featuredmedia":[{"embeddable":true,"href":"https:\/\/acana.com.pl\/karma\/wp-json\/wp\/v2\/media\/12434"}],"wp:attachment":[{"href":"https:\/\/acana.com.pl\/karma\/wp-json\/wp\/v2\/media?parent=12433"}],"wp:term":[{"taxonomy":"category","embeddable":true,"href":"https:\/\/acana.com.pl\/karma\/wp-json\/wp\/v2\/categories?post=12433"},{"taxonomy":"post_tag","embeddable":true,"href":"https:\/\/acana.com.pl\/karma\/wp-json\/wp\/v2\/tags?post=12433"}],"curies":[{"name":"wp","href":"https:\/\/api.w.org\/{rel}","templated":true}]}}