{"id":12839,"date":"2024-03-15T10:49:37","date_gmt":"2024-03-15T09:49:37","guid":{"rendered":"https:\/\/acana.com.pl\/karma\/?p=12839"},"modified":"2024-03-15T10:53:59","modified_gmt":"2024-03-15T09:53:59","slug":"jak-zywic-psy-z-syndromem-ras-brachycefalicznych","status":"publish","type":"post","link":"https:\/\/acana.com.pl\/karma\/jak-zywic-psy-z-syndromem-ras-brachycefalicznych\/","title":{"rendered":"Jak \u017cywi\u0107 psy z syndromem ras brachycefalicznych?"},"content":{"rendered":"<p style=\"text-align: justify;\">Masz buldo\u017cka albo mopsa? Zastanawiasz si\u0119, jak \u017cywi\u0107 psy z syndromem ras brachycefalicznych? Co w\u0142a\u015bciwe oznacza ten syndrom i czy dotyczy ka\u017cdego psa z kr\u00f3tkim pyskiem? Sprawd\u017amy!<\/p>\n<h2>Co to jest BOAS?<\/h2>\n<p style=\"text-align: justify;\">BOAS (<em>brachycephalic airway obstructive syndrome<\/em>) to zesp\u00f3\u0142 obturacyjny ps\u00f3w kr\u00f3tkoczaszkowych. Okre\u015bla si\u0119 nim zestaw post\u0119puj\u0105cych po sobie zaburze\u0144, kt\u00f3re towarzysz\u0105 przede wszystkim psom ras brachycefalicznych\u00b9. Anomalie w budowie generuj\u0105 nast\u0119puj\u0105ce po sobie zaburzenia w zwi\u0105zku z wadliwo\u015bci\u0105 przep\u0142ywu powietrza przez przewody nosowe. Co to w\u0142a\u015bciwie znaczy?<\/p>\n<p style=\"text-align: justify;\">Syndrom BOAS rozwija si\u0119 niczym tocz\u0105ca kula \u015bnie\u017cna. Pocz\u0105tkowo wyd\u0142u\u017ca si\u0119 podniebienie mi\u0119kkie. Mog\u0105 pojawi\u0107 si\u0119 tak\u017ce deformacj\u0119 ma\u0142\u017cowin nosowych, polipy zapalne krtani, zapadanie tchawicy, zapa\u015b\u0107 i deformacja krtani. W nast\u0119pnej kolejno\u015bci u psa mo\u017ce rozwin\u0105\u0107 si\u0119 refluks prze\u0142ykowy, zmiany w stawach \u0142okciowych i przerost mi\u0119\u015bnia sercowego w skutek niedotlenienia. U ps\u00f3w z zaawansowanym BOAS widoczne s\u0105 tak\u017ce deformacje \u017ceber. Syndrom BOAS ma wi\u0119c charakter progresywny. Ka\u017cdy pies rasy brachycefalicznej powinien zosta\u0107 oceniony indywidualnie przez lekarza weterynarii, poniewa\u017c stopie\u0144 rozwini\u0119cia czy zaawansowania wad\/y u ka\u017cdego psa b\u0119dzie inny.<\/p>\n<h2>Rasy brachycefaliczne, czyli jakie?<\/h2>\n<p style=\"text-align: justify;\">Do najpopularniejszych ras brachycefalicznych zaliczamy przede wszystkim buldogi angielskie, <strong>buldogi francuskie<\/strong>, mopsy, <strong>shih tzu<\/strong>, boksery.&nbsp;<\/p>\n<p style=\"text-align: justify;\">Rasy brachycefaliczne charakteryzuj\u0105 si\u0119 specyficzn\u0105 budow\u0105 anatomiczn\u0105. Szczeg\u00f3lnie widoczn\u0105 r\u00f3\u017cnic\u0105 na tle innych ps\u00f3w jest <strong>kwadratowa czaszka<\/strong> oraz skr\u00f3cona i <strong>sp\u0142aszczona kufa<\/strong>. Psy, powszechnie okre\u015blane jako brachycefaliki, do\u015bwiadczaj\u0105 k\u0142opot\u00f3w z oddychaniem, regularnego krztuszenia si\u0119, <strong>chrapania<\/strong>, charczenia i <strong>niedotleniania<\/strong>, a w okresie letnim s\u0105 szczeg\u00f3lnie nara\u017cone na ryzyko udaru cieplnego.&nbsp;<\/p>\n<h2>Czy ka\u017cdy brachycefalik cierpi na BOAS?<\/h2>\n<p style=\"text-align: justify;\">Na szcz\u0119\u015bcie nie! Co ciekawe, <strong>BOAS wzgl\u0119dnie rzadko wyst\u0119puje u ps\u00f3w rasy bokser<\/strong>. Jednak sam fakt skr\u00f3conej trzewioczaszki mocno predysponuje psy kr\u00f3tkoczaszkowe do dotkni\u0119cia syndromem post\u0119puj\u0105cych zmian. Zdaniem lekarzy weterynarii niemal ka\u017cdy pies tych ras, szczeg\u00f3lnie za\u015b buldog\u00f3w francuskich i mops\u00f3w, do\u015bwiadcza problem\u00f3w oddechowych, jednak <strong>stopie\u0144 ich zaawansowania<\/strong> mo\u017ce by\u0107 r\u00f3\u017cny.<\/p>\n<h2>Jak \u017cywi\u0107 psy z syndromem ras brachycefalicznych?<\/h2>\n<p style=\"text-align: justify;\">Zasadniczo psy ras brachycefalicznych nie wymagaj\u0105 specjalnego \u017cywienia. Pomimo r\u00f3\u017cnic w budowie anatomicznej, maj\u0105 te same bazowe wymogi \u017cywieniowe, jak inne psy. Syndrom ras brachycefalicznych <strong>nie jest te\u017c bezpo\u015brednio zale\u017cny od diety<\/strong>.&nbsp;<\/p>\n<p style=\"text-align: justify;\">Jednak prawid\u0142owe post\u0119powanie dietetyczne w przypadku ps\u00f3w z BOAS jest istotne, poniewa\u017c mo\u017ce przynie\u015b\u0107 psu <strong>ulg\u0119 w codziennym \u017cyciu<\/strong>. Co zatem wybra\u0107?<\/p>\n<h3>Oty\u0142o\u015bci m\u00f3wimy papa!<\/h3>\n<div id=\"attachment_12840\" style=\"width: 310px\" class=\"wp-caption alignright\"><a href=\"https:\/\/sklep.acana.com.pl\/dla-psa\/127-acana-classics-wild-coast-064992562205.html\"><img loading=\"lazy\" decoding=\"async\" aria-describedby=\"caption-attachment-12840\" class=\"wp-image-12840 size-medium\" src=\"https:\/\/acana.com.pl\/karma\/wp-content\/uploads\/2024\/03\/Posty-ACA-2Q-2023-2-300x300.png\" alt=\"ACANA Wild Coast, karma z ryb\u0105, kt\u00f3ra sprawdzi si\u0119 u buldog\u00f3w\" width=\"300\" height=\"300\" srcset=\"https:\/\/acana.com.pl\/karma\/wp-content\/uploads\/2024\/03\/Posty-ACA-2Q-2023-2-300x300.png 300w, https:\/\/acana.com.pl\/karma\/wp-content\/uploads\/2024\/03\/Posty-ACA-2Q-2023-2-1024x1024.png 1024w, https:\/\/acana.com.pl\/karma\/wp-content\/uploads\/2024\/03\/Posty-ACA-2Q-2023-2-150x150.png 150w, https:\/\/acana.com.pl\/karma\/wp-content\/uploads\/2024\/03\/Posty-ACA-2Q-2023-2-768x768.png 768w, https:\/\/acana.com.pl\/karma\/wp-content\/uploads\/2024\/03\/Posty-ACA-2Q-2023-2.png 1080w\" sizes=\"auto, (max-width: 300px) 100vw, 300px\" \/><\/a><p id=\"caption-attachment-12840\" class=\"wp-caption-text\">Benio i jego jedzenie ACANA Wild Coast<\/p><\/div>\n<p style=\"text-align: justify;\">Przede wszystkim warto dba\u0107 o prawid\u0142owe utrzymanie masy cia\u0142a psa. Oty\u0142o\u015b\u0107 obci\u0105\u017ca <a href=\"https:\/\/acana.com.pl\/karma\/jak-zapobiec-otylosci-u-psa\/\" target=\"_blank\" rel=\"noopener\">stawy<\/a> i <strong>pog\u0142\u0119bia problemy z uk\u0142adem oddechowym<\/strong>. Z tego wzgl\u0119du warto rozwa\u017cy\u0107 wdro\u017cenie receptur niskokalorycznych, jak <a href=\"https:\/\/sklep.acana.com.pl\/dla-psa\/121-acana-dog-light-fit-dog.html\" target=\"_blank\" rel=\"noopener\">ACANA Light &amp; Fit<\/a> czy <a href=\"https:\/\/sklep.acana.com.pl\/dla-psa\/138-orijen-adult.html\" target=\"_blank\" rel=\"noopener\">ORIJEN Fit &amp; Trim<\/a>. Obie formu\u0142y maj\u0105 r\u00f3wnie\u017c zwi\u0119kszony (w stosunku do pozosta\u0142ych receptur ACANA i ORIJEN) udzia\u0142 w\u0142\u00f3kna, kt\u00f3re pozwala uzyska\u0107 poczucie syto\u015bci psu przy niewielkiej obj\u0119to\u015bciowo porcji jedzenia.&nbsp;<\/p>\n<p style=\"text-align: justify;\">Je\u015bli Tw\u00f3j buldo\u017cek lub mopsik zmaga si\u0119 z nadprogramowymi kilogramami, to zdecydowanie wsparcie go <strong>w procesie odchudzenia<\/strong> jest tym, co najlepszego mo\u017cesz dla niego zrobi\u0107!&nbsp;<\/p>\n<p style=\"text-align: justify;\">W \u017cywieniu ps\u00f3w ras brachycefalicznych sprawdz\u0105 si\u0119 r\u00f3wnie\u017c formu\u0142y rybne, jak <a href=\"https:\/\/sklep.acana.com.pl\/dla-psa\/127-acana-classics-wild-coast-064992562205.html\" target=\"_blank\" rel=\"noopener\">ACANA Wild Coast<\/a>, <a href=\"https:\/\/sklep.acana.com.pl\/dla-psa\/22-acana-highest-protein-pacifica-dog.html\" target=\"_blank\" rel=\"noopener\">ACANA Pacifica<\/a>, <a href=\"https:\/\/sklep.acana.com.pl\/dla-psa\/139-orijen-six-fish.html\" target=\"_blank\" rel=\"noopener\">ORIJEN Six Fish<\/a>. Ryby bogate s\u0105 w wielonienasycone kwasy omega-3, kt\u00f3re wykazuj\u0105 dzia\u0142anie przeciwzapalne i <strong>ochronnie wp\u0142ywaj\u0105 na stawy<\/strong>. Dla ps\u00f3w doros\u0142ych ma\u0142ych ras, jak buldogi francuskie, mopsy czy shih tzu, polecamy <a href=\"https:\/\/sklep.acana.com.pl\/dla-psa\/323-orijen-small-breed-marine-fish.html\" target=\"_blank\" rel=\"noopener\">ORIJEN Marine Fish<\/a>. Receptura ta zawiera zielone ma\u0142\u017ce nowozelandzkie, b\u0119d\u0105ce \u015bwietnym <strong>\u017ar\u00f3d\u0142em glikozaminoglikan\u00f3w<\/strong> o dzia\u0142aniu przeciwzapalnym, doskonale wspieraj\u0105ce funkcjonowanie aparatu ruchu.<\/p>\n<h3>Co\u015b na wra\u017cliwych brzuch\u00f3w<\/h3>\n<div id=\"attachment_12841\" style=\"width: 310px\" class=\"wp-caption alignleft\"><a href=\"https:\/\/sklep.acana.com.pl\/dla-psa\/17-acana-singles-grass-fed-lamb.html\"><img loading=\"lazy\" decoding=\"async\" aria-describedby=\"caption-attachment-12841\" class=\"wp-image-12841 size-medium\" src=\"https:\/\/acana.com.pl\/karma\/wp-content\/uploads\/2024\/03\/FrugoLamb-300x300.png\" alt=\"ACANA Grass-Fed Lamb dla wra\u017cliwych brzuch\u00f3w buldog\u00f3w francuskich\" width=\"300\" height=\"300\" srcset=\"https:\/\/acana.com.pl\/karma\/wp-content\/uploads\/2024\/03\/FrugoLamb-300x300.png 300w, https:\/\/acana.com.pl\/karma\/wp-content\/uploads\/2024\/03\/FrugoLamb-1024x1024.png 1024w, https:\/\/acana.com.pl\/karma\/wp-content\/uploads\/2024\/03\/FrugoLamb-150x150.png 150w, https:\/\/acana.com.pl\/karma\/wp-content\/uploads\/2024\/03\/FrugoLamb-768x768.png 768w, https:\/\/acana.com.pl\/karma\/wp-content\/uploads\/2024\/03\/FrugoLamb.png 1080w\" sizes=\"auto, (max-width: 300px) 100vw, 300px\" \/><\/a><p id=\"caption-attachment-12841\" class=\"wp-caption-text\">Frugo i jego jedzenie ACANA Grass-Fed Lamb<\/p><\/div>\n<p style=\"text-align: justify;\">U ps\u00f3w z wra\u017cliwymi uk\u0142adami pokarmowymi zalecamy si\u0119gn\u0105\u0107 po receptury z monobia\u0142kowej linii <a href=\"https:\/\/sklep.acana.com.pl\/72-acana-singles-dla-psa\" target=\"_blank\" rel=\"noopener\">ACANA Singles<\/a>, np. ACANA <a href=\"https:\/\/sklep.acana.com.pl\/dla-psa\/206-acana-singles-free-run-duck.html\" target=\"_blank\" rel=\"noopener\">Free-Run Duck z kaczk\u0105<\/a>. Sprawdzi\u0107 mo\u017ce si\u0119 tak\u017ce nasz bestseller z jagni\u0119cin\u0105 &#8211; <a href=\"https:\/\/sklep.acana.com.pl\/dla-psa\/17-acana-singles-grass-fed-lamb.html\" target=\"_blank\" rel=\"noopener\">ACANA Grass-Fed Lamb<\/a>. Ka\u017cda z receptur linii Singles zawiera <strong>wy\u0142\u0105cznie jedno bia\u0142ko zwierz\u0119ce<\/strong>, zapewniaj\u0105c optymalne \u017cywienie i pe\u0142ni\u0119 sk\u0142adnik\u00f3w od\u017cywczych.&nbsp;<\/p>\n<p style=\"text-align: justify;\">Wyb\u00f3r w\u0142a\u015bciwej diety dla psa rasy brachycefalicznej i\/lub z BOAS ma znaczenie w kontek\u015bcie zwi\u0119kszenia jego komfortu i dostarczenia odpowiednich sk\u0142adnik\u00f3w od\u017cywczych. Pami\u0119tajmy przy tym o regularnych kontrolach weterynaryjnych i monitorowaniu stanu zdrowia pupila, co pozwoli wp\u0142yn\u0105\u0107 na zwi\u0119kszenie jako\u015bci \u017cycia zwierzaka.&nbsp;<\/p>\n<p style=\"text-align: justify;\"><span style=\"font-size: 8pt;\">\u00b9 Selekcja hodowlana i d\u0105\u017cenia do stopniowego skracania kufy powoduj\u0105, \u017ce coraz cz\u0119\u015bciej psy uznawane za mezocefaliczne (\u015brednioczaszkowe) dotkni\u0119te s\u0105 syndromem BOAS. Wyst\u0119puje on u ras takich jak cavalier king charles spaniel, berne\u0144ski pies pasterski, nowofundland, american pitt bull terrier, staffordshire bull terrier.&nbsp;<\/span><\/p>\n<p>&nbsp;<\/p>\n<p>&nbsp;<\/p>\n<p>&nbsp;<\/p>\n<p>\u0179r\u00f3d\u0142a:<\/p>\n<ol>\n<li style=\"text-align: justify;\">A. Nikolajdu-Kud\u0142a, Z. Kud\u0142a, Nasze podej\u015bcie do zespo\u0142u oddechowego ps\u00f3w kr\u00f3tkoczaszkowych (BOAS). Cz. I, Magwet, 2023, <a href=\"https:\/\/magwet.pl\/38937,nasze-podejscie-do-zespolu-oddechowego-psow-krotkoczaszkowych-boas-cz-i\" target=\"_blank\" rel=\"noopener\">dost\u0119p online<\/a>.&nbsp;<\/li>\n<li style=\"text-align: justify;\">J. Wilczak (red.), O \u017cywieniu Twojego psa praktycznie. Warszawa 2022.<\/li>\n<\/ol>\n","protected":false},"excerpt":{"rendered":"<p>Masz buldo\u017cka albo mopsa? Zastanawiasz si\u0119, jak \u017cywi\u0107 psy z syndromem ras brachycefalicznych? Co w\u0142a\u015bciwe oznacza ten syndrom i czy dotyczy ka\u017cdego psa z kr\u00f3tkim pyskiem? Sprawd\u017amy! Co to jest BOAS? BOAS (brachycephalic airway obstructive syndrome) to zesp\u00f3\u0142 obturacyjny ps\u00f3w kr\u00f3tkoczaszkowych. Okre\u015bla si\u0119 nim zestaw post\u0119puj\u0105cych po sobie zaburze\u0144, kt\u00f3re towarzysz\u0105 przede wszystkim psom ras [&hellip;]<\/p>\n","protected":false},"author":14,"featured_media":12842,"comment_status":"closed","ping_status":"closed","sticky":false,"template":"","format":"standard","meta":{"_acf_changed":false,"_editorskit_title_hidden":false,"_editorskit_reading_time":0,"_editorskit_is_block_options_detached":false,"_editorskit_block_options_position":"{}","ngg_post_thumbnail":0,"footnotes":""},"categories":[199],"tags":[718,452,720,719,621,40,80],"class_list":["post-12839","post","type-post","status-publish","format-standard","has-post-thumbnail","hentry","category-poradnik","tag-boas","tag-karma-dla-alergika","tag-karma-dla-buldoga","tag-karma-dla-buldozka","tag-karma-dla-malego-psa","tag-karma-dla-psa","tag-najlepsze-jedzenie-dla-psa"],"acf":[],"yoast_head":"<!-- This site is optimized with the Yoast SEO Premium plugin v27.4 (Yoast SEO v27.5) - https:\/\/yoast.com\/product\/yoast-seo-premium-wordpress\/ -->\n<title>Jak \u017cywi\u0107 psy z syndromem ras brachycefalicznych? - Blog Acana Polska<\/title>\n<meta name=\"description\" content=\"Masz buldo\u017cka albo mopsa? Zastanawiasz si\u0119, jak \u017cywi\u0107 psy z syndromem ras brachycefalicznych? Co w\u0142a\u015bciwe oznacza ten syndrom? Sprawd\u017amy!\" \/>\n<meta name=\"robots\" content=\"index, follow, max-snippet:-1, max-image-preview:large, max-video-preview:-1\" \/>\n<link rel=\"canonical\" href=\"https:\/\/acana.com.pl\/karma\/jak-zywic-psy-z-syndromem-ras-brachycefalicznych\/\" \/>\n<meta property=\"og:locale\" content=\"pl_PL\" \/>\n<meta property=\"og:type\" content=\"article\" \/>\n<meta property=\"og:title\" content=\"Jak \u017cywi\u0107 psy z syndromem ras brachycefalicznych?\" \/>\n<meta property=\"og:description\" content=\"Masz buldo\u017cka albo mopsa? Zastanawiasz si\u0119, jak \u017cywi\u0107 psy z syndromem ras brachycefalicznych? Co w\u0142a\u015bciwe oznacza ten syndrom? Sprawd\u017amy!\" \/>\n<meta property=\"og:url\" content=\"https:\/\/acana.com.pl\/karma\/jak-zywic-psy-z-syndromem-ras-brachycefalicznych\/\" \/>\n<meta property=\"og:site_name\" content=\"Blog Acana Polska\" \/>\n<meta property=\"article:publisher\" content=\"https:\/\/www.facebook.com\/acanapolska\/\" \/>\n<meta property=\"article:published_time\" content=\"2024-03-15T09:49:37+00:00\" \/>\n<meta property=\"article:modified_time\" content=\"2024-03-15T09:53:59+00:00\" \/>\n<meta property=\"og:image\" content=\"https:\/\/acana.com.pl\/karma\/wp-content\/uploads\/2024\/03\/ACANA_Obrazek_wyrozniajacy_FB_1213x537_Obrazek_wyrozniajacy_BOAS_a_zywienie.png\" \/>\n\t<meta property=\"og:image:width\" content=\"1213\" \/>\n\t<meta property=\"og:image:height\" content=\"537\" \/>\n\t<meta property=\"og:image:type\" content=\"image\/png\" \/>\n<meta name=\"author\" content=\"Aneta Urbaniak\" \/>\n<meta name=\"twitter:card\" content=\"summary_large_image\" \/>\n<meta name=\"twitter:label1\" content=\"Napisane przez\" \/>\n\t<meta name=\"twitter:data1\" content=\"Aneta Urbaniak\" \/>\n\t<meta name=\"twitter:label2\" content=\"Szacowany czas czytania\" \/>\n\t<meta name=\"twitter:data2\" content=\"5 minut\" \/>\n<script type=\"application\/ld+json\" class=\"yoast-schema-graph\">{\"@context\":\"https:\\\/\\\/schema.org\",\"@graph\":[{\"@type\":\"Article\",\"@id\":\"https:\\\/\\\/acana.com.pl\\\/karma\\\/jak-zywic-psy-z-syndromem-ras-brachycefalicznych\\\/#article\",\"isPartOf\":{\"@id\":\"https:\\\/\\\/acana.com.pl\\\/karma\\\/jak-zywic-psy-z-syndromem-ras-brachycefalicznych\\\/\"},\"author\":{\"name\":\"Aneta Urbaniak\",\"@id\":\"https:\\\/\\\/acana.com.pl\\\/karma\\\/#\\\/schema\\\/person\\\/97dda884f1050b0c23c3f8b6008b8a9a\"},\"headline\":\"Jak \u017cywi\u0107 psy z syndromem ras brachycefalicznych?\",\"datePublished\":\"2024-03-15T09:49:37+00:00\",\"dateModified\":\"2024-03-15T09:53:59+00:00\",\"mainEntityOfPage\":{\"@id\":\"https:\\\/\\\/acana.com.pl\\\/karma\\\/jak-zywic-psy-z-syndromem-ras-brachycefalicznych\\\/\"},\"wordCount\":887,\"publisher\":{\"@id\":\"https:\\\/\\\/acana.com.pl\\\/karma\\\/#organization\"},\"image\":{\"@id\":\"https:\\\/\\\/acana.com.pl\\\/karma\\\/jak-zywic-psy-z-syndromem-ras-brachycefalicznych\\\/#primaryimage\"},\"thumbnailUrl\":\"https:\\\/\\\/acana.com.pl\\\/karma\\\/wp-content\\\/uploads\\\/2024\\\/03\\\/ACANA_Obrazek_wyrozniajacy_FB_1213x537_Obrazek_wyrozniajacy_BOAS_a_zywienie.png\",\"keywords\":[\"BOAS\",\"karma dla alergika\",\"karma dla buldoga\",\"karma dla buldo\u017cka\",\"karma dla ma\u0142ego psa\",\"karma dla psa\",\"najlepsze jedzenie dla psa\"],\"articleSection\":[\"Poradnik\"],\"inLanguage\":\"pl-PL\"},{\"@type\":\"WebPage\",\"@id\":\"https:\\\/\\\/acana.com.pl\\\/karma\\\/jak-zywic-psy-z-syndromem-ras-brachycefalicznych\\\/\",\"url\":\"https:\\\/\\\/acana.com.pl\\\/karma\\\/jak-zywic-psy-z-syndromem-ras-brachycefalicznych\\\/\",\"name\":\"Jak \u017cywi\u0107 psy z syndromem ras brachycefalicznych? - Blog Acana Polska\",\"isPartOf\":{\"@id\":\"https:\\\/\\\/acana.com.pl\\\/karma\\\/#website\"},\"primaryImageOfPage\":{\"@id\":\"https:\\\/\\\/acana.com.pl\\\/karma\\\/jak-zywic-psy-z-syndromem-ras-brachycefalicznych\\\/#primaryimage\"},\"image\":{\"@id\":\"https:\\\/\\\/acana.com.pl\\\/karma\\\/jak-zywic-psy-z-syndromem-ras-brachycefalicznych\\\/#primaryimage\"},\"thumbnailUrl\":\"https:\\\/\\\/acana.com.pl\\\/karma\\\/wp-content\\\/uploads\\\/2024\\\/03\\\/ACANA_Obrazek_wyrozniajacy_FB_1213x537_Obrazek_wyrozniajacy_BOAS_a_zywienie.png\",\"datePublished\":\"2024-03-15T09:49:37+00:00\",\"dateModified\":\"2024-03-15T09:53:59+00:00\",\"description\":\"Masz buldo\u017cka albo mopsa? Zastanawiasz si\u0119, jak \u017cywi\u0107 psy z syndromem ras brachycefalicznych? Co w\u0142a\u015bciwe oznacza ten syndrom? Sprawd\u017amy!\",\"breadcrumb\":{\"@id\":\"https:\\\/\\\/acana.com.pl\\\/karma\\\/jak-zywic-psy-z-syndromem-ras-brachycefalicznych\\\/#breadcrumb\"},\"inLanguage\":\"pl-PL\",\"potentialAction\":[{\"@type\":\"ReadAction\",\"target\":[\"https:\\\/\\\/acana.com.pl\\\/karma\\\/jak-zywic-psy-z-syndromem-ras-brachycefalicznych\\\/\"]}]},{\"@type\":\"ImageObject\",\"inLanguage\":\"pl-PL\",\"@id\":\"https:\\\/\\\/acana.com.pl\\\/karma\\\/jak-zywic-psy-z-syndromem-ras-brachycefalicznych\\\/#primaryimage\",\"url\":\"https:\\\/\\\/acana.com.pl\\\/karma\\\/wp-content\\\/uploads\\\/2024\\\/03\\\/ACANA_Obrazek_wyrozniajacy_FB_1213x537_Obrazek_wyrozniajacy_BOAS_a_zywienie.png\",\"contentUrl\":\"https:\\\/\\\/acana.com.pl\\\/karma\\\/wp-content\\\/uploads\\\/2024\\\/03\\\/ACANA_Obrazek_wyrozniajacy_FB_1213x537_Obrazek_wyrozniajacy_BOAS_a_zywienie.png\",\"width\":1213,\"height\":537,\"caption\":\"jak \u017cywi\u0107 psy z syndromem ras brachycefalicznych\"},{\"@type\":\"BreadcrumbList\",\"@id\":\"https:\\\/\\\/acana.com.pl\\\/karma\\\/jak-zywic-psy-z-syndromem-ras-brachycefalicznych\\\/#breadcrumb\",\"itemListElement\":[{\"@type\":\"ListItem\",\"position\":1,\"name\":\"Strona g\u0142\u00f3wna\",\"item\":\"https:\\\/\\\/acana.com.pl\\\/karma\\\/\"},{\"@type\":\"ListItem\",\"position\":2,\"name\":\"Jak \u017cywi\u0107 psy z syndromem ras brachycefalicznych?\"}]},{\"@type\":\"WebSite\",\"@id\":\"https:\\\/\\\/acana.com.pl\\\/karma\\\/#website\",\"url\":\"https:\\\/\\\/acana.com.pl\\\/karma\\\/\",\"name\":\"Blog Acana Polska\",\"description\":\"\",\"publisher\":{\"@id\":\"https:\\\/\\\/acana.com.pl\\\/karma\\\/#organization\"},\"potentialAction\":[{\"@type\":\"SearchAction\",\"target\":{\"@type\":\"EntryPoint\",\"urlTemplate\":\"https:\\\/\\\/acana.com.pl\\\/karma\\\/?s={search_term_string}\"},\"query-input\":{\"@type\":\"PropertyValueSpecification\",\"valueRequired\":true,\"valueName\":\"search_term_string\"}}],\"inLanguage\":\"pl-PL\"},{\"@type\":\"Organization\",\"@id\":\"https:\\\/\\\/acana.com.pl\\\/karma\\\/#organization\",\"name\":\"ACANA POLSKA Sp. z o.o. Sp. K.\",\"url\":\"https:\\\/\\\/acana.com.pl\\\/karma\\\/\",\"logo\":{\"@type\":\"ImageObject\",\"inLanguage\":\"pl-PL\",\"@id\":\"https:\\\/\\\/acana.com.pl\\\/karma\\\/#\\\/schema\\\/logo\\\/image\\\/\",\"url\":\"https:\\\/\\\/acana.com.pl\\\/karma\\\/wp-content\\\/uploads\\\/2018\\\/02\\\/logo-Acana-1.png\",\"contentUrl\":\"https:\\\/\\\/acana.com.pl\\\/karma\\\/wp-content\\\/uploads\\\/2018\\\/02\\\/logo-Acana-1.png\",\"width\":154,\"height\":74,\"caption\":\"ACANA POLSKA Sp. z o.o. Sp. K.\"},\"image\":{\"@id\":\"https:\\\/\\\/acana.com.pl\\\/karma\\\/#\\\/schema\\\/logo\\\/image\\\/\"},\"sameAs\":[\"https:\\\/\\\/www.facebook.com\\\/acanapolska\\\/\"]},{\"@type\":\"Person\",\"@id\":\"https:\\\/\\\/acana.com.pl\\\/karma\\\/#\\\/schema\\\/person\\\/97dda884f1050b0c23c3f8b6008b8a9a\",\"name\":\"Aneta Urbaniak\",\"image\":{\"@type\":\"ImageObject\",\"inLanguage\":\"pl-PL\",\"@id\":\"https:\\\/\\\/secure.gravatar.com\\\/avatar\\\/fb5da9bf0d6a85641ec2ba99f4c3f3a4f970ad4002875a59509b37db9477f1b4?s=96&d=mm&r=g\",\"url\":\"https:\\\/\\\/secure.gravatar.com\\\/avatar\\\/fb5da9bf0d6a85641ec2ba99f4c3f3a4f970ad4002875a59509b37db9477f1b4?s=96&d=mm&r=g\",\"contentUrl\":\"https:\\\/\\\/secure.gravatar.com\\\/avatar\\\/fb5da9bf0d6a85641ec2ba99f4c3f3a4f970ad4002875a59509b37db9477f1b4?s=96&d=mm&r=g\",\"caption\":\"Aneta Urbaniak\"},\"url\":\"https:\\\/\\\/acana.com.pl\\\/karma\\\/author\\\/aneta\\\/\"}]}<\/script>\n<!-- \/ Yoast SEO Premium plugin. -->","yoast_head_json":{"title":"Jak \u017cywi\u0107 psy z syndromem ras brachycefalicznych? - Blog Acana Polska","description":"Masz buldo\u017cka albo mopsa? Zastanawiasz si\u0119, jak \u017cywi\u0107 psy z syndromem ras brachycefalicznych? Co w\u0142a\u015bciwe oznacza ten syndrom? Sprawd\u017amy!","robots":{"index":"index","follow":"follow","max-snippet":"max-snippet:-1","max-image-preview":"max-image-preview:large","max-video-preview":"max-video-preview:-1"},"canonical":"https:\/\/acana.com.pl\/karma\/jak-zywic-psy-z-syndromem-ras-brachycefalicznych\/","og_locale":"pl_PL","og_type":"article","og_title":"Jak \u017cywi\u0107 psy z syndromem ras brachycefalicznych?","og_description":"Masz buldo\u017cka albo mopsa? Zastanawiasz si\u0119, jak \u017cywi\u0107 psy z syndromem ras brachycefalicznych? Co w\u0142a\u015bciwe oznacza ten syndrom? Sprawd\u017amy!","og_url":"https:\/\/acana.com.pl\/karma\/jak-zywic-psy-z-syndromem-ras-brachycefalicznych\/","og_site_name":"Blog Acana Polska","article_publisher":"https:\/\/www.facebook.com\/acanapolska\/","article_published_time":"2024-03-15T09:49:37+00:00","article_modified_time":"2024-03-15T09:53:59+00:00","og_image":[{"width":1213,"height":537,"url":"https:\/\/acana.com.pl\/karma\/wp-content\/uploads\/2024\/03\/ACANA_Obrazek_wyrozniajacy_FB_1213x537_Obrazek_wyrozniajacy_BOAS_a_zywienie.png","type":"image\/png"}],"author":"Aneta Urbaniak","twitter_card":"summary_large_image","twitter_misc":{"Napisane przez":"Aneta Urbaniak","Szacowany czas czytania":"5 minut"},"schema":{"@context":"https:\/\/schema.org","@graph":[{"@type":"Article","@id":"https:\/\/acana.com.pl\/karma\/jak-zywic-psy-z-syndromem-ras-brachycefalicznych\/#article","isPartOf":{"@id":"https:\/\/acana.com.pl\/karma\/jak-zywic-psy-z-syndromem-ras-brachycefalicznych\/"},"author":{"name":"Aneta Urbaniak","@id":"https:\/\/acana.com.pl\/karma\/#\/schema\/person\/97dda884f1050b0c23c3f8b6008b8a9a"},"headline":"Jak \u017cywi\u0107 psy z syndromem ras brachycefalicznych?","datePublished":"2024-03-15T09:49:37+00:00","dateModified":"2024-03-15T09:53:59+00:00","mainEntityOfPage":{"@id":"https:\/\/acana.com.pl\/karma\/jak-zywic-psy-z-syndromem-ras-brachycefalicznych\/"},"wordCount":887,"publisher":{"@id":"https:\/\/acana.com.pl\/karma\/#organization"},"image":{"@id":"https:\/\/acana.com.pl\/karma\/jak-zywic-psy-z-syndromem-ras-brachycefalicznych\/#primaryimage"},"thumbnailUrl":"https:\/\/acana.com.pl\/karma\/wp-content\/uploads\/2024\/03\/ACANA_Obrazek_wyrozniajacy_FB_1213x537_Obrazek_wyrozniajacy_BOAS_a_zywienie.png","keywords":["BOAS","karma dla alergika","karma dla buldoga","karma dla buldo\u017cka","karma dla ma\u0142ego psa","karma dla psa","najlepsze jedzenie dla psa"],"articleSection":["Poradnik"],"inLanguage":"pl-PL"},{"@type":"WebPage","@id":"https:\/\/acana.com.pl\/karma\/jak-zywic-psy-z-syndromem-ras-brachycefalicznych\/","url":"https:\/\/acana.com.pl\/karma\/jak-zywic-psy-z-syndromem-ras-brachycefalicznych\/","name":"Jak \u017cywi\u0107 psy z syndromem ras brachycefalicznych? - Blog Acana Polska","isPartOf":{"@id":"https:\/\/acana.com.pl\/karma\/#website"},"primaryImageOfPage":{"@id":"https:\/\/acana.com.pl\/karma\/jak-zywic-psy-z-syndromem-ras-brachycefalicznych\/#primaryimage"},"image":{"@id":"https:\/\/acana.com.pl\/karma\/jak-zywic-psy-z-syndromem-ras-brachycefalicznych\/#primaryimage"},"thumbnailUrl":"https:\/\/acana.com.pl\/karma\/wp-content\/uploads\/2024\/03\/ACANA_Obrazek_wyrozniajacy_FB_1213x537_Obrazek_wyrozniajacy_BOAS_a_zywienie.png","datePublished":"2024-03-15T09:49:37+00:00","dateModified":"2024-03-15T09:53:59+00:00","description":"Masz buldo\u017cka albo mopsa? Zastanawiasz si\u0119, jak \u017cywi\u0107 psy z syndromem ras brachycefalicznych? Co w\u0142a\u015bciwe oznacza ten syndrom? Sprawd\u017amy!","breadcrumb":{"@id":"https:\/\/acana.com.pl\/karma\/jak-zywic-psy-z-syndromem-ras-brachycefalicznych\/#breadcrumb"},"inLanguage":"pl-PL","potentialAction":[{"@type":"ReadAction","target":["https:\/\/acana.com.pl\/karma\/jak-zywic-psy-z-syndromem-ras-brachycefalicznych\/"]}]},{"@type":"ImageObject","inLanguage":"pl-PL","@id":"https:\/\/acana.com.pl\/karma\/jak-zywic-psy-z-syndromem-ras-brachycefalicznych\/#primaryimage","url":"https:\/\/acana.com.pl\/karma\/wp-content\/uploads\/2024\/03\/ACANA_Obrazek_wyrozniajacy_FB_1213x537_Obrazek_wyrozniajacy_BOAS_a_zywienie.png","contentUrl":"https:\/\/acana.com.pl\/karma\/wp-content\/uploads\/2024\/03\/ACANA_Obrazek_wyrozniajacy_FB_1213x537_Obrazek_wyrozniajacy_BOAS_a_zywienie.png","width":1213,"height":537,"caption":"jak \u017cywi\u0107 psy z syndromem ras brachycefalicznych"},{"@type":"BreadcrumbList","@id":"https:\/\/acana.com.pl\/karma\/jak-zywic-psy-z-syndromem-ras-brachycefalicznych\/#breadcrumb","itemListElement":[{"@type":"ListItem","position":1,"name":"Strona g\u0142\u00f3wna","item":"https:\/\/acana.com.pl\/karma\/"},{"@type":"ListItem","position":2,"name":"Jak \u017cywi\u0107 psy z syndromem ras brachycefalicznych?"}]},{"@type":"WebSite","@id":"https:\/\/acana.com.pl\/karma\/#website","url":"https:\/\/acana.com.pl\/karma\/","name":"Blog Acana Polska","description":"","publisher":{"@id":"https:\/\/acana.com.pl\/karma\/#organization"},"potentialAction":[{"@type":"SearchAction","target":{"@type":"EntryPoint","urlTemplate":"https:\/\/acana.com.pl\/karma\/?s={search_term_string}"},"query-input":{"@type":"PropertyValueSpecification","valueRequired":true,"valueName":"search_term_string"}}],"inLanguage":"pl-PL"},{"@type":"Organization","@id":"https:\/\/acana.com.pl\/karma\/#organization","name":"ACANA POLSKA Sp. z o.o. Sp. K.","url":"https:\/\/acana.com.pl\/karma\/","logo":{"@type":"ImageObject","inLanguage":"pl-PL","@id":"https:\/\/acana.com.pl\/karma\/#\/schema\/logo\/image\/","url":"https:\/\/acana.com.pl\/karma\/wp-content\/uploads\/2018\/02\/logo-Acana-1.png","contentUrl":"https:\/\/acana.com.pl\/karma\/wp-content\/uploads\/2018\/02\/logo-Acana-1.png","width":154,"height":74,"caption":"ACANA POLSKA Sp. z o.o. Sp. K."},"image":{"@id":"https:\/\/acana.com.pl\/karma\/#\/schema\/logo\/image\/"},"sameAs":["https:\/\/www.facebook.com\/acanapolska\/"]},{"@type":"Person","@id":"https:\/\/acana.com.pl\/karma\/#\/schema\/person\/97dda884f1050b0c23c3f8b6008b8a9a","name":"Aneta Urbaniak","image":{"@type":"ImageObject","inLanguage":"pl-PL","@id":"https:\/\/secure.gravatar.com\/avatar\/fb5da9bf0d6a85641ec2ba99f4c3f3a4f970ad4002875a59509b37db9477f1b4?s=96&d=mm&r=g","url":"https:\/\/secure.gravatar.com\/avatar\/fb5da9bf0d6a85641ec2ba99f4c3f3a4f970ad4002875a59509b37db9477f1b4?s=96&d=mm&r=g","contentUrl":"https:\/\/secure.gravatar.com\/avatar\/fb5da9bf0d6a85641ec2ba99f4c3f3a4f970ad4002875a59509b37db9477f1b4?s=96&d=mm&r=g","caption":"Aneta Urbaniak"},"url":"https:\/\/acana.com.pl\/karma\/author\/aneta\/"}]}},"_links":{"self":[{"href":"https:\/\/acana.com.pl\/karma\/wp-json\/wp\/v2\/posts\/12839","targetHints":{"allow":["GET"]}}],"collection":[{"href":"https:\/\/acana.com.pl\/karma\/wp-json\/wp\/v2\/posts"}],"about":[{"href":"https:\/\/acana.com.pl\/karma\/wp-json\/wp\/v2\/types\/post"}],"author":[{"embeddable":true,"href":"https:\/\/acana.com.pl\/karma\/wp-json\/wp\/v2\/users\/14"}],"replies":[{"embeddable":true,"href":"https:\/\/acana.com.pl\/karma\/wp-json\/wp\/v2\/comments?post=12839"}],"version-history":[{"count":0,"href":"https:\/\/acana.com.pl\/karma\/wp-json\/wp\/v2\/posts\/12839\/revisions"}],"wp:featuredmedia":[{"embeddable":true,"href":"https:\/\/acana.com.pl\/karma\/wp-json\/wp\/v2\/media\/12842"}],"wp:attachment":[{"href":"https:\/\/acana.com.pl\/karma\/wp-json\/wp\/v2\/media?parent=12839"}],"wp:term":[{"taxonomy":"category","embeddable":true,"href":"https:\/\/acana.com.pl\/karma\/wp-json\/wp\/v2\/categories?post=12839"},{"taxonomy":"post_tag","embeddable":true,"href":"https:\/\/acana.com.pl\/karma\/wp-json\/wp\/v2\/tags?post=12839"}],"curies":[{"name":"wp","href":"https:\/\/api.w.org\/{rel}","templated":true}]}}