{"id":2070,"date":"2015-02-23T13:29:15","date_gmt":"2015-02-23T12:29:15","guid":{"rendered":"http:\/\/acana.com.pl\/?p=2070"},"modified":"2015-04-27T15:38:28","modified_gmt":"2015-04-27T13:38:28","slug":"wesolych-swiat-wielkanocnych","status":"publish","type":"post","link":"https:\/\/acana.com.pl\/karma\/wesolych-swiat-wielkanocnych\/","title":{"rendered":"Weso\u0142ych \u015awi\u0105t Wielkanocnych!"},"content":{"rendered":"<p style=\"text-align: justify;\">Drodzy Mi\u0142o\u015bnicy Ps\u00f3w i Kot\u00f3w,<\/p>\n<p style=\"text-align: justify;\">z okazji nadchodz\u0105cych \u015awi\u0105t Wielkanocnych \u017cyczymy Pa\u0144stwu wiosennej pogody ducha wype\u0142niaj\u0105cej dni s\u0142onecznym optymizmem i promienn\u0105 rado\u015bci\u0105.<\/p>\n<p style=\"text-align: justify;\">Niech uczucie nadziei, p\u0142yn\u0105ce z tych wyj\u0105tkowych \u015awi\u0105t, towarzyszy Pa\u0144stwu przez ca\u0142y rok i stanie si\u0119 \u017ar\u00f3d\u0142em<br \/>\ninspiracji pozwalaj\u0105cej realizowa\u0107 plany i spe\u0142nia\u0107 marzenia.<\/p>\n<p style=\"text-align: justify;\">Weso\u0142ych \u015awi\u0105t Wielkanocnych \u017cyczy Acana Polska<\/p>\n<p><a href=\"https:\/\/acana.com.pl\/wp-content\/uploads\/2015\/04\/aktualnosc_swieta-wielkanocne.png\"><img loading=\"lazy\" decoding=\"async\" class=\"alignleft size-full wp-image-2071\" src=\"https:\/\/acana.com.pl\/wp-content\/uploads\/2015\/04\/aktualnosc_swieta-wielkanocne.png\" alt=\"aktualnosc_swieta wielkanocne\" width=\"1213\" height=\"537\" srcset=\"https:\/\/acana.com.pl\/karma\/wp-content\/uploads\/2015\/04\/aktualnosc_swieta-wielkanocne.png 1213w, https:\/\/acana.com.pl\/karma\/wp-content\/uploads\/2015\/04\/aktualnosc_swieta-wielkanocne-300x132.png 300w, https:\/\/acana.com.pl\/karma\/wp-content\/uploads\/2015\/04\/aktualnosc_swieta-wielkanocne-1024x453.png 1024w, https:\/\/acana.com.pl\/karma\/wp-content\/uploads\/2015\/04\/aktualnosc_swieta-wielkanocne-292x128.png 292w\" sizes=\"auto, (max-width: 1213px) 100vw, 1213px\" \/><\/a><\/p>\n","protected":false},"excerpt":{"rendered":"<p>Drodzy Mi\u0142o\u015bnicy Ps\u00f3w i Kot\u00f3w, z okazji nadchodz\u0105cych \u015awi\u0105t Wielkanocnych \u017cyczymy Pa\u0144stwu wiosennej pogody ducha wype\u0142niaj\u0105cej dni s\u0142onecznym optymizmem i promienn\u0105 rado\u015bci\u0105. Niech uczucie nadziei, p\u0142yn\u0105ce z tych wyj\u0105tkowych \u015awi\u0105t, towarzyszy Pa\u0144stwu przez ca\u0142y rok i stanie si\u0119 \u017ar\u00f3d\u0142em inspiracji pozwalaj\u0105cej realizowa\u0107 plany i spe\u0142nia\u0107 marzenia. Weso\u0142ych \u015awi\u0105t Wielkanocnych \u017cyczy Acana Polska<\/p>\n","protected":false},"author":2,"featured_media":2071,"comment_status":"open","ping_status":"open","sticky":false,"template":"","format":"standard","meta":{"_acf_changed":false,"_editorskit_title_hidden":false,"_editorskit_reading_time":0,"_editorskit_is_block_options_detached":false,"_editorskit_block_options_position":"{}","ngg_post_thumbnail":0,"footnotes":""},"categories":[2],"tags":[],"class_list":["post-2070","post","type-post","status-publish","format-standard","has-post-thumbnail","hentry","category-aktualnosci"],"acf":[],"yoast_head":"<!-- This site is optimized with the Yoast SEO Premium plugin v27.4 (Yoast SEO v27.5) - https:\/\/yoast.com\/product\/yoast-seo-premium-wordpress\/ -->\n<title>Weso\u0142ych \u015awi\u0105t Wielkanocnych! - Blog Acana Polska<\/title>\n<meta name=\"robots\" content=\"index, follow, max-snippet:-1, max-image-preview:large, max-video-preview:-1\" \/>\n<link rel=\"canonical\" href=\"https:\/\/acana.com.pl\/karma\/wesolych-swiat-wielkanocnych\/\" \/>\n<meta property=\"og:locale\" content=\"pl_PL\" \/>\n<meta property=\"og:type\" content=\"article\" \/>\n<meta property=\"og:title\" content=\"Weso\u0142ych \u015awi\u0105t Wielkanocnych!\" \/>\n<meta property=\"og:description\" content=\"Drodzy Mi\u0142o\u015bnicy Ps\u00f3w i Kot\u00f3w, z okazji nadchodz\u0105cych \u015awi\u0105t Wielkanocnych \u017cyczymy Pa\u0144stwu wiosennej pogody ducha wype\u0142niaj\u0105cej dni s\u0142onecznym optymizmem i promienn\u0105 rado\u015bci\u0105. Niech uczucie nadziei, p\u0142yn\u0105ce z tych wyj\u0105tkowych \u015awi\u0105t, towarzyszy Pa\u0144stwu przez ca\u0142y rok i stanie si\u0119 \u017ar\u00f3d\u0142em inspiracji pozwalaj\u0105cej realizowa\u0107 plany i spe\u0142nia\u0107 marzenia. Weso\u0142ych \u015awi\u0105t Wielkanocnych \u017cyczy Acana Polska\" \/>\n<meta property=\"og:url\" content=\"https:\/\/acana.com.pl\/karma\/wesolych-swiat-wielkanocnych\/\" \/>\n<meta property=\"og:site_name\" content=\"Blog Acana Polska\" \/>\n<meta property=\"article:publisher\" content=\"https:\/\/www.facebook.com\/acanapolska\/\" \/>\n<meta property=\"article:published_time\" content=\"2015-02-23T12:29:15+00:00\" \/>\n<meta property=\"article:modified_time\" content=\"2015-04-27T13:38:28+00:00\" \/>\n<meta property=\"og:image\" content=\"https:\/\/acana.com.pl\/karma\/wp-content\/uploads\/2015\/04\/aktualnosc_swieta-wielkanocne.png\" \/>\n\t<meta property=\"og:image:width\" content=\"1213\" \/>\n\t<meta property=\"og:image:height\" content=\"537\" \/>\n\t<meta property=\"og:image:type\" content=\"image\/png\" \/>\n<meta name=\"twitter:card\" content=\"summary_large_image\" \/>\n<meta name=\"twitter:label1\" content=\"Napisane przez\" \/>\n\t<meta name=\"twitter:data1\" content=\"\" \/>\n<script type=\"application\/ld+json\" class=\"yoast-schema-graph\">{\"@context\":\"https:\\\/\\\/schema.org\",\"@graph\":[{\"@type\":\"Article\",\"@id\":\"https:\\\/\\\/acana.com.pl\\\/karma\\\/wesolych-swiat-wielkanocnych\\\/#article\",\"isPartOf\":{\"@id\":\"https:\\\/\\\/acana.com.pl\\\/karma\\\/wesolych-swiat-wielkanocnych\\\/\"},\"author\":{\"name\":\"\",\"@id\":\"\"},\"headline\":\"Weso\u0142ych \u015awi\u0105t Wielkanocnych!\",\"datePublished\":\"2015-02-23T12:29:15+00:00\",\"dateModified\":\"2015-04-27T13:38:28+00:00\",\"mainEntityOfPage\":{\"@id\":\"https:\\\/\\\/acana.com.pl\\\/karma\\\/wesolych-swiat-wielkanocnych\\\/\"},\"wordCount\":80,\"commentCount\":0,\"publisher\":{\"@id\":\"https:\\\/\\\/acana.com.pl\\\/karma\\\/#organization\"},\"image\":{\"@id\":\"https:\\\/\\\/acana.com.pl\\\/karma\\\/wesolych-swiat-wielkanocnych\\\/#primaryimage\"},\"thumbnailUrl\":\"https:\\\/\\\/acana.com.pl\\\/karma\\\/wp-content\\\/uploads\\\/2015\\\/04\\\/aktualnosc_swieta-wielkanocne.png\",\"articleSection\":[\"Aktualno\u015bci\"],\"inLanguage\":\"pl-PL\"},{\"@type\":\"WebPage\",\"@id\":\"https:\\\/\\\/acana.com.pl\\\/karma\\\/wesolych-swiat-wielkanocnych\\\/\",\"url\":\"https:\\\/\\\/acana.com.pl\\\/karma\\\/wesolych-swiat-wielkanocnych\\\/\",\"name\":\"Weso\u0142ych \u015awi\u0105t Wielkanocnych! - Blog Acana Polska\",\"isPartOf\":{\"@id\":\"https:\\\/\\\/acana.com.pl\\\/karma\\\/#website\"},\"primaryImageOfPage\":{\"@id\":\"https:\\\/\\\/acana.com.pl\\\/karma\\\/wesolych-swiat-wielkanocnych\\\/#primaryimage\"},\"image\":{\"@id\":\"https:\\\/\\\/acana.com.pl\\\/karma\\\/wesolych-swiat-wielkanocnych\\\/#primaryimage\"},\"thumbnailUrl\":\"https:\\\/\\\/acana.com.pl\\\/karma\\\/wp-content\\\/uploads\\\/2015\\\/04\\\/aktualnosc_swieta-wielkanocne.png\",\"datePublished\":\"2015-02-23T12:29:15+00:00\",\"dateModified\":\"2015-04-27T13:38:28+00:00\",\"breadcrumb\":{\"@id\":\"https:\\\/\\\/acana.com.pl\\\/karma\\\/wesolych-swiat-wielkanocnych\\\/#breadcrumb\"},\"inLanguage\":\"pl-PL\",\"potentialAction\":[{\"@type\":\"ReadAction\",\"target\":[\"https:\\\/\\\/acana.com.pl\\\/karma\\\/wesolych-swiat-wielkanocnych\\\/\"]}]},{\"@type\":\"ImageObject\",\"inLanguage\":\"pl-PL\",\"@id\":\"https:\\\/\\\/acana.com.pl\\\/karma\\\/wesolych-swiat-wielkanocnych\\\/#primaryimage\",\"url\":\"https:\\\/\\\/acana.com.pl\\\/karma\\\/wp-content\\\/uploads\\\/2015\\\/04\\\/aktualnosc_swieta-wielkanocne.png\",\"contentUrl\":\"https:\\\/\\\/acana.com.pl\\\/karma\\\/wp-content\\\/uploads\\\/2015\\\/04\\\/aktualnosc_swieta-wielkanocne.png\",\"width\":1213,\"height\":537},{\"@type\":\"BreadcrumbList\",\"@id\":\"https:\\\/\\\/acana.com.pl\\\/karma\\\/wesolych-swiat-wielkanocnych\\\/#breadcrumb\",\"itemListElement\":[{\"@type\":\"ListItem\",\"position\":1,\"name\":\"Strona g\u0142\u00f3wna\",\"item\":\"https:\\\/\\\/acana.com.pl\\\/karma\\\/\"},{\"@type\":\"ListItem\",\"position\":2,\"name\":\"Weso\u0142ych \u015awi\u0105t Wielkanocnych!\"}]},{\"@type\":\"WebSite\",\"@id\":\"https:\\\/\\\/acana.com.pl\\\/karma\\\/#website\",\"url\":\"https:\\\/\\\/acana.com.pl\\\/karma\\\/\",\"name\":\"Blog Acana Polska\",\"description\":\"\",\"publisher\":{\"@id\":\"https:\\\/\\\/acana.com.pl\\\/karma\\\/#organization\"},\"potentialAction\":[{\"@type\":\"SearchAction\",\"target\":{\"@type\":\"EntryPoint\",\"urlTemplate\":\"https:\\\/\\\/acana.com.pl\\\/karma\\\/?s={search_term_string}\"},\"query-input\":{\"@type\":\"PropertyValueSpecification\",\"valueRequired\":true,\"valueName\":\"search_term_string\"}}],\"inLanguage\":\"pl-PL\"},{\"@type\":\"Organization\",\"@id\":\"https:\\\/\\\/acana.com.pl\\\/karma\\\/#organization\",\"name\":\"ACANA POLSKA Sp. z o.o. Sp. K.\",\"url\":\"https:\\\/\\\/acana.com.pl\\\/karma\\\/\",\"logo\":{\"@type\":\"ImageObject\",\"inLanguage\":\"pl-PL\",\"@id\":\"https:\\\/\\\/acana.com.pl\\\/karma\\\/#\\\/schema\\\/logo\\\/image\\\/\",\"url\":\"https:\\\/\\\/acana.com.pl\\\/karma\\\/wp-content\\\/uploads\\\/2018\\\/02\\\/logo-Acana-1.png\",\"contentUrl\":\"https:\\\/\\\/acana.com.pl\\\/karma\\\/wp-content\\\/uploads\\\/2018\\\/02\\\/logo-Acana-1.png\",\"width\":154,\"height\":74,\"caption\":\"ACANA POLSKA Sp. z o.o. Sp. K.\"},\"image\":{\"@id\":\"https:\\\/\\\/acana.com.pl\\\/karma\\\/#\\\/schema\\\/logo\\\/image\\\/\"},\"sameAs\":[\"https:\\\/\\\/www.facebook.com\\\/acanapolska\\\/\"]},{\"@type\":\"Person\",\"@id\":\"\",\"url\":\"https:\\\/\\\/acana.com.pl\\\/karma\\\/author\\\/\"}]}<\/script>\n<!-- \/ Yoast SEO Premium plugin. -->","yoast_head_json":{"title":"Weso\u0142ych \u015awi\u0105t Wielkanocnych! - Blog Acana Polska","robots":{"index":"index","follow":"follow","max-snippet":"max-snippet:-1","max-image-preview":"max-image-preview:large","max-video-preview":"max-video-preview:-1"},"canonical":"https:\/\/acana.com.pl\/karma\/wesolych-swiat-wielkanocnych\/","og_locale":"pl_PL","og_type":"article","og_title":"Weso\u0142ych \u015awi\u0105t Wielkanocnych!","og_description":"Drodzy Mi\u0142o\u015bnicy Ps\u00f3w i Kot\u00f3w, z okazji nadchodz\u0105cych \u015awi\u0105t Wielkanocnych \u017cyczymy Pa\u0144stwu wiosennej pogody ducha wype\u0142niaj\u0105cej dni s\u0142onecznym optymizmem i promienn\u0105 rado\u015bci\u0105. Niech uczucie nadziei, p\u0142yn\u0105ce z tych wyj\u0105tkowych \u015awi\u0105t, towarzyszy Pa\u0144stwu przez ca\u0142y rok i stanie si\u0119 \u017ar\u00f3d\u0142em inspiracji pozwalaj\u0105cej realizowa\u0107 plany i spe\u0142nia\u0107 marzenia. Weso\u0142ych \u015awi\u0105t Wielkanocnych \u017cyczy Acana Polska","og_url":"https:\/\/acana.com.pl\/karma\/wesolych-swiat-wielkanocnych\/","og_site_name":"Blog Acana Polska","article_publisher":"https:\/\/www.facebook.com\/acanapolska\/","article_published_time":"2015-02-23T12:29:15+00:00","article_modified_time":"2015-04-27T13:38:28+00:00","og_image":[{"width":1213,"height":537,"url":"https:\/\/acana.com.pl\/karma\/wp-content\/uploads\/2015\/04\/aktualnosc_swieta-wielkanocne.png","type":"image\/png"}],"twitter_card":"summary_large_image","twitter_misc":{"Napisane przez":""},"schema":{"@context":"https:\/\/schema.org","@graph":[{"@type":"Article","@id":"https:\/\/acana.com.pl\/karma\/wesolych-swiat-wielkanocnych\/#article","isPartOf":{"@id":"https:\/\/acana.com.pl\/karma\/wesolych-swiat-wielkanocnych\/"},"author":{"name":"","@id":""},"headline":"Weso\u0142ych \u015awi\u0105t Wielkanocnych!","datePublished":"2015-02-23T12:29:15+00:00","dateModified":"2015-04-27T13:38:28+00:00","mainEntityOfPage":{"@id":"https:\/\/acana.com.pl\/karma\/wesolych-swiat-wielkanocnych\/"},"wordCount":80,"commentCount":0,"publisher":{"@id":"https:\/\/acana.com.pl\/karma\/#organization"},"image":{"@id":"https:\/\/acana.com.pl\/karma\/wesolych-swiat-wielkanocnych\/#primaryimage"},"thumbnailUrl":"https:\/\/acana.com.pl\/karma\/wp-content\/uploads\/2015\/04\/aktualnosc_swieta-wielkanocne.png","articleSection":["Aktualno\u015bci"],"inLanguage":"pl-PL"},{"@type":"WebPage","@id":"https:\/\/acana.com.pl\/karma\/wesolych-swiat-wielkanocnych\/","url":"https:\/\/acana.com.pl\/karma\/wesolych-swiat-wielkanocnych\/","name":"Weso\u0142ych \u015awi\u0105t Wielkanocnych! - Blog Acana Polska","isPartOf":{"@id":"https:\/\/acana.com.pl\/karma\/#website"},"primaryImageOfPage":{"@id":"https:\/\/acana.com.pl\/karma\/wesolych-swiat-wielkanocnych\/#primaryimage"},"image":{"@id":"https:\/\/acana.com.pl\/karma\/wesolych-swiat-wielkanocnych\/#primaryimage"},"thumbnailUrl":"https:\/\/acana.com.pl\/karma\/wp-content\/uploads\/2015\/04\/aktualnosc_swieta-wielkanocne.png","datePublished":"2015-02-23T12:29:15+00:00","dateModified":"2015-04-27T13:38:28+00:00","breadcrumb":{"@id":"https:\/\/acana.com.pl\/karma\/wesolych-swiat-wielkanocnych\/#breadcrumb"},"inLanguage":"pl-PL","potentialAction":[{"@type":"ReadAction","target":["https:\/\/acana.com.pl\/karma\/wesolych-swiat-wielkanocnych\/"]}]},{"@type":"ImageObject","inLanguage":"pl-PL","@id":"https:\/\/acana.com.pl\/karma\/wesolych-swiat-wielkanocnych\/#primaryimage","url":"https:\/\/acana.com.pl\/karma\/wp-content\/uploads\/2015\/04\/aktualnosc_swieta-wielkanocne.png","contentUrl":"https:\/\/acana.com.pl\/karma\/wp-content\/uploads\/2015\/04\/aktualnosc_swieta-wielkanocne.png","width":1213,"height":537},{"@type":"BreadcrumbList","@id":"https:\/\/acana.com.pl\/karma\/wesolych-swiat-wielkanocnych\/#breadcrumb","itemListElement":[{"@type":"ListItem","position":1,"name":"Strona g\u0142\u00f3wna","item":"https:\/\/acana.com.pl\/karma\/"},{"@type":"ListItem","position":2,"name":"Weso\u0142ych \u015awi\u0105t Wielkanocnych!"}]},{"@type":"WebSite","@id":"https:\/\/acana.com.pl\/karma\/#website","url":"https:\/\/acana.com.pl\/karma\/","name":"Blog Acana Polska","description":"","publisher":{"@id":"https:\/\/acana.com.pl\/karma\/#organization"},"potentialAction":[{"@type":"SearchAction","target":{"@type":"EntryPoint","urlTemplate":"https:\/\/acana.com.pl\/karma\/?s={search_term_string}"},"query-input":{"@type":"PropertyValueSpecification","valueRequired":true,"valueName":"search_term_string"}}],"inLanguage":"pl-PL"},{"@type":"Organization","@id":"https:\/\/acana.com.pl\/karma\/#organization","name":"ACANA POLSKA Sp. z o.o. Sp. K.","url":"https:\/\/acana.com.pl\/karma\/","logo":{"@type":"ImageObject","inLanguage":"pl-PL","@id":"https:\/\/acana.com.pl\/karma\/#\/schema\/logo\/image\/","url":"https:\/\/acana.com.pl\/karma\/wp-content\/uploads\/2018\/02\/logo-Acana-1.png","contentUrl":"https:\/\/acana.com.pl\/karma\/wp-content\/uploads\/2018\/02\/logo-Acana-1.png","width":154,"height":74,"caption":"ACANA POLSKA Sp. z o.o. Sp. K."},"image":{"@id":"https:\/\/acana.com.pl\/karma\/#\/schema\/logo\/image\/"},"sameAs":["https:\/\/www.facebook.com\/acanapolska\/"]},{"@type":"Person","@id":"","url":"https:\/\/acana.com.pl\/karma\/author\/"}]}},"_links":{"self":[{"href":"https:\/\/acana.com.pl\/karma\/wp-json\/wp\/v2\/posts\/2070","targetHints":{"allow":["GET"]}}],"collection":[{"href":"https:\/\/acana.com.pl\/karma\/wp-json\/wp\/v2\/posts"}],"about":[{"href":"https:\/\/acana.com.pl\/karma\/wp-json\/wp\/v2\/types\/post"}],"author":[{"embeddable":true,"href":"https:\/\/acana.com.pl\/karma\/wp-json\/wp\/v2\/users\/2"}],"replies":[{"embeddable":true,"href":"https:\/\/acana.com.pl\/karma\/wp-json\/wp\/v2\/comments?post=2070"}],"version-history":[{"count":0,"href":"https:\/\/acana.com.pl\/karma\/wp-json\/wp\/v2\/posts\/2070\/revisions"}],"wp:featuredmedia":[{"embeddable":true,"href":"https:\/\/acana.com.pl\/karma\/wp-json\/wp\/v2\/media\/2071"}],"wp:attachment":[{"href":"https:\/\/acana.com.pl\/karma\/wp-json\/wp\/v2\/media?parent=2070"}],"wp:term":[{"taxonomy":"category","embeddable":true,"href":"https:\/\/acana.com.pl\/karma\/wp-json\/wp\/v2\/categories?post=2070"},{"taxonomy":"post_tag","embeddable":true,"href":"https:\/\/acana.com.pl\/karma\/wp-json\/wp\/v2\/tags?post=2070"}],"curies":[{"name":"wp","href":"https:\/\/api.w.org\/{rel}","templated":true}]}}