{"id":2300,"date":"2015-05-18T11:28:04","date_gmt":"2015-05-18T09:28:04","guid":{"rendered":"http:\/\/acana.com.pl\/?p=2300"},"modified":"2015-05-26T11:08:23","modified_gmt":"2015-05-26T09:08:23","slug":"zgrupowanie-biznesowe-w-opalenicy","status":"publish","type":"post","link":"https:\/\/acana.com.pl\/karma\/zgrupowanie-biznesowe-w-opalenicy\/","title":{"rendered":"Zgrupowanie biznesowe w Opalenicy"},"content":{"rendered":"<p style=\"text-align: justify;\">Ju\u017c w najbli\u017cszy weekend, 23.05.2015 r. odbywa si\u0119 kolejne spotkanie z cyklu <strong>Seminari\u00f3w Biznesowych Acana Polska<\/strong>. Tym razem odwiedzimy Wielkopolsk\u0119, a dok\u0142adnie hotel Remes Sport &amp; Spa w Opalenicy. W tym pi\u0119knie po\u0142o\u017conym o\u015brodku, z kt\u00f3rego korzysta\u0142a m.in. pi\u0142karska reprezentacja Portugalii podczas organizowanych w Polsce i na Ukrainie Mistrzostw Europy 2012, b\u0119dziemy mieli idealne warunki do przekazania naszym Go\u015bciom <strong>Biologicznie Odpowiedniej wiedzy.<\/strong><\/p>\n<p style=\"text-align: justify;\"><strong>Na Seminarium tradycyjnie nie zabraknie atrakcji<\/strong>, najwa\u017cniejszych informacji na temat naszych produkt\u00f3w oraz bie\u017c\u0105cych trend\u00f3w na rynku zoologicznym. Nawi\u0105zuj\u0105c do nazwy sali konferencyjnej \u2013 Champions League \u2013 liczymy na mistrzowskie Seminarium, kt\u00f3re na d\u0142ugo pozostanie w pami\u0119ci.<\/p>\n<p style=\"text-align: justify;\">Po uczcie intelektualnej, <strong>zaprosimy na Biologicznie Odpowiedni\u0105 kolacj\u0119,<\/strong> lecz zaplanowane przez nas dania niech pozostan\u0105 do soboty tajemnic\u0105. Zapewniamy jednak, \u017ce wszystkie potrawy zawiera\u0107 b\u0119d\u0105 jedynie regionalne, naturalne sk\u0142adniki.<\/p>\n<p style=\"text-align: justify;\">Do zobaczenia wkr\u00f3tce!<a href=\"https:\/\/acana.com.pl\/wp-content\/uploads\/2015\/05\/Logo-Hotel-Remes.jpg\"><img loading=\"lazy\" decoding=\"async\" class=\"alignleft size-full wp-image-2302\" src=\"https:\/\/acana.com.pl\/wp-content\/uploads\/2015\/05\/Logo-Hotel-Remes.jpg\" alt=\"logo remes_gold\" width=\"1979\" height=\"1167\" srcset=\"https:\/\/acana.com.pl\/karma\/wp-content\/uploads\/2015\/05\/Logo-Hotel-Remes.jpg 1979w, https:\/\/acana.com.pl\/karma\/wp-content\/uploads\/2015\/05\/Logo-Hotel-Remes-300x176.jpg 300w, https:\/\/acana.com.pl\/karma\/wp-content\/uploads\/2015\/05\/Logo-Hotel-Remes-1024x603.jpg 1024w\" sizes=\"auto, (max-width: 1979px) 100vw, 1979px\" \/><\/a><\/p>\n","protected":false},"excerpt":{"rendered":"<p>Ju\u017c w najbli\u017cszy weekend, 23.05.2015 r. odbywa si\u0119 kolejne spotkanie z cyklu Seminari\u00f3w Biznesowych Acana Polska. Tym razem odwiedzimy Wielkopolsk\u0119, a dok\u0142adnie hotel Remes Sport &amp; Spa w Opalenicy. W tym pi\u0119knie po\u0142o\u017conym o\u015brodku, z kt\u00f3rego korzysta\u0142a m.in. pi\u0142karska reprezentacja Portugalii podczas organizowanych w Polsce i na Ukrainie Mistrzostw Europy 2012, b\u0119dziemy mieli idealne warunki [&hellip;]<\/p>\n","protected":false},"author":2,"featured_media":2301,"comment_status":"open","ping_status":"open","sticky":false,"template":"","format":"standard","meta":{"_acf_changed":false,"_editorskit_title_hidden":false,"_editorskit_reading_time":0,"_editorskit_is_block_options_detached":false,"_editorskit_block_options_position":"{}","ngg_post_thumbnail":0,"footnotes":""},"categories":[2],"tags":[],"class_list":["post-2300","post","type-post","status-publish","format-standard","has-post-thumbnail","hentry","category-aktualnosci"],"acf":[],"yoast_head":"<!-- This site is optimized with the Yoast SEO Premium plugin v27.4 (Yoast SEO v27.5) - https:\/\/yoast.com\/product\/yoast-seo-premium-wordpress\/ -->\n<title>Zgrupowanie biznesowe w Opalenicy - Blog Acana Polska<\/title>\n<meta name=\"robots\" content=\"index, follow, max-snippet:-1, max-image-preview:large, max-video-preview:-1\" \/>\n<link rel=\"canonical\" href=\"https:\/\/acana.com.pl\/karma\/zgrupowanie-biznesowe-w-opalenicy\/\" \/>\n<meta property=\"og:locale\" content=\"pl_PL\" \/>\n<meta property=\"og:type\" content=\"article\" \/>\n<meta property=\"og:title\" content=\"Zgrupowanie biznesowe w Opalenicy\" \/>\n<meta property=\"og:description\" content=\"Ju\u017c w najbli\u017cszy weekend, 23.05.2015 r. odbywa si\u0119 kolejne spotkanie z cyklu Seminari\u00f3w Biznesowych Acana Polska. Tym razem odwiedzimy Wielkopolsk\u0119, a dok\u0142adnie hotel Remes Sport &amp; Spa w Opalenicy. W tym pi\u0119knie po\u0142o\u017conym o\u015brodku, z kt\u00f3rego korzysta\u0142a m.in. pi\u0142karska reprezentacja Portugalii podczas organizowanych w Polsce i na Ukrainie Mistrzostw Europy 2012, b\u0119dziemy mieli idealne warunki [&hellip;]\" \/>\n<meta property=\"og:url\" content=\"https:\/\/acana.com.pl\/karma\/zgrupowanie-biznesowe-w-opalenicy\/\" \/>\n<meta property=\"og:site_name\" content=\"Blog Acana Polska\" \/>\n<meta property=\"article:publisher\" content=\"https:\/\/www.facebook.com\/acanapolska\/\" \/>\n<meta property=\"article:published_time\" content=\"2015-05-18T09:28:04+00:00\" \/>\n<meta property=\"article:modified_time\" content=\"2015-05-26T09:08:23+00:00\" \/>\n<meta property=\"og:image\" content=\"https:\/\/acana.com.pl\/karma\/wp-content\/uploads\/2015\/05\/aktualnosc_seminarium-biznesowe_opalenica.png\" \/>\n\t<meta property=\"og:image:width\" content=\"1213\" \/>\n\t<meta property=\"og:image:height\" content=\"537\" \/>\n\t<meta property=\"og:image:type\" content=\"image\/png\" \/>\n<meta name=\"twitter:card\" content=\"summary_large_image\" \/>\n<meta name=\"twitter:label1\" content=\"Napisane przez\" \/>\n\t<meta name=\"twitter:data1\" content=\"\" \/>\n\t<meta name=\"twitter:label2\" content=\"Szacowany czas czytania\" \/>\n\t<meta name=\"twitter:data2\" content=\"1 minuta\" \/>\n<script type=\"application\/ld+json\" class=\"yoast-schema-graph\">{\"@context\":\"https:\\\/\\\/schema.org\",\"@graph\":[{\"@type\":\"Article\",\"@id\":\"https:\\\/\\\/acana.com.pl\\\/karma\\\/zgrupowanie-biznesowe-w-opalenicy\\\/#article\",\"isPartOf\":{\"@id\":\"https:\\\/\\\/acana.com.pl\\\/karma\\\/zgrupowanie-biznesowe-w-opalenicy\\\/\"},\"author\":{\"name\":\"\",\"@id\":\"\"},\"headline\":\"Zgrupowanie biznesowe w Opalenicy\",\"datePublished\":\"2015-05-18T09:28:04+00:00\",\"dateModified\":\"2015-05-26T09:08:23+00:00\",\"mainEntityOfPage\":{\"@id\":\"https:\\\/\\\/acana.com.pl\\\/karma\\\/zgrupowanie-biznesowe-w-opalenicy\\\/\"},\"wordCount\":156,\"commentCount\":0,\"publisher\":{\"@id\":\"https:\\\/\\\/acana.com.pl\\\/karma\\\/#organization\"},\"image\":{\"@id\":\"https:\\\/\\\/acana.com.pl\\\/karma\\\/zgrupowanie-biznesowe-w-opalenicy\\\/#primaryimage\"},\"thumbnailUrl\":\"https:\\\/\\\/acana.com.pl\\\/karma\\\/wp-content\\\/uploads\\\/2015\\\/05\\\/aktualnosc_seminarium-biznesowe_opalenica.png\",\"articleSection\":[\"Aktualno\u015bci\"],\"inLanguage\":\"pl-PL\"},{\"@type\":\"WebPage\",\"@id\":\"https:\\\/\\\/acana.com.pl\\\/karma\\\/zgrupowanie-biznesowe-w-opalenicy\\\/\",\"url\":\"https:\\\/\\\/acana.com.pl\\\/karma\\\/zgrupowanie-biznesowe-w-opalenicy\\\/\",\"name\":\"Zgrupowanie biznesowe w Opalenicy - Blog Acana Polska\",\"isPartOf\":{\"@id\":\"https:\\\/\\\/acana.com.pl\\\/karma\\\/#website\"},\"primaryImageOfPage\":{\"@id\":\"https:\\\/\\\/acana.com.pl\\\/karma\\\/zgrupowanie-biznesowe-w-opalenicy\\\/#primaryimage\"},\"image\":{\"@id\":\"https:\\\/\\\/acana.com.pl\\\/karma\\\/zgrupowanie-biznesowe-w-opalenicy\\\/#primaryimage\"},\"thumbnailUrl\":\"https:\\\/\\\/acana.com.pl\\\/karma\\\/wp-content\\\/uploads\\\/2015\\\/05\\\/aktualnosc_seminarium-biznesowe_opalenica.png\",\"datePublished\":\"2015-05-18T09:28:04+00:00\",\"dateModified\":\"2015-05-26T09:08:23+00:00\",\"breadcrumb\":{\"@id\":\"https:\\\/\\\/acana.com.pl\\\/karma\\\/zgrupowanie-biznesowe-w-opalenicy\\\/#breadcrumb\"},\"inLanguage\":\"pl-PL\",\"potentialAction\":[{\"@type\":\"ReadAction\",\"target\":[\"https:\\\/\\\/acana.com.pl\\\/karma\\\/zgrupowanie-biznesowe-w-opalenicy\\\/\"]}]},{\"@type\":\"ImageObject\",\"inLanguage\":\"pl-PL\",\"@id\":\"https:\\\/\\\/acana.com.pl\\\/karma\\\/zgrupowanie-biznesowe-w-opalenicy\\\/#primaryimage\",\"url\":\"https:\\\/\\\/acana.com.pl\\\/karma\\\/wp-content\\\/uploads\\\/2015\\\/05\\\/aktualnosc_seminarium-biznesowe_opalenica.png\",\"contentUrl\":\"https:\\\/\\\/acana.com.pl\\\/karma\\\/wp-content\\\/uploads\\\/2015\\\/05\\\/aktualnosc_seminarium-biznesowe_opalenica.png\",\"width\":1213,\"height\":537},{\"@type\":\"BreadcrumbList\",\"@id\":\"https:\\\/\\\/acana.com.pl\\\/karma\\\/zgrupowanie-biznesowe-w-opalenicy\\\/#breadcrumb\",\"itemListElement\":[{\"@type\":\"ListItem\",\"position\":1,\"name\":\"Strona g\u0142\u00f3wna\",\"item\":\"https:\\\/\\\/acana.com.pl\\\/karma\\\/\"},{\"@type\":\"ListItem\",\"position\":2,\"name\":\"Zgrupowanie biznesowe w Opalenicy\"}]},{\"@type\":\"WebSite\",\"@id\":\"https:\\\/\\\/acana.com.pl\\\/karma\\\/#website\",\"url\":\"https:\\\/\\\/acana.com.pl\\\/karma\\\/\",\"name\":\"Blog Acana Polska\",\"description\":\"\",\"publisher\":{\"@id\":\"https:\\\/\\\/acana.com.pl\\\/karma\\\/#organization\"},\"potentialAction\":[{\"@type\":\"SearchAction\",\"target\":{\"@type\":\"EntryPoint\",\"urlTemplate\":\"https:\\\/\\\/acana.com.pl\\\/karma\\\/?s={search_term_string}\"},\"query-input\":{\"@type\":\"PropertyValueSpecification\",\"valueRequired\":true,\"valueName\":\"search_term_string\"}}],\"inLanguage\":\"pl-PL\"},{\"@type\":\"Organization\",\"@id\":\"https:\\\/\\\/acana.com.pl\\\/karma\\\/#organization\",\"name\":\"ACANA POLSKA Sp. z o.o. Sp. K.\",\"url\":\"https:\\\/\\\/acana.com.pl\\\/karma\\\/\",\"logo\":{\"@type\":\"ImageObject\",\"inLanguage\":\"pl-PL\",\"@id\":\"https:\\\/\\\/acana.com.pl\\\/karma\\\/#\\\/schema\\\/logo\\\/image\\\/\",\"url\":\"https:\\\/\\\/acana.com.pl\\\/karma\\\/wp-content\\\/uploads\\\/2018\\\/02\\\/logo-Acana-1.png\",\"contentUrl\":\"https:\\\/\\\/acana.com.pl\\\/karma\\\/wp-content\\\/uploads\\\/2018\\\/02\\\/logo-Acana-1.png\",\"width\":154,\"height\":74,\"caption\":\"ACANA POLSKA Sp. z o.o. Sp. K.\"},\"image\":{\"@id\":\"https:\\\/\\\/acana.com.pl\\\/karma\\\/#\\\/schema\\\/logo\\\/image\\\/\"},\"sameAs\":[\"https:\\\/\\\/www.facebook.com\\\/acanapolska\\\/\"]},{\"@type\":\"Person\",\"@id\":\"\",\"url\":\"https:\\\/\\\/acana.com.pl\\\/karma\\\/author\\\/\"}]}<\/script>\n<!-- \/ Yoast SEO Premium plugin. -->","yoast_head_json":{"title":"Zgrupowanie biznesowe w Opalenicy - Blog Acana Polska","robots":{"index":"index","follow":"follow","max-snippet":"max-snippet:-1","max-image-preview":"max-image-preview:large","max-video-preview":"max-video-preview:-1"},"canonical":"https:\/\/acana.com.pl\/karma\/zgrupowanie-biznesowe-w-opalenicy\/","og_locale":"pl_PL","og_type":"article","og_title":"Zgrupowanie biznesowe w Opalenicy","og_description":"Ju\u017c w najbli\u017cszy weekend, 23.05.2015 r. odbywa si\u0119 kolejne spotkanie z cyklu Seminari\u00f3w Biznesowych Acana Polska. Tym razem odwiedzimy Wielkopolsk\u0119, a dok\u0142adnie hotel Remes Sport &amp; Spa w Opalenicy. W tym pi\u0119knie po\u0142o\u017conym o\u015brodku, z kt\u00f3rego korzysta\u0142a m.in. pi\u0142karska reprezentacja Portugalii podczas organizowanych w Polsce i na Ukrainie Mistrzostw Europy 2012, b\u0119dziemy mieli idealne warunki [&hellip;]","og_url":"https:\/\/acana.com.pl\/karma\/zgrupowanie-biznesowe-w-opalenicy\/","og_site_name":"Blog Acana Polska","article_publisher":"https:\/\/www.facebook.com\/acanapolska\/","article_published_time":"2015-05-18T09:28:04+00:00","article_modified_time":"2015-05-26T09:08:23+00:00","og_image":[{"width":1213,"height":537,"url":"https:\/\/acana.com.pl\/karma\/wp-content\/uploads\/2015\/05\/aktualnosc_seminarium-biznesowe_opalenica.png","type":"image\/png"}],"twitter_card":"summary_large_image","twitter_misc":{"Napisane przez":"","Szacowany czas czytania":"1 minuta"},"schema":{"@context":"https:\/\/schema.org","@graph":[{"@type":"Article","@id":"https:\/\/acana.com.pl\/karma\/zgrupowanie-biznesowe-w-opalenicy\/#article","isPartOf":{"@id":"https:\/\/acana.com.pl\/karma\/zgrupowanie-biznesowe-w-opalenicy\/"},"author":{"name":"","@id":""},"headline":"Zgrupowanie biznesowe w Opalenicy","datePublished":"2015-05-18T09:28:04+00:00","dateModified":"2015-05-26T09:08:23+00:00","mainEntityOfPage":{"@id":"https:\/\/acana.com.pl\/karma\/zgrupowanie-biznesowe-w-opalenicy\/"},"wordCount":156,"commentCount":0,"publisher":{"@id":"https:\/\/acana.com.pl\/karma\/#organization"},"image":{"@id":"https:\/\/acana.com.pl\/karma\/zgrupowanie-biznesowe-w-opalenicy\/#primaryimage"},"thumbnailUrl":"https:\/\/acana.com.pl\/karma\/wp-content\/uploads\/2015\/05\/aktualnosc_seminarium-biznesowe_opalenica.png","articleSection":["Aktualno\u015bci"],"inLanguage":"pl-PL"},{"@type":"WebPage","@id":"https:\/\/acana.com.pl\/karma\/zgrupowanie-biznesowe-w-opalenicy\/","url":"https:\/\/acana.com.pl\/karma\/zgrupowanie-biznesowe-w-opalenicy\/","name":"Zgrupowanie biznesowe w Opalenicy - Blog Acana Polska","isPartOf":{"@id":"https:\/\/acana.com.pl\/karma\/#website"},"primaryImageOfPage":{"@id":"https:\/\/acana.com.pl\/karma\/zgrupowanie-biznesowe-w-opalenicy\/#primaryimage"},"image":{"@id":"https:\/\/acana.com.pl\/karma\/zgrupowanie-biznesowe-w-opalenicy\/#primaryimage"},"thumbnailUrl":"https:\/\/acana.com.pl\/karma\/wp-content\/uploads\/2015\/05\/aktualnosc_seminarium-biznesowe_opalenica.png","datePublished":"2015-05-18T09:28:04+00:00","dateModified":"2015-05-26T09:08:23+00:00","breadcrumb":{"@id":"https:\/\/acana.com.pl\/karma\/zgrupowanie-biznesowe-w-opalenicy\/#breadcrumb"},"inLanguage":"pl-PL","potentialAction":[{"@type":"ReadAction","target":["https:\/\/acana.com.pl\/karma\/zgrupowanie-biznesowe-w-opalenicy\/"]}]},{"@type":"ImageObject","inLanguage":"pl-PL","@id":"https:\/\/acana.com.pl\/karma\/zgrupowanie-biznesowe-w-opalenicy\/#primaryimage","url":"https:\/\/acana.com.pl\/karma\/wp-content\/uploads\/2015\/05\/aktualnosc_seminarium-biznesowe_opalenica.png","contentUrl":"https:\/\/acana.com.pl\/karma\/wp-content\/uploads\/2015\/05\/aktualnosc_seminarium-biznesowe_opalenica.png","width":1213,"height":537},{"@type":"BreadcrumbList","@id":"https:\/\/acana.com.pl\/karma\/zgrupowanie-biznesowe-w-opalenicy\/#breadcrumb","itemListElement":[{"@type":"ListItem","position":1,"name":"Strona g\u0142\u00f3wna","item":"https:\/\/acana.com.pl\/karma\/"},{"@type":"ListItem","position":2,"name":"Zgrupowanie biznesowe w Opalenicy"}]},{"@type":"WebSite","@id":"https:\/\/acana.com.pl\/karma\/#website","url":"https:\/\/acana.com.pl\/karma\/","name":"Blog Acana Polska","description":"","publisher":{"@id":"https:\/\/acana.com.pl\/karma\/#organization"},"potentialAction":[{"@type":"SearchAction","target":{"@type":"EntryPoint","urlTemplate":"https:\/\/acana.com.pl\/karma\/?s={search_term_string}"},"query-input":{"@type":"PropertyValueSpecification","valueRequired":true,"valueName":"search_term_string"}}],"inLanguage":"pl-PL"},{"@type":"Organization","@id":"https:\/\/acana.com.pl\/karma\/#organization","name":"ACANA POLSKA Sp. z o.o. Sp. K.","url":"https:\/\/acana.com.pl\/karma\/","logo":{"@type":"ImageObject","inLanguage":"pl-PL","@id":"https:\/\/acana.com.pl\/karma\/#\/schema\/logo\/image\/","url":"https:\/\/acana.com.pl\/karma\/wp-content\/uploads\/2018\/02\/logo-Acana-1.png","contentUrl":"https:\/\/acana.com.pl\/karma\/wp-content\/uploads\/2018\/02\/logo-Acana-1.png","width":154,"height":74,"caption":"ACANA POLSKA Sp. z o.o. Sp. K."},"image":{"@id":"https:\/\/acana.com.pl\/karma\/#\/schema\/logo\/image\/"},"sameAs":["https:\/\/www.facebook.com\/acanapolska\/"]},{"@type":"Person","@id":"","url":"https:\/\/acana.com.pl\/karma\/author\/"}]}},"_links":{"self":[{"href":"https:\/\/acana.com.pl\/karma\/wp-json\/wp\/v2\/posts\/2300","targetHints":{"allow":["GET"]}}],"collection":[{"href":"https:\/\/acana.com.pl\/karma\/wp-json\/wp\/v2\/posts"}],"about":[{"href":"https:\/\/acana.com.pl\/karma\/wp-json\/wp\/v2\/types\/post"}],"author":[{"embeddable":true,"href":"https:\/\/acana.com.pl\/karma\/wp-json\/wp\/v2\/users\/2"}],"replies":[{"embeddable":true,"href":"https:\/\/acana.com.pl\/karma\/wp-json\/wp\/v2\/comments?post=2300"}],"version-history":[{"count":0,"href":"https:\/\/acana.com.pl\/karma\/wp-json\/wp\/v2\/posts\/2300\/revisions"}],"wp:featuredmedia":[{"embeddable":true,"href":"https:\/\/acana.com.pl\/karma\/wp-json\/wp\/v2\/media\/2301"}],"wp:attachment":[{"href":"https:\/\/acana.com.pl\/karma\/wp-json\/wp\/v2\/media?parent=2300"}],"wp:term":[{"taxonomy":"category","embeddable":true,"href":"https:\/\/acana.com.pl\/karma\/wp-json\/wp\/v2\/categories?post=2300"},{"taxonomy":"post_tag","embeddable":true,"href":"https:\/\/acana.com.pl\/karma\/wp-json\/wp\/v2\/tags?post=2300"}],"curies":[{"name":"wp","href":"https:\/\/api.w.org\/{rel}","templated":true}]}}