{"id":2964,"date":"2015-09-08T09:46:18","date_gmt":"2015-09-08T07:46:18","guid":{"rendered":"http:\/\/acana.com.pl\/?p=2964"},"modified":"2017-06-19T08:55:14","modified_gmt":"2017-06-19T06:55:14","slug":"acana-na-miedzynarodowych-targach-zoologicznych-pet-fair","status":"publish","type":"post","link":"https:\/\/acana.com.pl\/karma\/acana-na-miedzynarodowych-targach-zoologicznych-pet-fair\/","title":{"rendered":"Acana Polska na Mi\u0119dzynarodowych Targach Zoologicznych PET FAIR"},"content":{"rendered":"<p style=\"text-align: justify;\"><span style=\"font-family: Calibri,sans-serif;\"><span style=\"font-size: medium;\"><b>W dniach 11 \u2013 13 wrze\u015bnia<\/b> odb\u0119d\u0105 si\u0119 najwi\u0119ksze w Polsce <b>Mi\u0119dzynarodowe Targi Zoologiczne PET FAIR<\/b>. W tym roku obchodz\u0105 swoj\u0105 15 \u2013 t\u0119 rocznic\u0119 i tradycyjnie zorganizowane zostan\u0105 w Hali Expo w \u0141odzi. Na <a href=\"https:\/\/acana.com.pl\/karma\/global-pet-expo-2014-targi-zoologiczne-w-orlando-na-florydzie\/\">Targach<\/a> zaprezentuj\u0105 si\u0119 wiod\u0105cy producenci i dystrybutorzy bran\u017cy zoologicznej, w tym oczywi\u015bcie firma <b>Acana Polska.<\/b> <\/span><\/span><\/p>\n<p style=\"text-align: justify;\"><span style=\"font-family: Calibri,sans-serif;\"><span style=\"font-size: medium;\">Serdecznie zapraszamy na nasze <b>stoisko nr 41<\/b>, tu\u017c obok kawiarni. <b>Gwarantujemy<\/b> <a href=\"https:\/\/acana.com.pl\/karma\/biologicznie-odpowiednia-filozofia-zywienia\/\">Biologicznie Odpowiedni\u0105<\/a> atmosfer\u0119, wiele atrakcji, a przede wszystkim <b>bardzo korzystne rabatowanie!<\/b> Tym razem na Targach Pet Fair zaprezentujemy produkty <b>Meat Hit oraz Pestell<\/b>, w tym nowo\u015b\u0107 na rynku \u2013 <a href=\"http:\/\/sklep.acana.com.pl\/zwirki\/109-easy-clean-probiotic.html\">\u017cwirek <\/a><b>Easy Clean Probiotic<\/b>, czyli pierwszy zbrylaj\u0105cy \u017cwirek dla kot\u00f3w zawieraj\u0105cy naturalne, bezzarodnikowe probiotyki Bacillus, kt\u00f3re pozostaj\u0105 u\u015bpione do momentu kontaktu z wilgoci\u0105.<\/span><\/span><\/p>\n<p style=\"text-align: justify;\"><span style=\"font-family: Calibri,sans-serif;\"><span style=\"font-size: medium;\">Do zobaczenia ju\u017c w najbli\u017cszy weekend!<\/span><\/span><\/p>\n","protected":false},"excerpt":{"rendered":"<p>W dniach 11 \u2013 13 wrze\u015bnia odb\u0119d\u0105 si\u0119 najwi\u0119ksze w Polsce Mi\u0119dzynarodowe Targi Zoologiczne PET FAIR. W tym roku obchodz\u0105 swoj\u0105 15 \u2013 t\u0119 rocznic\u0119 i tradycyjnie zorganizowane zostan\u0105 w Hali Expo w \u0141odzi. Na Targach zaprezentuj\u0105 si\u0119 wiod\u0105cy producenci i dystrybutorzy bran\u017cy zoologicznej, w tym oczywi\u015bcie firma Acana Polska. Serdecznie zapraszamy na nasze stoisko [&hellip;]<\/p>\n","protected":false},"author":1,"featured_media":2965,"comment_status":"open","ping_status":"open","sticky":false,"template":"","format":"standard","meta":{"_acf_changed":false,"_editorskit_title_hidden":false,"_editorskit_reading_time":0,"_editorskit_is_block_options_detached":false,"_editorskit_block_options_position":"{}","ngg_post_thumbnail":0,"footnotes":""},"categories":[2],"tags":[],"class_list":["post-2964","post","type-post","status-publish","format-standard","has-post-thumbnail","hentry","category-aktualnosci"],"acf":[],"yoast_head":"<!-- This site is optimized with the Yoast SEO Premium plugin v27.4 (Yoast SEO v27.4) - https:\/\/yoast.com\/product\/yoast-seo-premium-wordpress\/ -->\n<title>Acana Polska na Mi\u0119dzynarodowych Targach Zoologicznych PET FAIR - Blog Acana Polska<\/title>\n<meta name=\"robots\" content=\"index, follow, max-snippet:-1, max-image-preview:large, max-video-preview:-1\" \/>\n<link rel=\"canonical\" href=\"https:\/\/acana.com.pl\/karma\/acana-na-miedzynarodowych-targach-zoologicznych-pet-fair\/\" \/>\n<meta property=\"og:locale\" content=\"pl_PL\" \/>\n<meta property=\"og:type\" content=\"article\" \/>\n<meta property=\"og:title\" content=\"Acana Polska na Mi\u0119dzynarodowych Targach Zoologicznych PET FAIR\" \/>\n<meta property=\"og:description\" content=\"W dniach 11 \u2013 13 wrze\u015bnia odb\u0119d\u0105 si\u0119 najwi\u0119ksze w Polsce Mi\u0119dzynarodowe Targi Zoologiczne PET FAIR. W tym roku obchodz\u0105 swoj\u0105 15 \u2013 t\u0119 rocznic\u0119 i tradycyjnie zorganizowane zostan\u0105 w Hali Expo w \u0141odzi. Na Targach zaprezentuj\u0105 si\u0119 wiod\u0105cy producenci i dystrybutorzy bran\u017cy zoologicznej, w tym oczywi\u015bcie firma Acana Polska. Serdecznie zapraszamy na nasze stoisko [&hellip;]\" \/>\n<meta property=\"og:url\" content=\"https:\/\/acana.com.pl\/karma\/acana-na-miedzynarodowych-targach-zoologicznych-pet-fair\/\" \/>\n<meta property=\"og:site_name\" content=\"Blog Acana Polska\" \/>\n<meta property=\"article:publisher\" content=\"https:\/\/www.facebook.com\/acanapolska\/\" \/>\n<meta property=\"article:published_time\" content=\"2015-09-08T07:46:18+00:00\" \/>\n<meta property=\"article:modified_time\" content=\"2017-06-19T06:55:14+00:00\" \/>\n<meta property=\"og:image\" content=\"https:\/\/acana.com.pl\/karma\/wp-content\/uploads\/2015\/09\/petfair_slajder.png\" \/>\n\t<meta property=\"og:image:width\" content=\"1213\" \/>\n\t<meta property=\"og:image:height\" content=\"537\" \/>\n\t<meta property=\"og:image:type\" content=\"image\/png\" \/>\n<meta name=\"author\" content=\"admin\" \/>\n<meta name=\"twitter:card\" content=\"summary_large_image\" \/>\n<meta name=\"twitter:label1\" content=\"Napisane przez\" \/>\n\t<meta name=\"twitter:data1\" content=\"admin\" \/>\n\t<meta name=\"twitter:label2\" content=\"Szacowany czas czytania\" \/>\n\t<meta name=\"twitter:data2\" content=\"1 minuta\" \/>\n<script type=\"application\/ld+json\" class=\"yoast-schema-graph\">{\"@context\":\"https:\\\/\\\/schema.org\",\"@graph\":[{\"@type\":\"Article\",\"@id\":\"https:\\\/\\\/acana.com.pl\\\/karma\\\/acana-na-miedzynarodowych-targach-zoologicznych-pet-fair\\\/#article\",\"isPartOf\":{\"@id\":\"https:\\\/\\\/acana.com.pl\\\/karma\\\/acana-na-miedzynarodowych-targach-zoologicznych-pet-fair\\\/\"},\"author\":{\"name\":\"admin\",\"@id\":\"https:\\\/\\\/acana.com.pl\\\/karma\\\/#\\\/schema\\\/person\\\/7107a20827918803aabd0032eb85e3e1\"},\"headline\":\"Acana Polska na Mi\u0119dzynarodowych Targach Zoologicznych PET FAIR\",\"datePublished\":\"2015-09-08T07:46:18+00:00\",\"dateModified\":\"2017-06-19T06:55:14+00:00\",\"mainEntityOfPage\":{\"@id\":\"https:\\\/\\\/acana.com.pl\\\/karma\\\/acana-na-miedzynarodowych-targach-zoologicznych-pet-fair\\\/\"},\"wordCount\":134,\"commentCount\":0,\"publisher\":{\"@id\":\"https:\\\/\\\/acana.com.pl\\\/karma\\\/#organization\"},\"image\":{\"@id\":\"https:\\\/\\\/acana.com.pl\\\/karma\\\/acana-na-miedzynarodowych-targach-zoologicznych-pet-fair\\\/#primaryimage\"},\"thumbnailUrl\":\"https:\\\/\\\/acana.com.pl\\\/karma\\\/wp-content\\\/uploads\\\/2015\\\/09\\\/petfair_slajder.png\",\"articleSection\":[\"Aktualno\u015bci\"],\"inLanguage\":\"pl-PL\"},{\"@type\":\"WebPage\",\"@id\":\"https:\\\/\\\/acana.com.pl\\\/karma\\\/acana-na-miedzynarodowych-targach-zoologicznych-pet-fair\\\/\",\"url\":\"https:\\\/\\\/acana.com.pl\\\/karma\\\/acana-na-miedzynarodowych-targach-zoologicznych-pet-fair\\\/\",\"name\":\"Acana Polska na Mi\u0119dzynarodowych Targach Zoologicznych PET FAIR - Blog Acana Polska\",\"isPartOf\":{\"@id\":\"https:\\\/\\\/acana.com.pl\\\/karma\\\/#website\"},\"primaryImageOfPage\":{\"@id\":\"https:\\\/\\\/acana.com.pl\\\/karma\\\/acana-na-miedzynarodowych-targach-zoologicznych-pet-fair\\\/#primaryimage\"},\"image\":{\"@id\":\"https:\\\/\\\/acana.com.pl\\\/karma\\\/acana-na-miedzynarodowych-targach-zoologicznych-pet-fair\\\/#primaryimage\"},\"thumbnailUrl\":\"https:\\\/\\\/acana.com.pl\\\/karma\\\/wp-content\\\/uploads\\\/2015\\\/09\\\/petfair_slajder.png\",\"datePublished\":\"2015-09-08T07:46:18+00:00\",\"dateModified\":\"2017-06-19T06:55:14+00:00\",\"breadcrumb\":{\"@id\":\"https:\\\/\\\/acana.com.pl\\\/karma\\\/acana-na-miedzynarodowych-targach-zoologicznych-pet-fair\\\/#breadcrumb\"},\"inLanguage\":\"pl-PL\",\"potentialAction\":[{\"@type\":\"ReadAction\",\"target\":[\"https:\\\/\\\/acana.com.pl\\\/karma\\\/acana-na-miedzynarodowych-targach-zoologicznych-pet-fair\\\/\"]}]},{\"@type\":\"ImageObject\",\"inLanguage\":\"pl-PL\",\"@id\":\"https:\\\/\\\/acana.com.pl\\\/karma\\\/acana-na-miedzynarodowych-targach-zoologicznych-pet-fair\\\/#primaryimage\",\"url\":\"https:\\\/\\\/acana.com.pl\\\/karma\\\/wp-content\\\/uploads\\\/2015\\\/09\\\/petfair_slajder.png\",\"contentUrl\":\"https:\\\/\\\/acana.com.pl\\\/karma\\\/wp-content\\\/uploads\\\/2015\\\/09\\\/petfair_slajder.png\",\"width\":1213,\"height\":537},{\"@type\":\"BreadcrumbList\",\"@id\":\"https:\\\/\\\/acana.com.pl\\\/karma\\\/acana-na-miedzynarodowych-targach-zoologicznych-pet-fair\\\/#breadcrumb\",\"itemListElement\":[{\"@type\":\"ListItem\",\"position\":1,\"name\":\"Strona g\u0142\u00f3wna\",\"item\":\"https:\\\/\\\/acana.com.pl\\\/karma\\\/\"},{\"@type\":\"ListItem\",\"position\":2,\"name\":\"Acana Polska na Mi\u0119dzynarodowych Targach Zoologicznych PET FAIR\"}]},{\"@type\":\"WebSite\",\"@id\":\"https:\\\/\\\/acana.com.pl\\\/karma\\\/#website\",\"url\":\"https:\\\/\\\/acana.com.pl\\\/karma\\\/\",\"name\":\"Blog Acana Polska\",\"description\":\"\",\"publisher\":{\"@id\":\"https:\\\/\\\/acana.com.pl\\\/karma\\\/#organization\"},\"potentialAction\":[{\"@type\":\"SearchAction\",\"target\":{\"@type\":\"EntryPoint\",\"urlTemplate\":\"https:\\\/\\\/acana.com.pl\\\/karma\\\/?s={search_term_string}\"},\"query-input\":{\"@type\":\"PropertyValueSpecification\",\"valueRequired\":true,\"valueName\":\"search_term_string\"}}],\"inLanguage\":\"pl-PL\"},{\"@type\":\"Organization\",\"@id\":\"https:\\\/\\\/acana.com.pl\\\/karma\\\/#organization\",\"name\":\"ACANA POLSKA Sp. z o.o. Sp. K.\",\"url\":\"https:\\\/\\\/acana.com.pl\\\/karma\\\/\",\"logo\":{\"@type\":\"ImageObject\",\"inLanguage\":\"pl-PL\",\"@id\":\"https:\\\/\\\/acana.com.pl\\\/karma\\\/#\\\/schema\\\/logo\\\/image\\\/\",\"url\":\"https:\\\/\\\/acana.com.pl\\\/karma\\\/wp-content\\\/uploads\\\/2018\\\/02\\\/logo-Acana-1.png\",\"contentUrl\":\"https:\\\/\\\/acana.com.pl\\\/karma\\\/wp-content\\\/uploads\\\/2018\\\/02\\\/logo-Acana-1.png\",\"width\":154,\"height\":74,\"caption\":\"ACANA POLSKA Sp. z o.o. Sp. K.\"},\"image\":{\"@id\":\"https:\\\/\\\/acana.com.pl\\\/karma\\\/#\\\/schema\\\/logo\\\/image\\\/\"},\"sameAs\":[\"https:\\\/\\\/www.facebook.com\\\/acanapolska\\\/\"]},{\"@type\":\"Person\",\"@id\":\"https:\\\/\\\/acana.com.pl\\\/karma\\\/#\\\/schema\\\/person\\\/7107a20827918803aabd0032eb85e3e1\",\"name\":\"admin\",\"image\":{\"@type\":\"ImageObject\",\"inLanguage\":\"pl-PL\",\"@id\":\"https:\\\/\\\/secure.gravatar.com\\\/avatar\\\/79b0faef24c1eff4f3e454353226f57f7089a017ea6f4c5c70fd5e9530f10ee1?s=96&d=mm&r=g\",\"url\":\"https:\\\/\\\/secure.gravatar.com\\\/avatar\\\/79b0faef24c1eff4f3e454353226f57f7089a017ea6f4c5c70fd5e9530f10ee1?s=96&d=mm&r=g\",\"contentUrl\":\"https:\\\/\\\/secure.gravatar.com\\\/avatar\\\/79b0faef24c1eff4f3e454353226f57f7089a017ea6f4c5c70fd5e9530f10ee1?s=96&d=mm&r=g\",\"caption\":\"admin\"},\"url\":\"https:\\\/\\\/acana.com.pl\\\/karma\\\/author\\\/admin\\\/\"}]}<\/script>\n<!-- \/ Yoast SEO Premium plugin. -->","yoast_head_json":{"title":"Acana Polska na Mi\u0119dzynarodowych Targach Zoologicznych PET FAIR - Blog Acana Polska","robots":{"index":"index","follow":"follow","max-snippet":"max-snippet:-1","max-image-preview":"max-image-preview:large","max-video-preview":"max-video-preview:-1"},"canonical":"https:\/\/acana.com.pl\/karma\/acana-na-miedzynarodowych-targach-zoologicznych-pet-fair\/","og_locale":"pl_PL","og_type":"article","og_title":"Acana Polska na Mi\u0119dzynarodowych Targach Zoologicznych PET FAIR","og_description":"W dniach 11 \u2013 13 wrze\u015bnia odb\u0119d\u0105 si\u0119 najwi\u0119ksze w Polsce Mi\u0119dzynarodowe Targi Zoologiczne PET FAIR. W tym roku obchodz\u0105 swoj\u0105 15 \u2013 t\u0119 rocznic\u0119 i tradycyjnie zorganizowane zostan\u0105 w Hali Expo w \u0141odzi. Na Targach zaprezentuj\u0105 si\u0119 wiod\u0105cy producenci i dystrybutorzy bran\u017cy zoologicznej, w tym oczywi\u015bcie firma Acana Polska. Serdecznie zapraszamy na nasze stoisko [&hellip;]","og_url":"https:\/\/acana.com.pl\/karma\/acana-na-miedzynarodowych-targach-zoologicznych-pet-fair\/","og_site_name":"Blog Acana Polska","article_publisher":"https:\/\/www.facebook.com\/acanapolska\/","article_published_time":"2015-09-08T07:46:18+00:00","article_modified_time":"2017-06-19T06:55:14+00:00","og_image":[{"width":1213,"height":537,"url":"https:\/\/acana.com.pl\/karma\/wp-content\/uploads\/2015\/09\/petfair_slajder.png","type":"image\/png"}],"author":"admin","twitter_card":"summary_large_image","twitter_misc":{"Napisane przez":"admin","Szacowany czas czytania":"1 minuta"},"schema":{"@context":"https:\/\/schema.org","@graph":[{"@type":"Article","@id":"https:\/\/acana.com.pl\/karma\/acana-na-miedzynarodowych-targach-zoologicznych-pet-fair\/#article","isPartOf":{"@id":"https:\/\/acana.com.pl\/karma\/acana-na-miedzynarodowych-targach-zoologicznych-pet-fair\/"},"author":{"name":"admin","@id":"https:\/\/acana.com.pl\/karma\/#\/schema\/person\/7107a20827918803aabd0032eb85e3e1"},"headline":"Acana Polska na Mi\u0119dzynarodowych Targach Zoologicznych PET FAIR","datePublished":"2015-09-08T07:46:18+00:00","dateModified":"2017-06-19T06:55:14+00:00","mainEntityOfPage":{"@id":"https:\/\/acana.com.pl\/karma\/acana-na-miedzynarodowych-targach-zoologicznych-pet-fair\/"},"wordCount":134,"commentCount":0,"publisher":{"@id":"https:\/\/acana.com.pl\/karma\/#organization"},"image":{"@id":"https:\/\/acana.com.pl\/karma\/acana-na-miedzynarodowych-targach-zoologicznych-pet-fair\/#primaryimage"},"thumbnailUrl":"https:\/\/acana.com.pl\/karma\/wp-content\/uploads\/2015\/09\/petfair_slajder.png","articleSection":["Aktualno\u015bci"],"inLanguage":"pl-PL"},{"@type":"WebPage","@id":"https:\/\/acana.com.pl\/karma\/acana-na-miedzynarodowych-targach-zoologicznych-pet-fair\/","url":"https:\/\/acana.com.pl\/karma\/acana-na-miedzynarodowych-targach-zoologicznych-pet-fair\/","name":"Acana Polska na Mi\u0119dzynarodowych Targach Zoologicznych PET FAIR - Blog Acana Polska","isPartOf":{"@id":"https:\/\/acana.com.pl\/karma\/#website"},"primaryImageOfPage":{"@id":"https:\/\/acana.com.pl\/karma\/acana-na-miedzynarodowych-targach-zoologicznych-pet-fair\/#primaryimage"},"image":{"@id":"https:\/\/acana.com.pl\/karma\/acana-na-miedzynarodowych-targach-zoologicznych-pet-fair\/#primaryimage"},"thumbnailUrl":"https:\/\/acana.com.pl\/karma\/wp-content\/uploads\/2015\/09\/petfair_slajder.png","datePublished":"2015-09-08T07:46:18+00:00","dateModified":"2017-06-19T06:55:14+00:00","breadcrumb":{"@id":"https:\/\/acana.com.pl\/karma\/acana-na-miedzynarodowych-targach-zoologicznych-pet-fair\/#breadcrumb"},"inLanguage":"pl-PL","potentialAction":[{"@type":"ReadAction","target":["https:\/\/acana.com.pl\/karma\/acana-na-miedzynarodowych-targach-zoologicznych-pet-fair\/"]}]},{"@type":"ImageObject","inLanguage":"pl-PL","@id":"https:\/\/acana.com.pl\/karma\/acana-na-miedzynarodowych-targach-zoologicznych-pet-fair\/#primaryimage","url":"https:\/\/acana.com.pl\/karma\/wp-content\/uploads\/2015\/09\/petfair_slajder.png","contentUrl":"https:\/\/acana.com.pl\/karma\/wp-content\/uploads\/2015\/09\/petfair_slajder.png","width":1213,"height":537},{"@type":"BreadcrumbList","@id":"https:\/\/acana.com.pl\/karma\/acana-na-miedzynarodowych-targach-zoologicznych-pet-fair\/#breadcrumb","itemListElement":[{"@type":"ListItem","position":1,"name":"Strona g\u0142\u00f3wna","item":"https:\/\/acana.com.pl\/karma\/"},{"@type":"ListItem","position":2,"name":"Acana Polska na Mi\u0119dzynarodowych Targach Zoologicznych PET FAIR"}]},{"@type":"WebSite","@id":"https:\/\/acana.com.pl\/karma\/#website","url":"https:\/\/acana.com.pl\/karma\/","name":"Blog Acana Polska","description":"","publisher":{"@id":"https:\/\/acana.com.pl\/karma\/#organization"},"potentialAction":[{"@type":"SearchAction","target":{"@type":"EntryPoint","urlTemplate":"https:\/\/acana.com.pl\/karma\/?s={search_term_string}"},"query-input":{"@type":"PropertyValueSpecification","valueRequired":true,"valueName":"search_term_string"}}],"inLanguage":"pl-PL"},{"@type":"Organization","@id":"https:\/\/acana.com.pl\/karma\/#organization","name":"ACANA POLSKA Sp. z o.o. Sp. K.","url":"https:\/\/acana.com.pl\/karma\/","logo":{"@type":"ImageObject","inLanguage":"pl-PL","@id":"https:\/\/acana.com.pl\/karma\/#\/schema\/logo\/image\/","url":"https:\/\/acana.com.pl\/karma\/wp-content\/uploads\/2018\/02\/logo-Acana-1.png","contentUrl":"https:\/\/acana.com.pl\/karma\/wp-content\/uploads\/2018\/02\/logo-Acana-1.png","width":154,"height":74,"caption":"ACANA POLSKA Sp. z o.o. Sp. K."},"image":{"@id":"https:\/\/acana.com.pl\/karma\/#\/schema\/logo\/image\/"},"sameAs":["https:\/\/www.facebook.com\/acanapolska\/"]},{"@type":"Person","@id":"https:\/\/acana.com.pl\/karma\/#\/schema\/person\/7107a20827918803aabd0032eb85e3e1","name":"admin","image":{"@type":"ImageObject","inLanguage":"pl-PL","@id":"https:\/\/secure.gravatar.com\/avatar\/79b0faef24c1eff4f3e454353226f57f7089a017ea6f4c5c70fd5e9530f10ee1?s=96&d=mm&r=g","url":"https:\/\/secure.gravatar.com\/avatar\/79b0faef24c1eff4f3e454353226f57f7089a017ea6f4c5c70fd5e9530f10ee1?s=96&d=mm&r=g","contentUrl":"https:\/\/secure.gravatar.com\/avatar\/79b0faef24c1eff4f3e454353226f57f7089a017ea6f4c5c70fd5e9530f10ee1?s=96&d=mm&r=g","caption":"admin"},"url":"https:\/\/acana.com.pl\/karma\/author\/admin\/"}]}},"_links":{"self":[{"href":"https:\/\/acana.com.pl\/karma\/wp-json\/wp\/v2\/posts\/2964","targetHints":{"allow":["GET"]}}],"collection":[{"href":"https:\/\/acana.com.pl\/karma\/wp-json\/wp\/v2\/posts"}],"about":[{"href":"https:\/\/acana.com.pl\/karma\/wp-json\/wp\/v2\/types\/post"}],"author":[{"embeddable":true,"href":"https:\/\/acana.com.pl\/karma\/wp-json\/wp\/v2\/users\/1"}],"replies":[{"embeddable":true,"href":"https:\/\/acana.com.pl\/karma\/wp-json\/wp\/v2\/comments?post=2964"}],"version-history":[{"count":0,"href":"https:\/\/acana.com.pl\/karma\/wp-json\/wp\/v2\/posts\/2964\/revisions"}],"wp:featuredmedia":[{"embeddable":true,"href":"https:\/\/acana.com.pl\/karma\/wp-json\/wp\/v2\/media\/2965"}],"wp:attachment":[{"href":"https:\/\/acana.com.pl\/karma\/wp-json\/wp\/v2\/media?parent=2964"}],"wp:term":[{"taxonomy":"category","embeddable":true,"href":"https:\/\/acana.com.pl\/karma\/wp-json\/wp\/v2\/categories?post=2964"},{"taxonomy":"post_tag","embeddable":true,"href":"https:\/\/acana.com.pl\/karma\/wp-json\/wp\/v2\/tags?post=2964"}],"curies":[{"name":"wp","href":"https:\/\/api.w.org\/{rel}","templated":true}]}}