{"id":3235,"date":"2015-10-14T13:33:44","date_gmt":"2015-10-14T11:33:44","guid":{"rendered":"http:\/\/acana.com.pl\/?p=3235"},"modified":"2015-10-14T13:56:04","modified_gmt":"2015-10-14T11:56:04","slug":"acana-polska-i-planeta-zwierzat-swietuja","status":"publish","type":"post","link":"https:\/\/acana.com.pl\/karma\/acana-polska-i-planeta-zwierzat-swietuja\/","title":{"rendered":"Acana Polska i Planeta Zwierz\u0105t \u015bwi\u0119tuj\u0105"},"content":{"rendered":"<p style=\"text-align: justify;\"><span style=\"font-family: Calibri,sans-serif;\"><span style=\"font-size: medium;\">W dniu 03.10.2015 r. mieli\u015bmy okazj\u0119 wesprze\u0107 akcj\u0119 sklepu zoologicznego Planeta Zwierz\u0105t w Rumii, kt\u00f3ra zosta\u0142a zorganizowana z okazji <strong>Mi\u0119dzynarodowego Dnia Zwierz\u0105t<\/strong>. Idea akcji by\u0142a szczytna, poniewa\u017c zbierane <strong>pieni\u0105dze przekazane zosta\u0142y na Pomorski Koci Dom Tymczasowy oraz na Fundacj\u0105 KOTanges,<\/strong> dlatego tym bardziej jeste\u015bmy dumni, \u017ce mogli\u015bmy wzi\u0105\u0107 udzia\u0142 w tym wydarzeniu.<\/span><\/span><\/p>\n<p style=\"text-align: justify;\"><span style=\"font-family: Calibri,sans-serif;\"><span style=\"font-size: medium;\">Podczas akcji zosta\u0142y zorganizowane liczne konkursy dla Klient\u00f3w sklepu, zar\u00f3wno tych starszych, jak i m\u0142odszych, a tak\u017ce licytacje obraz\u00f3w czy innych przedmiot\u00f3w podarowanych na rzecz sklepu. Du\u017cym zainteresowaniem cieszy\u0142 si\u0119 r\u00f3wnie\u017c pokaz tresury ps\u00f3w, w kt\u00f3rym ka\u017cdy m\u00f3g\u0142 wzi\u0105\u0107 udzia\u0142.<\/span><\/span><\/p>\n<p style=\"text-align: justify;\"><span style=\"font-family: Calibri,sans-serif;\"><span style=\"font-size: medium;\"><strong>Cieszymy si\u0119, \u017ce s\u0105 organizowane tego typu wydarzenia, a jeszcze, \u017ce ludzie tak ch\u0119tnie w nich uczestnicz\u0105 i w tak du\u017cym stopniu pomagaj\u0105 zwierz\u0119tom.<\/strong> Mamy nadziej\u0119, \u017ce b\u0119dziemy mogli jak najcz\u0119\u015bciej wspiera\u0107 tego typu akcje.<\/span><\/span><\/p>\n<p style=\"text-align: justify;\"><span style=\"font-family: Calibri,sans-serif;\"><span style=\"font-size: medium;\"><strong>Jeszcze raz serdecznie gratulujemy, a jednocze\u015bnie dzi\u0119kujemy, Organizatorom wydarzenia, czyli sklepowi zoologicznego Planeta Zwierz\u0105t w Rumii<\/strong>. Oby tak dalej!<\/span><\/span><\/p>\n<p style=\"text-align: justify;\"><span style=\"font-family: Calibri,sans-serif;\"><span style=\"font-size: medium;\">Do zobaczenia na kolejnych akcjach wspieraj\u0105cych wszystkie zwierzaki!<\/span><\/span><\/p>\n<p style=\"text-align: justify;\"><span style=\"font-family: Calibri,sans-serif;\"><span style=\"font-size: medium;\"><a href=\"https:\/\/acana.com.pl\/wp-content\/uploads\/2015\/10\/dzien-zwierzat.jpg\"><img loading=\"lazy\" decoding=\"async\" class=\"alignnone size-full wp-image-3238\" src=\"https:\/\/acana.com.pl\/wp-content\/uploads\/2015\/10\/dzien-zwierzat.jpg\" alt=\"dzien zwierzat\" width=\"1213\" height=\"537\" srcset=\"https:\/\/acana.com.pl\/karma\/wp-content\/uploads\/2015\/10\/dzien-zwierzat.jpg 1213w, https:\/\/acana.com.pl\/karma\/wp-content\/uploads\/2015\/10\/dzien-zwierzat-300x132.jpg 300w, https:\/\/acana.com.pl\/karma\/wp-content\/uploads\/2015\/10\/dzien-zwierzat-1024x453.jpg 1024w, https:\/\/acana.com.pl\/karma\/wp-content\/uploads\/2015\/10\/dzien-zwierzat-292x128.jpg 292w\" sizes=\"auto, (max-width: 1213px) 100vw, 1213px\" \/><\/a><\/span><\/span><\/p>\n","protected":false},"excerpt":{"rendered":"<p>W dniu 03.10.2015 r. mieli\u015bmy okazj\u0119 wesprze\u0107 akcj\u0119 sklepu zoologicznego Planeta Zwierz\u0105t w Rumii, kt\u00f3ra zosta\u0142a zorganizowana z okazji Mi\u0119dzynarodowego Dnia Zwierz\u0105t. Idea akcji by\u0142a szczytna, poniewa\u017c zbierane pieni\u0105dze przekazane zosta\u0142y na Pomorski Koci Dom Tymczasowy oraz na Fundacj\u0105 KOTanges, dlatego tym bardziej jeste\u015bmy dumni, \u017ce mogli\u015bmy wzi\u0105\u0107 udzia\u0142 w tym wydarzeniu. Podczas akcji zosta\u0142y [&hellip;]<\/p>\n","protected":false},"author":2,"featured_media":3238,"comment_status":"open","ping_status":"open","sticky":false,"template":"","format":"standard","meta":{"_acf_changed":false,"_editorskit_title_hidden":false,"_editorskit_reading_time":0,"_editorskit_is_block_options_detached":false,"_editorskit_block_options_position":"{}","ngg_post_thumbnail":0,"footnotes":""},"categories":[2],"tags":[],"class_list":["post-3235","post","type-post","status-publish","format-standard","has-post-thumbnail","hentry","category-aktualnosci"],"acf":[],"yoast_head":"<!-- This site is optimized with the Yoast SEO Premium plugin v27.4 (Yoast SEO v27.4) - https:\/\/yoast.com\/product\/yoast-seo-premium-wordpress\/ -->\n<title>Acana Polska i Planeta Zwierz\u0105t \u015bwi\u0119tuj\u0105 - Blog Acana Polska<\/title>\n<meta name=\"robots\" content=\"index, follow, max-snippet:-1, max-image-preview:large, max-video-preview:-1\" \/>\n<link rel=\"canonical\" href=\"https:\/\/acana.com.pl\/karma\/acana-polska-i-planeta-zwierzat-swietuja\/\" \/>\n<meta property=\"og:locale\" content=\"pl_PL\" \/>\n<meta property=\"og:type\" content=\"article\" \/>\n<meta property=\"og:title\" content=\"Acana Polska i Planeta Zwierz\u0105t \u015bwi\u0119tuj\u0105\" \/>\n<meta property=\"og:description\" content=\"W dniu 03.10.2015 r. mieli\u015bmy okazj\u0119 wesprze\u0107 akcj\u0119 sklepu zoologicznego Planeta Zwierz\u0105t w Rumii, kt\u00f3ra zosta\u0142a zorganizowana z okazji Mi\u0119dzynarodowego Dnia Zwierz\u0105t. Idea akcji by\u0142a szczytna, poniewa\u017c zbierane pieni\u0105dze przekazane zosta\u0142y na Pomorski Koci Dom Tymczasowy oraz na Fundacj\u0105 KOTanges, dlatego tym bardziej jeste\u015bmy dumni, \u017ce mogli\u015bmy wzi\u0105\u0107 udzia\u0142 w tym wydarzeniu. Podczas akcji zosta\u0142y [&hellip;]\" \/>\n<meta property=\"og:url\" content=\"https:\/\/acana.com.pl\/karma\/acana-polska-i-planeta-zwierzat-swietuja\/\" \/>\n<meta property=\"og:site_name\" content=\"Blog Acana Polska\" \/>\n<meta property=\"article:publisher\" content=\"https:\/\/www.facebook.com\/acanapolska\/\" \/>\n<meta property=\"article:published_time\" content=\"2015-10-14T11:33:44+00:00\" \/>\n<meta property=\"article:modified_time\" content=\"2015-10-14T11:56:04+00:00\" \/>\n<meta property=\"og:image\" content=\"https:\/\/acana.com.pl\/karma\/wp-content\/uploads\/2015\/10\/dzien-zwierzat.jpg\" \/>\n\t<meta property=\"og:image:width\" content=\"1213\" \/>\n\t<meta property=\"og:image:height\" content=\"537\" \/>\n\t<meta property=\"og:image:type\" content=\"image\/jpeg\" \/>\n<meta name=\"twitter:card\" content=\"summary_large_image\" \/>\n<meta name=\"twitter:label1\" content=\"Napisane przez\" \/>\n\t<meta name=\"twitter:data1\" content=\"\" \/>\n\t<meta name=\"twitter:label2\" content=\"Szacowany czas czytania\" \/>\n\t<meta name=\"twitter:data2\" content=\"1 minuta\" \/>\n<script type=\"application\/ld+json\" class=\"yoast-schema-graph\">{\"@context\":\"https:\\\/\\\/schema.org\",\"@graph\":[{\"@type\":\"Article\",\"@id\":\"https:\\\/\\\/acana.com.pl\\\/karma\\\/acana-polska-i-planeta-zwierzat-swietuja\\\/#article\",\"isPartOf\":{\"@id\":\"https:\\\/\\\/acana.com.pl\\\/karma\\\/acana-polska-i-planeta-zwierzat-swietuja\\\/\"},\"author\":{\"name\":\"\",\"@id\":\"\"},\"headline\":\"Acana Polska i Planeta Zwierz\u0105t \u015bwi\u0119tuj\u0105\",\"datePublished\":\"2015-10-14T11:33:44+00:00\",\"dateModified\":\"2015-10-14T11:56:04+00:00\",\"mainEntityOfPage\":{\"@id\":\"https:\\\/\\\/acana.com.pl\\\/karma\\\/acana-polska-i-planeta-zwierzat-swietuja\\\/\"},\"wordCount\":194,\"commentCount\":0,\"publisher\":{\"@id\":\"https:\\\/\\\/acana.com.pl\\\/karma\\\/#organization\"},\"image\":{\"@id\":\"https:\\\/\\\/acana.com.pl\\\/karma\\\/acana-polska-i-planeta-zwierzat-swietuja\\\/#primaryimage\"},\"thumbnailUrl\":\"https:\\\/\\\/acana.com.pl\\\/karma\\\/wp-content\\\/uploads\\\/2015\\\/10\\\/dzien-zwierzat.jpg\",\"articleSection\":[\"Aktualno\u015bci\"],\"inLanguage\":\"pl-PL\"},{\"@type\":\"WebPage\",\"@id\":\"https:\\\/\\\/acana.com.pl\\\/karma\\\/acana-polska-i-planeta-zwierzat-swietuja\\\/\",\"url\":\"https:\\\/\\\/acana.com.pl\\\/karma\\\/acana-polska-i-planeta-zwierzat-swietuja\\\/\",\"name\":\"Acana Polska i Planeta Zwierz\u0105t \u015bwi\u0119tuj\u0105 - Blog Acana Polska\",\"isPartOf\":{\"@id\":\"https:\\\/\\\/acana.com.pl\\\/karma\\\/#website\"},\"primaryImageOfPage\":{\"@id\":\"https:\\\/\\\/acana.com.pl\\\/karma\\\/acana-polska-i-planeta-zwierzat-swietuja\\\/#primaryimage\"},\"image\":{\"@id\":\"https:\\\/\\\/acana.com.pl\\\/karma\\\/acana-polska-i-planeta-zwierzat-swietuja\\\/#primaryimage\"},\"thumbnailUrl\":\"https:\\\/\\\/acana.com.pl\\\/karma\\\/wp-content\\\/uploads\\\/2015\\\/10\\\/dzien-zwierzat.jpg\",\"datePublished\":\"2015-10-14T11:33:44+00:00\",\"dateModified\":\"2015-10-14T11:56:04+00:00\",\"breadcrumb\":{\"@id\":\"https:\\\/\\\/acana.com.pl\\\/karma\\\/acana-polska-i-planeta-zwierzat-swietuja\\\/#breadcrumb\"},\"inLanguage\":\"pl-PL\",\"potentialAction\":[{\"@type\":\"ReadAction\",\"target\":[\"https:\\\/\\\/acana.com.pl\\\/karma\\\/acana-polska-i-planeta-zwierzat-swietuja\\\/\"]}]},{\"@type\":\"ImageObject\",\"inLanguage\":\"pl-PL\",\"@id\":\"https:\\\/\\\/acana.com.pl\\\/karma\\\/acana-polska-i-planeta-zwierzat-swietuja\\\/#primaryimage\",\"url\":\"https:\\\/\\\/acana.com.pl\\\/karma\\\/wp-content\\\/uploads\\\/2015\\\/10\\\/dzien-zwierzat.jpg\",\"contentUrl\":\"https:\\\/\\\/acana.com.pl\\\/karma\\\/wp-content\\\/uploads\\\/2015\\\/10\\\/dzien-zwierzat.jpg\",\"width\":1213,\"height\":537},{\"@type\":\"BreadcrumbList\",\"@id\":\"https:\\\/\\\/acana.com.pl\\\/karma\\\/acana-polska-i-planeta-zwierzat-swietuja\\\/#breadcrumb\",\"itemListElement\":[{\"@type\":\"ListItem\",\"position\":1,\"name\":\"Strona g\u0142\u00f3wna\",\"item\":\"https:\\\/\\\/acana.com.pl\\\/karma\\\/\"},{\"@type\":\"ListItem\",\"position\":2,\"name\":\"Acana Polska i Planeta Zwierz\u0105t \u015bwi\u0119tuj\u0105\"}]},{\"@type\":\"WebSite\",\"@id\":\"https:\\\/\\\/acana.com.pl\\\/karma\\\/#website\",\"url\":\"https:\\\/\\\/acana.com.pl\\\/karma\\\/\",\"name\":\"Blog Acana Polska\",\"description\":\"\",\"publisher\":{\"@id\":\"https:\\\/\\\/acana.com.pl\\\/karma\\\/#organization\"},\"potentialAction\":[{\"@type\":\"SearchAction\",\"target\":{\"@type\":\"EntryPoint\",\"urlTemplate\":\"https:\\\/\\\/acana.com.pl\\\/karma\\\/?s={search_term_string}\"},\"query-input\":{\"@type\":\"PropertyValueSpecification\",\"valueRequired\":true,\"valueName\":\"search_term_string\"}}],\"inLanguage\":\"pl-PL\"},{\"@type\":\"Organization\",\"@id\":\"https:\\\/\\\/acana.com.pl\\\/karma\\\/#organization\",\"name\":\"ACANA POLSKA Sp. z o.o. Sp. K.\",\"url\":\"https:\\\/\\\/acana.com.pl\\\/karma\\\/\",\"logo\":{\"@type\":\"ImageObject\",\"inLanguage\":\"pl-PL\",\"@id\":\"https:\\\/\\\/acana.com.pl\\\/karma\\\/#\\\/schema\\\/logo\\\/image\\\/\",\"url\":\"https:\\\/\\\/acana.com.pl\\\/karma\\\/wp-content\\\/uploads\\\/2018\\\/02\\\/logo-Acana-1.png\",\"contentUrl\":\"https:\\\/\\\/acana.com.pl\\\/karma\\\/wp-content\\\/uploads\\\/2018\\\/02\\\/logo-Acana-1.png\",\"width\":154,\"height\":74,\"caption\":\"ACANA POLSKA Sp. z o.o. Sp. K.\"},\"image\":{\"@id\":\"https:\\\/\\\/acana.com.pl\\\/karma\\\/#\\\/schema\\\/logo\\\/image\\\/\"},\"sameAs\":[\"https:\\\/\\\/www.facebook.com\\\/acanapolska\\\/\"]},{\"@type\":\"Person\",\"@id\":\"\",\"url\":\"https:\\\/\\\/acana.com.pl\\\/karma\\\/author\\\/\"}]}<\/script>\n<!-- \/ Yoast SEO Premium plugin. -->","yoast_head_json":{"title":"Acana Polska i Planeta Zwierz\u0105t \u015bwi\u0119tuj\u0105 - Blog Acana Polska","robots":{"index":"index","follow":"follow","max-snippet":"max-snippet:-1","max-image-preview":"max-image-preview:large","max-video-preview":"max-video-preview:-1"},"canonical":"https:\/\/acana.com.pl\/karma\/acana-polska-i-planeta-zwierzat-swietuja\/","og_locale":"pl_PL","og_type":"article","og_title":"Acana Polska i Planeta Zwierz\u0105t \u015bwi\u0119tuj\u0105","og_description":"W dniu 03.10.2015 r. mieli\u015bmy okazj\u0119 wesprze\u0107 akcj\u0119 sklepu zoologicznego Planeta Zwierz\u0105t w Rumii, kt\u00f3ra zosta\u0142a zorganizowana z okazji Mi\u0119dzynarodowego Dnia Zwierz\u0105t. Idea akcji by\u0142a szczytna, poniewa\u017c zbierane pieni\u0105dze przekazane zosta\u0142y na Pomorski Koci Dom Tymczasowy oraz na Fundacj\u0105 KOTanges, dlatego tym bardziej jeste\u015bmy dumni, \u017ce mogli\u015bmy wzi\u0105\u0107 udzia\u0142 w tym wydarzeniu. Podczas akcji zosta\u0142y [&hellip;]","og_url":"https:\/\/acana.com.pl\/karma\/acana-polska-i-planeta-zwierzat-swietuja\/","og_site_name":"Blog Acana Polska","article_publisher":"https:\/\/www.facebook.com\/acanapolska\/","article_published_time":"2015-10-14T11:33:44+00:00","article_modified_time":"2015-10-14T11:56:04+00:00","og_image":[{"width":1213,"height":537,"url":"https:\/\/acana.com.pl\/karma\/wp-content\/uploads\/2015\/10\/dzien-zwierzat.jpg","type":"image\/jpeg"}],"twitter_card":"summary_large_image","twitter_misc":{"Napisane przez":"","Szacowany czas czytania":"1 minuta"},"schema":{"@context":"https:\/\/schema.org","@graph":[{"@type":"Article","@id":"https:\/\/acana.com.pl\/karma\/acana-polska-i-planeta-zwierzat-swietuja\/#article","isPartOf":{"@id":"https:\/\/acana.com.pl\/karma\/acana-polska-i-planeta-zwierzat-swietuja\/"},"author":{"name":"","@id":""},"headline":"Acana Polska i Planeta Zwierz\u0105t \u015bwi\u0119tuj\u0105","datePublished":"2015-10-14T11:33:44+00:00","dateModified":"2015-10-14T11:56:04+00:00","mainEntityOfPage":{"@id":"https:\/\/acana.com.pl\/karma\/acana-polska-i-planeta-zwierzat-swietuja\/"},"wordCount":194,"commentCount":0,"publisher":{"@id":"https:\/\/acana.com.pl\/karma\/#organization"},"image":{"@id":"https:\/\/acana.com.pl\/karma\/acana-polska-i-planeta-zwierzat-swietuja\/#primaryimage"},"thumbnailUrl":"https:\/\/acana.com.pl\/karma\/wp-content\/uploads\/2015\/10\/dzien-zwierzat.jpg","articleSection":["Aktualno\u015bci"],"inLanguage":"pl-PL"},{"@type":"WebPage","@id":"https:\/\/acana.com.pl\/karma\/acana-polska-i-planeta-zwierzat-swietuja\/","url":"https:\/\/acana.com.pl\/karma\/acana-polska-i-planeta-zwierzat-swietuja\/","name":"Acana Polska i Planeta Zwierz\u0105t \u015bwi\u0119tuj\u0105 - Blog Acana Polska","isPartOf":{"@id":"https:\/\/acana.com.pl\/karma\/#website"},"primaryImageOfPage":{"@id":"https:\/\/acana.com.pl\/karma\/acana-polska-i-planeta-zwierzat-swietuja\/#primaryimage"},"image":{"@id":"https:\/\/acana.com.pl\/karma\/acana-polska-i-planeta-zwierzat-swietuja\/#primaryimage"},"thumbnailUrl":"https:\/\/acana.com.pl\/karma\/wp-content\/uploads\/2015\/10\/dzien-zwierzat.jpg","datePublished":"2015-10-14T11:33:44+00:00","dateModified":"2015-10-14T11:56:04+00:00","breadcrumb":{"@id":"https:\/\/acana.com.pl\/karma\/acana-polska-i-planeta-zwierzat-swietuja\/#breadcrumb"},"inLanguage":"pl-PL","potentialAction":[{"@type":"ReadAction","target":["https:\/\/acana.com.pl\/karma\/acana-polska-i-planeta-zwierzat-swietuja\/"]}]},{"@type":"ImageObject","inLanguage":"pl-PL","@id":"https:\/\/acana.com.pl\/karma\/acana-polska-i-planeta-zwierzat-swietuja\/#primaryimage","url":"https:\/\/acana.com.pl\/karma\/wp-content\/uploads\/2015\/10\/dzien-zwierzat.jpg","contentUrl":"https:\/\/acana.com.pl\/karma\/wp-content\/uploads\/2015\/10\/dzien-zwierzat.jpg","width":1213,"height":537},{"@type":"BreadcrumbList","@id":"https:\/\/acana.com.pl\/karma\/acana-polska-i-planeta-zwierzat-swietuja\/#breadcrumb","itemListElement":[{"@type":"ListItem","position":1,"name":"Strona g\u0142\u00f3wna","item":"https:\/\/acana.com.pl\/karma\/"},{"@type":"ListItem","position":2,"name":"Acana Polska i Planeta Zwierz\u0105t \u015bwi\u0119tuj\u0105"}]},{"@type":"WebSite","@id":"https:\/\/acana.com.pl\/karma\/#website","url":"https:\/\/acana.com.pl\/karma\/","name":"Blog Acana Polska","description":"","publisher":{"@id":"https:\/\/acana.com.pl\/karma\/#organization"},"potentialAction":[{"@type":"SearchAction","target":{"@type":"EntryPoint","urlTemplate":"https:\/\/acana.com.pl\/karma\/?s={search_term_string}"},"query-input":{"@type":"PropertyValueSpecification","valueRequired":true,"valueName":"search_term_string"}}],"inLanguage":"pl-PL"},{"@type":"Organization","@id":"https:\/\/acana.com.pl\/karma\/#organization","name":"ACANA POLSKA Sp. z o.o. Sp. K.","url":"https:\/\/acana.com.pl\/karma\/","logo":{"@type":"ImageObject","inLanguage":"pl-PL","@id":"https:\/\/acana.com.pl\/karma\/#\/schema\/logo\/image\/","url":"https:\/\/acana.com.pl\/karma\/wp-content\/uploads\/2018\/02\/logo-Acana-1.png","contentUrl":"https:\/\/acana.com.pl\/karma\/wp-content\/uploads\/2018\/02\/logo-Acana-1.png","width":154,"height":74,"caption":"ACANA POLSKA Sp. z o.o. Sp. K."},"image":{"@id":"https:\/\/acana.com.pl\/karma\/#\/schema\/logo\/image\/"},"sameAs":["https:\/\/www.facebook.com\/acanapolska\/"]},{"@type":"Person","@id":"","url":"https:\/\/acana.com.pl\/karma\/author\/"}]}},"_links":{"self":[{"href":"https:\/\/acana.com.pl\/karma\/wp-json\/wp\/v2\/posts\/3235","targetHints":{"allow":["GET"]}}],"collection":[{"href":"https:\/\/acana.com.pl\/karma\/wp-json\/wp\/v2\/posts"}],"about":[{"href":"https:\/\/acana.com.pl\/karma\/wp-json\/wp\/v2\/types\/post"}],"author":[{"embeddable":true,"href":"https:\/\/acana.com.pl\/karma\/wp-json\/wp\/v2\/users\/2"}],"replies":[{"embeddable":true,"href":"https:\/\/acana.com.pl\/karma\/wp-json\/wp\/v2\/comments?post=3235"}],"version-history":[{"count":0,"href":"https:\/\/acana.com.pl\/karma\/wp-json\/wp\/v2\/posts\/3235\/revisions"}],"wp:featuredmedia":[{"embeddable":true,"href":"https:\/\/acana.com.pl\/karma\/wp-json\/wp\/v2\/media\/3238"}],"wp:attachment":[{"href":"https:\/\/acana.com.pl\/karma\/wp-json\/wp\/v2\/media?parent=3235"}],"wp:term":[{"taxonomy":"category","embeddable":true,"href":"https:\/\/acana.com.pl\/karma\/wp-json\/wp\/v2\/categories?post=3235"},{"taxonomy":"post_tag","embeddable":true,"href":"https:\/\/acana.com.pl\/karma\/wp-json\/wp\/v2\/tags?post=3235"}],"curies":[{"name":"wp","href":"https:\/\/api.w.org\/{rel}","templated":true}]}}