{"id":7263,"date":"2018-02-21T14:28:35","date_gmt":"2018-02-21T13:28:35","guid":{"rendered":"http:\/\/acana.com.pl\/karma\/?p=7263"},"modified":"2018-03-06T13:47:45","modified_gmt":"2018-03-06T12:47:45","slug":"o-co-chodzi-z-tymi-workami","status":"publish","type":"post","link":"https:\/\/acana.com.pl\/karma\/o-co-chodzi-z-tymi-workami\/","title":{"rendered":"O co chodzi z tymi workami?"},"content":{"rendered":"<p style=\"text-align: justify;\">Czy zastanawia\u0142e\u015b si\u0119 dlaczego niekt\u00f3re opakowania jedzenia<a href=\"http:\/\/sklep.acana.com.pl\/7--jedzenie-suche?id_manu=3\"> ACANA<\/a> i ORIJEN s\u0105 bardziej sprasowane, a inne mniej? By\u0107 mo\u017ce b\u0119dziesz zaskoczony, ale pomimo powszechniej opinii, nasze jedzenie nie jest pakowane pr\u00f3\u017cniowo.<\/p>\n<p style=\"text-align: justify;\">Bez obaw! Proces pakowania naszego jedzenie ACANA i <a href=\"http:\/\/sklep.acana.com.pl\/7--jedzenie-suche?id_manu=4\">ORIJEN<\/a> zaprojektowany jest tak, aby w jak najlepszy spos\u00f3b chroni\u0107 jego \u015bwie\u017co\u015b\u0107. W tym celu wykorzystany jest proces ewakuacji powietrza. Nasze foliowe opakowania s\u0105 nieprzepuszczalne dla przep\u0142ywu tlenu z zewn\u0105trz do wewn\u0105trz i na odwr\u00f3t. Od momentu gdy opakowanie jest zamkni\u0119te przep\u0142yw tlenu jest niemo\u017cliwy. Ilo\u015b\u0107 pozosta\u0142ego tlenu po zapiecz\u0119towaniu opakowania zale\u017cy od ilo\u015bci powietrza wypchni\u0119tego przez nasz system ewakuacji powietrza.<\/p>\n<p style=\"text-align: justify;\">Ci\u015bnienie i temperatura powietrza r\u00f3wnie\u017c przyczynia si\u0119 do r\u00f3\u017cnic w wygl\u0105dzie naszych opakowa\u0144, powoduj\u0105c, \u017ce niekt\u00f3re opakowania s\u0105 bardziej sprasowane, a inne nie. Nasze Biologicznie Odpowiednie Jedzenie pakowane jest w ciep\u0142ym otoczeniu, a gdy przenoszone jest do ch\u0142odniejszych magazyn\u00f3w, powietrze och\u0142adza si\u0119 i tym samym zajmuje mniej miejsca. R\u00f3\u017cnice te nie maj\u0105 wp\u0142ywu na jego \u015bwie\u017co\u015b\u0107. Ponadto, <a href=\"https:\/\/www.championpetfoods.com\/\">Champion Petfoods<\/a> znajduje si\u0119 668 metr\u00f3w n.p.m. &#8211; opakowania dostarczane do miejsc po\u0142o\u017conych ni\u017cej b\u0119d\u0105 bardziej skompresowane. Stopnie\u0144 sprasowania b\u0119dzie zale\u017ca\u0142 od dw\u00f3ch czynnik\u00f3w:<\/p>\n<p style=\"text-align: justify;\">&#8211; R\u00f3\u017cnic w wysoko\u015bci lokalizacji<\/p>\n<p style=\"text-align: justify;\">&#8211; Ilo\u015bci powietrza w opakowaniu<\/p>\n<p style=\"text-align: justify;\">Na przyk\u0142ad, gdy dwa opakowania r\u00f3\u017cni\u0105ce si\u0119 pod wzgl\u0119dem ilo\u015bci powietrza umie\u015bcimy na tym samym poziomie gdzie oddzia\u0142uje takie samo ci\u015bnienie wtedy worki b\u0119d\u0105 mia\u0142y r\u00f3\u017cny stopie\u0144 \u201esprasowania\u201d. Nie ma to jednak wp\u0142ywu na \u015bwie\u017co\u015b\u0107 i smakowito\u015b\u0107 naszego jedzenia. Jest ono tak samo Biologicznie Odpowiednie dla Twojego zwierzaka!<\/p>\n","protected":false},"excerpt":{"rendered":"<p>Czy zastanawia\u0142e\u015b si\u0119 dlaczego niekt\u00f3re opakowania jedzenia ACANA i ORIJEN s\u0105 bardziej sprasowane, a inne mniej? By\u0107 mo\u017ce b\u0119dziesz zaskoczony, ale pomimo powszechniej opinii, nasze jedzenie nie jest pakowane pr\u00f3\u017cniowo. Bez obaw! Proces pakowania naszego jedzenie ACANA i ORIJEN zaprojektowany jest tak, aby w jak najlepszy spos\u00f3b chroni\u0107 jego \u015bwie\u017co\u015b\u0107. W tym celu wykorzystany jest [&hellip;]<\/p>\n","protected":false},"author":9,"featured_media":7268,"comment_status":"closed","ping_status":"open","sticky":false,"template":"","format":"standard","meta":{"_acf_changed":false,"_editorskit_title_hidden":false,"_editorskit_reading_time":0,"_editorskit_is_block_options_detached":false,"_editorskit_block_options_position":"{}","ngg_post_thumbnail":0,"footnotes":""},"categories":[2],"tags":[39,47,171,30,29,40,20,28,60,46,43,172,18],"class_list":["post-7263","post","type-post","status-publish","format-standard","has-post-thumbnail","hentry","category-aktualnosci","tag-biologicznie-odpowiednie","tag-biologicznie-odpowiednie-jedzenie","tag-champion-petfoods","tag-karma-dla-kota","tag-karma-dla-pasa","tag-karma-dla-psa","tag-karma-z-miesem","tag-najlepsza-karma","tag-najlepsza-karma-dla-kota","tag-najlepsza-karma-dla-kotow","tag-najlepsze-jedzenie-dla-psow","tag-opakowanie-karmy","tag-orijen"],"acf":[],"yoast_head":"<!-- This site is optimized with the Yoast SEO Premium plugin v27.4 (Yoast SEO v27.5) - https:\/\/yoast.com\/product\/yoast-seo-premium-wordpress\/ -->\n<title>O co chodzi z tymi workami? - Blog Acana Polska<\/title>\n<meta name=\"robots\" content=\"index, follow, max-snippet:-1, max-image-preview:large, max-video-preview:-1\" \/>\n<link rel=\"canonical\" href=\"https:\/\/acana.com.pl\/karma\/o-co-chodzi-z-tymi-workami\/\" \/>\n<meta property=\"og:locale\" content=\"pl_PL\" \/>\n<meta property=\"og:type\" content=\"article\" \/>\n<meta property=\"og:title\" content=\"O co chodzi z tymi workami?\" \/>\n<meta property=\"og:description\" content=\"Czy zastanawia\u0142e\u015b si\u0119 dlaczego niekt\u00f3re opakowania jedzenia ACANA i ORIJEN s\u0105 bardziej sprasowane, a inne mniej? By\u0107 mo\u017ce b\u0119dziesz zaskoczony, ale pomimo powszechniej opinii, nasze jedzenie nie jest pakowane pr\u00f3\u017cniowo. Bez obaw! Proces pakowania naszego jedzenie ACANA i ORIJEN zaprojektowany jest tak, aby w jak najlepszy spos\u00f3b chroni\u0107 jego \u015bwie\u017co\u015b\u0107. W tym celu wykorzystany jest [&hellip;]\" \/>\n<meta property=\"og:url\" content=\"https:\/\/acana.com.pl\/karma\/o-co-chodzi-z-tymi-workami\/\" \/>\n<meta property=\"og:site_name\" content=\"Blog Acana Polska\" \/>\n<meta property=\"article:publisher\" content=\"https:\/\/www.facebook.com\/acanapolska\/\" \/>\n<meta property=\"article:published_time\" content=\"2018-02-21T13:28:35+00:00\" \/>\n<meta property=\"article:modified_time\" content=\"2018-03-06T12:47:45+00:00\" \/>\n<meta property=\"og:image\" content=\"https:\/\/acana.com.pl\/karma\/wp-content\/uploads\/2018\/01\/worki.jpg\" \/>\n\t<meta property=\"og:image:width\" content=\"1213\" \/>\n\t<meta property=\"og:image:height\" content=\"537\" \/>\n\t<meta property=\"og:image:type\" content=\"image\/jpeg\" \/>\n<meta name=\"author\" content=\"Emilia\" \/>\n<meta name=\"twitter:card\" content=\"summary_large_image\" \/>\n<meta name=\"twitter:label1\" content=\"Napisane przez\" \/>\n\t<meta name=\"twitter:data1\" content=\"Emilia\" \/>\n\t<meta name=\"twitter:label2\" content=\"Szacowany czas czytania\" \/>\n\t<meta name=\"twitter:data2\" content=\"1 minuta\" \/>\n<script type=\"application\/ld+json\" class=\"yoast-schema-graph\">{\"@context\":\"https:\\\/\\\/schema.org\",\"@graph\":[{\"@type\":\"Article\",\"@id\":\"https:\\\/\\\/acana.com.pl\\\/karma\\\/o-co-chodzi-z-tymi-workami\\\/#article\",\"isPartOf\":{\"@id\":\"https:\\\/\\\/acana.com.pl\\\/karma\\\/o-co-chodzi-z-tymi-workami\\\/\"},\"author\":{\"name\":\"Emilia\",\"@id\":\"https:\\\/\\\/acana.com.pl\\\/karma\\\/#\\\/schema\\\/person\\\/9b7647a5093c13bf3f8008dd9ae4f9bb\"},\"headline\":\"O co chodzi z tymi workami?\",\"datePublished\":\"2018-02-21T13:28:35+00:00\",\"dateModified\":\"2018-03-06T12:47:45+00:00\",\"mainEntityOfPage\":{\"@id\":\"https:\\\/\\\/acana.com.pl\\\/karma\\\/o-co-chodzi-z-tymi-workami\\\/\"},\"wordCount\":302,\"publisher\":{\"@id\":\"https:\\\/\\\/acana.com.pl\\\/karma\\\/#organization\"},\"image\":{\"@id\":\"https:\\\/\\\/acana.com.pl\\\/karma\\\/o-co-chodzi-z-tymi-workami\\\/#primaryimage\"},\"thumbnailUrl\":\"https:\\\/\\\/acana.com.pl\\\/karma\\\/wp-content\\\/uploads\\\/2018\\\/01\\\/worki.jpg\",\"keywords\":[\"biologicznie odpowiednie\",\"biologicznie odpowiednie jedzenie\",\"Champion Petfoods\",\"KARMA DLA KOTA\",\"KARMA DLA PASA\",\"karma dla psa\",\"karma z mi\u0119sem\",\"NAJLEPSZA KARMA\",\"Najlepsza karma dla kota\",\"najlepsza karma dla kot\u00f3w\",\"najlepsze jedzenie dla ps\u00f3w\",\"opakowanie karmy\",\"orijen\"],\"articleSection\":[\"Aktualno\u015bci\"],\"inLanguage\":\"pl-PL\"},{\"@type\":\"WebPage\",\"@id\":\"https:\\\/\\\/acana.com.pl\\\/karma\\\/o-co-chodzi-z-tymi-workami\\\/\",\"url\":\"https:\\\/\\\/acana.com.pl\\\/karma\\\/o-co-chodzi-z-tymi-workami\\\/\",\"name\":\"O co chodzi z tymi workami? - Blog Acana Polska\",\"isPartOf\":{\"@id\":\"https:\\\/\\\/acana.com.pl\\\/karma\\\/#website\"},\"primaryImageOfPage\":{\"@id\":\"https:\\\/\\\/acana.com.pl\\\/karma\\\/o-co-chodzi-z-tymi-workami\\\/#primaryimage\"},\"image\":{\"@id\":\"https:\\\/\\\/acana.com.pl\\\/karma\\\/o-co-chodzi-z-tymi-workami\\\/#primaryimage\"},\"thumbnailUrl\":\"https:\\\/\\\/acana.com.pl\\\/karma\\\/wp-content\\\/uploads\\\/2018\\\/01\\\/worki.jpg\",\"datePublished\":\"2018-02-21T13:28:35+00:00\",\"dateModified\":\"2018-03-06T12:47:45+00:00\",\"breadcrumb\":{\"@id\":\"https:\\\/\\\/acana.com.pl\\\/karma\\\/o-co-chodzi-z-tymi-workami\\\/#breadcrumb\"},\"inLanguage\":\"pl-PL\",\"potentialAction\":[{\"@type\":\"ReadAction\",\"target\":[\"https:\\\/\\\/acana.com.pl\\\/karma\\\/o-co-chodzi-z-tymi-workami\\\/\"]}]},{\"@type\":\"ImageObject\",\"inLanguage\":\"pl-PL\",\"@id\":\"https:\\\/\\\/acana.com.pl\\\/karma\\\/o-co-chodzi-z-tymi-workami\\\/#primaryimage\",\"url\":\"https:\\\/\\\/acana.com.pl\\\/karma\\\/wp-content\\\/uploads\\\/2018\\\/01\\\/worki.jpg\",\"contentUrl\":\"https:\\\/\\\/acana.com.pl\\\/karma\\\/wp-content\\\/uploads\\\/2018\\\/01\\\/worki.jpg\",\"width\":1213,\"height\":537,\"caption\":\"Opakowanie\"},{\"@type\":\"BreadcrumbList\",\"@id\":\"https:\\\/\\\/acana.com.pl\\\/karma\\\/o-co-chodzi-z-tymi-workami\\\/#breadcrumb\",\"itemListElement\":[{\"@type\":\"ListItem\",\"position\":1,\"name\":\"Strona g\u0142\u00f3wna\",\"item\":\"https:\\\/\\\/acana.com.pl\\\/karma\\\/\"},{\"@type\":\"ListItem\",\"position\":2,\"name\":\"O co chodzi z tymi workami?\"}]},{\"@type\":\"WebSite\",\"@id\":\"https:\\\/\\\/acana.com.pl\\\/karma\\\/#website\",\"url\":\"https:\\\/\\\/acana.com.pl\\\/karma\\\/\",\"name\":\"Blog Acana Polska\",\"description\":\"\",\"publisher\":{\"@id\":\"https:\\\/\\\/acana.com.pl\\\/karma\\\/#organization\"},\"potentialAction\":[{\"@type\":\"SearchAction\",\"target\":{\"@type\":\"EntryPoint\",\"urlTemplate\":\"https:\\\/\\\/acana.com.pl\\\/karma\\\/?s={search_term_string}\"},\"query-input\":{\"@type\":\"PropertyValueSpecification\",\"valueRequired\":true,\"valueName\":\"search_term_string\"}}],\"inLanguage\":\"pl-PL\"},{\"@type\":\"Organization\",\"@id\":\"https:\\\/\\\/acana.com.pl\\\/karma\\\/#organization\",\"name\":\"ACANA POLSKA Sp. z o.o. Sp. K.\",\"url\":\"https:\\\/\\\/acana.com.pl\\\/karma\\\/\",\"logo\":{\"@type\":\"ImageObject\",\"inLanguage\":\"pl-PL\",\"@id\":\"https:\\\/\\\/acana.com.pl\\\/karma\\\/#\\\/schema\\\/logo\\\/image\\\/\",\"url\":\"https:\\\/\\\/acana.com.pl\\\/karma\\\/wp-content\\\/uploads\\\/2018\\\/02\\\/logo-Acana-1.png\",\"contentUrl\":\"https:\\\/\\\/acana.com.pl\\\/karma\\\/wp-content\\\/uploads\\\/2018\\\/02\\\/logo-Acana-1.png\",\"width\":154,\"height\":74,\"caption\":\"ACANA POLSKA Sp. z o.o. Sp. K.\"},\"image\":{\"@id\":\"https:\\\/\\\/acana.com.pl\\\/karma\\\/#\\\/schema\\\/logo\\\/image\\\/\"},\"sameAs\":[\"https:\\\/\\\/www.facebook.com\\\/acanapolska\\\/\"]},{\"@type\":\"Person\",\"@id\":\"https:\\\/\\\/acana.com.pl\\\/karma\\\/#\\\/schema\\\/person\\\/9b7647a5093c13bf3f8008dd9ae4f9bb\",\"name\":\"Emilia\",\"image\":{\"@type\":\"ImageObject\",\"inLanguage\":\"pl-PL\",\"@id\":\"https:\\\/\\\/secure.gravatar.com\\\/avatar\\\/8488698a6d9cc9de165f71e85f88200aeff70322729e46256508cfa1287ee4f4?s=96&d=mm&r=g\",\"url\":\"https:\\\/\\\/secure.gravatar.com\\\/avatar\\\/8488698a6d9cc9de165f71e85f88200aeff70322729e46256508cfa1287ee4f4?s=96&d=mm&r=g\",\"contentUrl\":\"https:\\\/\\\/secure.gravatar.com\\\/avatar\\\/8488698a6d9cc9de165f71e85f88200aeff70322729e46256508cfa1287ee4f4?s=96&d=mm&r=g\",\"caption\":\"Emilia\"},\"url\":\"https:\\\/\\\/acana.com.pl\\\/karma\\\/author\\\/patrycja\\\/\"}]}<\/script>\n<!-- \/ Yoast SEO Premium plugin. -->","yoast_head_json":{"title":"O co chodzi z tymi workami? - Blog Acana Polska","robots":{"index":"index","follow":"follow","max-snippet":"max-snippet:-1","max-image-preview":"max-image-preview:large","max-video-preview":"max-video-preview:-1"},"canonical":"https:\/\/acana.com.pl\/karma\/o-co-chodzi-z-tymi-workami\/","og_locale":"pl_PL","og_type":"article","og_title":"O co chodzi z tymi workami?","og_description":"Czy zastanawia\u0142e\u015b si\u0119 dlaczego niekt\u00f3re opakowania jedzenia ACANA i ORIJEN s\u0105 bardziej sprasowane, a inne mniej? By\u0107 mo\u017ce b\u0119dziesz zaskoczony, ale pomimo powszechniej opinii, nasze jedzenie nie jest pakowane pr\u00f3\u017cniowo. Bez obaw! Proces pakowania naszego jedzenie ACANA i ORIJEN zaprojektowany jest tak, aby w jak najlepszy spos\u00f3b chroni\u0107 jego \u015bwie\u017co\u015b\u0107. W tym celu wykorzystany jest [&hellip;]","og_url":"https:\/\/acana.com.pl\/karma\/o-co-chodzi-z-tymi-workami\/","og_site_name":"Blog Acana Polska","article_publisher":"https:\/\/www.facebook.com\/acanapolska\/","article_published_time":"2018-02-21T13:28:35+00:00","article_modified_time":"2018-03-06T12:47:45+00:00","og_image":[{"width":1213,"height":537,"url":"https:\/\/acana.com.pl\/karma\/wp-content\/uploads\/2018\/01\/worki.jpg","type":"image\/jpeg"}],"author":"Emilia","twitter_card":"summary_large_image","twitter_misc":{"Napisane przez":"Emilia","Szacowany czas czytania":"1 minuta"},"schema":{"@context":"https:\/\/schema.org","@graph":[{"@type":"Article","@id":"https:\/\/acana.com.pl\/karma\/o-co-chodzi-z-tymi-workami\/#article","isPartOf":{"@id":"https:\/\/acana.com.pl\/karma\/o-co-chodzi-z-tymi-workami\/"},"author":{"name":"Emilia","@id":"https:\/\/acana.com.pl\/karma\/#\/schema\/person\/9b7647a5093c13bf3f8008dd9ae4f9bb"},"headline":"O co chodzi z tymi workami?","datePublished":"2018-02-21T13:28:35+00:00","dateModified":"2018-03-06T12:47:45+00:00","mainEntityOfPage":{"@id":"https:\/\/acana.com.pl\/karma\/o-co-chodzi-z-tymi-workami\/"},"wordCount":302,"publisher":{"@id":"https:\/\/acana.com.pl\/karma\/#organization"},"image":{"@id":"https:\/\/acana.com.pl\/karma\/o-co-chodzi-z-tymi-workami\/#primaryimage"},"thumbnailUrl":"https:\/\/acana.com.pl\/karma\/wp-content\/uploads\/2018\/01\/worki.jpg","keywords":["biologicznie odpowiednie","biologicznie odpowiednie jedzenie","Champion Petfoods","KARMA DLA KOTA","KARMA DLA PASA","karma dla psa","karma z mi\u0119sem","NAJLEPSZA KARMA","Najlepsza karma dla kota","najlepsza karma dla kot\u00f3w","najlepsze jedzenie dla ps\u00f3w","opakowanie karmy","orijen"],"articleSection":["Aktualno\u015bci"],"inLanguage":"pl-PL"},{"@type":"WebPage","@id":"https:\/\/acana.com.pl\/karma\/o-co-chodzi-z-tymi-workami\/","url":"https:\/\/acana.com.pl\/karma\/o-co-chodzi-z-tymi-workami\/","name":"O co chodzi z tymi workami? - Blog Acana Polska","isPartOf":{"@id":"https:\/\/acana.com.pl\/karma\/#website"},"primaryImageOfPage":{"@id":"https:\/\/acana.com.pl\/karma\/o-co-chodzi-z-tymi-workami\/#primaryimage"},"image":{"@id":"https:\/\/acana.com.pl\/karma\/o-co-chodzi-z-tymi-workami\/#primaryimage"},"thumbnailUrl":"https:\/\/acana.com.pl\/karma\/wp-content\/uploads\/2018\/01\/worki.jpg","datePublished":"2018-02-21T13:28:35+00:00","dateModified":"2018-03-06T12:47:45+00:00","breadcrumb":{"@id":"https:\/\/acana.com.pl\/karma\/o-co-chodzi-z-tymi-workami\/#breadcrumb"},"inLanguage":"pl-PL","potentialAction":[{"@type":"ReadAction","target":["https:\/\/acana.com.pl\/karma\/o-co-chodzi-z-tymi-workami\/"]}]},{"@type":"ImageObject","inLanguage":"pl-PL","@id":"https:\/\/acana.com.pl\/karma\/o-co-chodzi-z-tymi-workami\/#primaryimage","url":"https:\/\/acana.com.pl\/karma\/wp-content\/uploads\/2018\/01\/worki.jpg","contentUrl":"https:\/\/acana.com.pl\/karma\/wp-content\/uploads\/2018\/01\/worki.jpg","width":1213,"height":537,"caption":"Opakowanie"},{"@type":"BreadcrumbList","@id":"https:\/\/acana.com.pl\/karma\/o-co-chodzi-z-tymi-workami\/#breadcrumb","itemListElement":[{"@type":"ListItem","position":1,"name":"Strona g\u0142\u00f3wna","item":"https:\/\/acana.com.pl\/karma\/"},{"@type":"ListItem","position":2,"name":"O co chodzi z tymi workami?"}]},{"@type":"WebSite","@id":"https:\/\/acana.com.pl\/karma\/#website","url":"https:\/\/acana.com.pl\/karma\/","name":"Blog Acana Polska","description":"","publisher":{"@id":"https:\/\/acana.com.pl\/karma\/#organization"},"potentialAction":[{"@type":"SearchAction","target":{"@type":"EntryPoint","urlTemplate":"https:\/\/acana.com.pl\/karma\/?s={search_term_string}"},"query-input":{"@type":"PropertyValueSpecification","valueRequired":true,"valueName":"search_term_string"}}],"inLanguage":"pl-PL"},{"@type":"Organization","@id":"https:\/\/acana.com.pl\/karma\/#organization","name":"ACANA POLSKA Sp. z o.o. Sp. K.","url":"https:\/\/acana.com.pl\/karma\/","logo":{"@type":"ImageObject","inLanguage":"pl-PL","@id":"https:\/\/acana.com.pl\/karma\/#\/schema\/logo\/image\/","url":"https:\/\/acana.com.pl\/karma\/wp-content\/uploads\/2018\/02\/logo-Acana-1.png","contentUrl":"https:\/\/acana.com.pl\/karma\/wp-content\/uploads\/2018\/02\/logo-Acana-1.png","width":154,"height":74,"caption":"ACANA POLSKA Sp. z o.o. Sp. K."},"image":{"@id":"https:\/\/acana.com.pl\/karma\/#\/schema\/logo\/image\/"},"sameAs":["https:\/\/www.facebook.com\/acanapolska\/"]},{"@type":"Person","@id":"https:\/\/acana.com.pl\/karma\/#\/schema\/person\/9b7647a5093c13bf3f8008dd9ae4f9bb","name":"Emilia","image":{"@type":"ImageObject","inLanguage":"pl-PL","@id":"https:\/\/secure.gravatar.com\/avatar\/8488698a6d9cc9de165f71e85f88200aeff70322729e46256508cfa1287ee4f4?s=96&d=mm&r=g","url":"https:\/\/secure.gravatar.com\/avatar\/8488698a6d9cc9de165f71e85f88200aeff70322729e46256508cfa1287ee4f4?s=96&d=mm&r=g","contentUrl":"https:\/\/secure.gravatar.com\/avatar\/8488698a6d9cc9de165f71e85f88200aeff70322729e46256508cfa1287ee4f4?s=96&d=mm&r=g","caption":"Emilia"},"url":"https:\/\/acana.com.pl\/karma\/author\/patrycja\/"}]}},"_links":{"self":[{"href":"https:\/\/acana.com.pl\/karma\/wp-json\/wp\/v2\/posts\/7263","targetHints":{"allow":["GET"]}}],"collection":[{"href":"https:\/\/acana.com.pl\/karma\/wp-json\/wp\/v2\/posts"}],"about":[{"href":"https:\/\/acana.com.pl\/karma\/wp-json\/wp\/v2\/types\/post"}],"author":[{"embeddable":true,"href":"https:\/\/acana.com.pl\/karma\/wp-json\/wp\/v2\/users\/9"}],"replies":[{"embeddable":true,"href":"https:\/\/acana.com.pl\/karma\/wp-json\/wp\/v2\/comments?post=7263"}],"version-history":[{"count":0,"href":"https:\/\/acana.com.pl\/karma\/wp-json\/wp\/v2\/posts\/7263\/revisions"}],"wp:featuredmedia":[{"embeddable":true,"href":"https:\/\/acana.com.pl\/karma\/wp-json\/wp\/v2\/media\/7268"}],"wp:attachment":[{"href":"https:\/\/acana.com.pl\/karma\/wp-json\/wp\/v2\/media?parent=7263"}],"wp:term":[{"taxonomy":"category","embeddable":true,"href":"https:\/\/acana.com.pl\/karma\/wp-json\/wp\/v2\/categories?post=7263"},{"taxonomy":"post_tag","embeddable":true,"href":"https:\/\/acana.com.pl\/karma\/wp-json\/wp\/v2\/tags?post=7263"}],"curies":[{"name":"wp","href":"https:\/\/api.w.org\/{rel}","templated":true}]}}