{"id":7407,"date":"2018-03-01T13:06:03","date_gmt":"2018-03-01T12:06:03","guid":{"rendered":"http:\/\/acana.com.pl\/karma\/?p=7407"},"modified":"2021-09-30T09:26:15","modified_gmt":"2021-09-30T07:26:15","slug":"miedzynarodowa-wystawa-kotow-rasowych-wroclaw-3-4-marca-2018","status":"publish","type":"post","link":"https:\/\/acana.com.pl\/karma\/miedzynarodowa-wystawa-kotow-rasowych-wroclaw-3-4-marca-2018\/","title":{"rendered":"Mi\u0119dzynarodowa Wystawa Kot\u00f3w Rasowych, Wroc\u0142aw 3-4 marca 2018"},"content":{"rendered":"<p style=\"text-align: justify;\">Marzec zaczynamy wydarzeniem szczeg\u00f3lnym dla wszystkich Mi\u0142o\u015bnik\u00f3w kot\u00f3w &#8211; ju\u017c w najbli\u017cszy weekend spotkamy si\u0119 we wroc\u0142awskiej Hali Stulecia na Mi\u0119dzynarodowej Wystawie Kot\u00f3w Rasowych. To b\u0119dzie wyj\u0105tkowa okazja, by podziwia\u0107 rozmaite rasy kot\u00f3w m.in. burmskie, bengalskie, najwi\u0119ksze p\u00f3\u0142nocnoameryka\u0144skie Main Coon, syjamskie i wiele innych orientalnych ras. Wystawa to r\u00f3wnie\u017c sposobno\u015b\u0107 do spotkania z za\u0142og\u0105 Acana Polska, kt\u00f3ra b\u0119dzie na Was czeka\u0107 przy naszym Biologicznie Odpowiednim stoisku. Mo\u017cesz w nim znale\u017a\u0107 najlepsze jedzenie dla naszych udomowionych drapie\u017cnik\u00f3w <a href=\"http:\/\/sklep.acana.com.pl\/26-karmy-suche?id_manu=3\">ACANA<\/a> i <a href=\"http:\/\/sklep.acana.com.pl\/26-karmy-suche?id_manu=4\">ORIJEN<\/a>, kt\u00f3re przepe\u0142nione jest po brzegi r\u00f3\u017cnorodnym, \u015bwie\u017cym mi\u0119sem. Nasi eksperci z ch\u0119ci\u0105 odpowiedz\u0105 na pytania: ile jest mi\u0119sa w naszym Jedzeniu? ile jest w nim \u015bwie\u017cego mi\u0119sa? jaka jest r\u00f3\u017cnorodno\u015b\u0107 mi\u0119s? Je\u015bli natomiast szukasz idealnego wk\u0142adu do kuwety, to mo\u017cesz przekona\u0107 si\u0119 w bardzo obrazowy spos\u00f3b jak rewelacyjne s\u0105 naturalne \u017cwirki Easy Clean powsta\u0142e z najlepszego ameryka\u0144skiego bentonitu sodowego.&nbsp;Do zobaczenia w pierwszy marcowy weekend!<\/p>\n<p style=\"text-align: justify;\">B.O. z niecierpliwo\u015bci\u0105 czekamy na spotkanie z Wami!<\/p>\n","protected":false},"excerpt":{"rendered":"<p>Marzec zaczynamy wydarzeniem szczeg\u00f3lnym dla wszystkich Mi\u0142o\u015bnik\u00f3w kot\u00f3w &#8211; ju\u017c w najbli\u017cszy weekend spotkamy si\u0119 we wroc\u0142awskiej Hali Stulecia na Mi\u0119dzynarodowej Wystawie Kot\u00f3w Rasowych. To b\u0119dzie wyj\u0105tkowa okazja, by podziwia\u0107 rozmaite rasy kot\u00f3w m.in. burmskie, bengalskie, najwi\u0119ksze p\u00f3\u0142nocnoameryka\u0144skie Main Coon, syjamskie i wiele innych orientalnych ras. Wystawa to r\u00f3wnie\u017c sposobno\u015b\u0107 do spotkania z za\u0142og\u0105 Acana [&hellip;]<\/p>\n","protected":false},"author":9,"featured_media":7533,"comment_status":"closed","ping_status":"closed","sticky":false,"template":"","format":"standard","meta":{"_acf_changed":false,"_editorskit_title_hidden":false,"_editorskit_reading_time":0,"_editorskit_is_block_options_detached":false,"_editorskit_block_options_position":"{}","ngg_post_thumbnail":0,"footnotes":""},"categories":[2],"tags":[9,102,39,47,31,20,35,28,60,46,18,11,53,42,52],"class_list":["post-7407","post","type-post","status-publish","format-standard","has-post-thumbnail","hentry","category-aktualnosci","tag-acana","tag-acana-polska","tag-biologicznie-odpowiednie","tag-biologicznie-odpowiednie-jedzenie","tag-ekskluzywna-karma","tag-karma-z-miesem","tag-lawendowe-woreczki","tag-najlepsza-karma","tag-najlepsza-karma-dla-kota","tag-najlepsza-karma-dla-kotow","tag-orijen","tag-poop-bags-earth-rated","tag-smakowia-karma-dla-kota","tag-wystawa-miedzynarodowa","tag-zdrowa-karma-dla-kota"],"acf":[],"yoast_head":"<!-- This site is optimized with the Yoast SEO Premium plugin v27.4 (Yoast SEO v27.5) - https:\/\/yoast.com\/product\/yoast-seo-premium-wordpress\/ -->\n<title>Mi\u0119dzynarodowa Wystawa Kot\u00f3w Rasowych, Wroc\u0142aw 3-4 marca 2018 - Blog Acana Polska<\/title>\n<meta name=\"robots\" content=\"index, follow, max-snippet:-1, max-image-preview:large, max-video-preview:-1\" \/>\n<link rel=\"canonical\" href=\"https:\/\/acana.com.pl\/karma\/miedzynarodowa-wystawa-kotow-rasowych-wroclaw-3-4-marca-2018\/\" \/>\n<meta property=\"og:locale\" content=\"pl_PL\" \/>\n<meta property=\"og:type\" content=\"article\" \/>\n<meta property=\"og:title\" content=\"Mi\u0119dzynarodowa Wystawa Kot\u00f3w Rasowych, Wroc\u0142aw 3-4 marca 2018\" \/>\n<meta property=\"og:description\" content=\"Marzec zaczynamy wydarzeniem szczeg\u00f3lnym dla wszystkich Mi\u0142o\u015bnik\u00f3w kot\u00f3w &#8211; ju\u017c w najbli\u017cszy weekend spotkamy si\u0119 we wroc\u0142awskiej Hali Stulecia na Mi\u0119dzynarodowej Wystawie Kot\u00f3w Rasowych. To b\u0119dzie wyj\u0105tkowa okazja, by podziwia\u0107 rozmaite rasy kot\u00f3w m.in. burmskie, bengalskie, najwi\u0119ksze p\u00f3\u0142nocnoameryka\u0144skie Main Coon, syjamskie i wiele innych orientalnych ras. Wystawa to r\u00f3wnie\u017c sposobno\u015b\u0107 do spotkania z za\u0142og\u0105 Acana [&hellip;]\" \/>\n<meta property=\"og:url\" content=\"https:\/\/acana.com.pl\/karma\/miedzynarodowa-wystawa-kotow-rasowych-wroclaw-3-4-marca-2018\/\" \/>\n<meta property=\"og:site_name\" content=\"Blog Acana Polska\" \/>\n<meta property=\"article:publisher\" content=\"https:\/\/www.facebook.com\/acanapolska\/\" \/>\n<meta property=\"article:published_time\" content=\"2018-03-01T12:06:03+00:00\" \/>\n<meta property=\"article:modified_time\" content=\"2021-09-30T07:26:15+00:00\" \/>\n<meta property=\"og:image\" content=\"https:\/\/acana.com.pl\/karma\/wp-content\/uploads\/2018\/02\/Wystawa-Koty.jpg\" \/>\n\t<meta property=\"og:image:width\" content=\"1213\" \/>\n\t<meta property=\"og:image:height\" content=\"537\" \/>\n\t<meta property=\"og:image:type\" content=\"image\/jpeg\" \/>\n<meta name=\"author\" content=\"Emilia\" \/>\n<meta name=\"twitter:card\" content=\"summary_large_image\" \/>\n<meta name=\"twitter:label1\" content=\"Napisane przez\" \/>\n\t<meta name=\"twitter:data1\" content=\"Emilia\" \/>\n\t<meta name=\"twitter:label2\" content=\"Szacowany czas czytania\" \/>\n\t<meta name=\"twitter:data2\" content=\"1 minuta\" \/>\n<script type=\"application\/ld+json\" class=\"yoast-schema-graph\">{\"@context\":\"https:\\\/\\\/schema.org\",\"@graph\":[{\"@type\":\"Article\",\"@id\":\"https:\\\/\\\/acana.com.pl\\\/karma\\\/miedzynarodowa-wystawa-kotow-rasowych-wroclaw-3-4-marca-2018\\\/#article\",\"isPartOf\":{\"@id\":\"https:\\\/\\\/acana.com.pl\\\/karma\\\/miedzynarodowa-wystawa-kotow-rasowych-wroclaw-3-4-marca-2018\\\/\"},\"author\":{\"name\":\"Emilia\",\"@id\":\"https:\\\/\\\/acana.com.pl\\\/karma\\\/#\\\/schema\\\/person\\\/9b7647a5093c13bf3f8008dd9ae4f9bb\"},\"headline\":\"Mi\u0119dzynarodowa Wystawa Kot\u00f3w Rasowych, Wroc\u0142aw 3-4 marca 2018\",\"datePublished\":\"2018-03-01T12:06:03+00:00\",\"dateModified\":\"2021-09-30T07:26:15+00:00\",\"mainEntityOfPage\":{\"@id\":\"https:\\\/\\\/acana.com.pl\\\/karma\\\/miedzynarodowa-wystawa-kotow-rasowych-wroclaw-3-4-marca-2018\\\/\"},\"wordCount\":205,\"publisher\":{\"@id\":\"https:\\\/\\\/acana.com.pl\\\/karma\\\/#organization\"},\"image\":{\"@id\":\"https:\\\/\\\/acana.com.pl\\\/karma\\\/miedzynarodowa-wystawa-kotow-rasowych-wroclaw-3-4-marca-2018\\\/#primaryimage\"},\"thumbnailUrl\":\"https:\\\/\\\/acana.com.pl\\\/karma\\\/wp-content\\\/uploads\\\/2018\\\/02\\\/Wystawa-Koty.jpg\",\"keywords\":[\"Acana\",\"Acana Polska\",\"biologicznie odpowiednie\",\"biologicznie odpowiednie jedzenie\",\"EKSKLUZYWNA KARMA\",\"karma z mi\u0119sem\",\"lawendowe woreczki\",\"NAJLEPSZA KARMA\",\"Najlepsza karma dla kota\",\"najlepsza karma dla kot\u00f3w\",\"orijen\",\"poop bags earth rated\",\"smakowia karma dla kota\",\"wystawa mi\u0119dzynarodowa\",\"zdrowa karma dla kota\"],\"articleSection\":[\"Aktualno\u015bci\"],\"inLanguage\":\"pl-PL\"},{\"@type\":\"WebPage\",\"@id\":\"https:\\\/\\\/acana.com.pl\\\/karma\\\/miedzynarodowa-wystawa-kotow-rasowych-wroclaw-3-4-marca-2018\\\/\",\"url\":\"https:\\\/\\\/acana.com.pl\\\/karma\\\/miedzynarodowa-wystawa-kotow-rasowych-wroclaw-3-4-marca-2018\\\/\",\"name\":\"Mi\u0119dzynarodowa Wystawa Kot\u00f3w Rasowych, Wroc\u0142aw 3-4 marca 2018 - Blog Acana Polska\",\"isPartOf\":{\"@id\":\"https:\\\/\\\/acana.com.pl\\\/karma\\\/#website\"},\"primaryImageOfPage\":{\"@id\":\"https:\\\/\\\/acana.com.pl\\\/karma\\\/miedzynarodowa-wystawa-kotow-rasowych-wroclaw-3-4-marca-2018\\\/#primaryimage\"},\"image\":{\"@id\":\"https:\\\/\\\/acana.com.pl\\\/karma\\\/miedzynarodowa-wystawa-kotow-rasowych-wroclaw-3-4-marca-2018\\\/#primaryimage\"},\"thumbnailUrl\":\"https:\\\/\\\/acana.com.pl\\\/karma\\\/wp-content\\\/uploads\\\/2018\\\/02\\\/Wystawa-Koty.jpg\",\"datePublished\":\"2018-03-01T12:06:03+00:00\",\"dateModified\":\"2021-09-30T07:26:15+00:00\",\"breadcrumb\":{\"@id\":\"https:\\\/\\\/acana.com.pl\\\/karma\\\/miedzynarodowa-wystawa-kotow-rasowych-wroclaw-3-4-marca-2018\\\/#breadcrumb\"},\"inLanguage\":\"pl-PL\",\"potentialAction\":[{\"@type\":\"ReadAction\",\"target\":[\"https:\\\/\\\/acana.com.pl\\\/karma\\\/miedzynarodowa-wystawa-kotow-rasowych-wroclaw-3-4-marca-2018\\\/\"]}]},{\"@type\":\"ImageObject\",\"inLanguage\":\"pl-PL\",\"@id\":\"https:\\\/\\\/acana.com.pl\\\/karma\\\/miedzynarodowa-wystawa-kotow-rasowych-wroclaw-3-4-marca-2018\\\/#primaryimage\",\"url\":\"https:\\\/\\\/acana.com.pl\\\/karma\\\/wp-content\\\/uploads\\\/2018\\\/02\\\/Wystawa-Koty.jpg\",\"contentUrl\":\"https:\\\/\\\/acana.com.pl\\\/karma\\\/wp-content\\\/uploads\\\/2018\\\/02\\\/Wystawa-Koty.jpg\",\"width\":1213,\"height\":537,\"caption\":\"Wystawa kocia\"},{\"@type\":\"BreadcrumbList\",\"@id\":\"https:\\\/\\\/acana.com.pl\\\/karma\\\/miedzynarodowa-wystawa-kotow-rasowych-wroclaw-3-4-marca-2018\\\/#breadcrumb\",\"itemListElement\":[{\"@type\":\"ListItem\",\"position\":1,\"name\":\"Strona g\u0142\u00f3wna\",\"item\":\"https:\\\/\\\/acana.com.pl\\\/karma\\\/\"},{\"@type\":\"ListItem\",\"position\":2,\"name\":\"Mi\u0119dzynarodowa Wystawa Kot\u00f3w Rasowych, Wroc\u0142aw 3-4 marca 2018\"}]},{\"@type\":\"WebSite\",\"@id\":\"https:\\\/\\\/acana.com.pl\\\/karma\\\/#website\",\"url\":\"https:\\\/\\\/acana.com.pl\\\/karma\\\/\",\"name\":\"Blog Acana Polska\",\"description\":\"\",\"publisher\":{\"@id\":\"https:\\\/\\\/acana.com.pl\\\/karma\\\/#organization\"},\"potentialAction\":[{\"@type\":\"SearchAction\",\"target\":{\"@type\":\"EntryPoint\",\"urlTemplate\":\"https:\\\/\\\/acana.com.pl\\\/karma\\\/?s={search_term_string}\"},\"query-input\":{\"@type\":\"PropertyValueSpecification\",\"valueRequired\":true,\"valueName\":\"search_term_string\"}}],\"inLanguage\":\"pl-PL\"},{\"@type\":\"Organization\",\"@id\":\"https:\\\/\\\/acana.com.pl\\\/karma\\\/#organization\",\"name\":\"ACANA POLSKA Sp. z o.o. Sp. K.\",\"url\":\"https:\\\/\\\/acana.com.pl\\\/karma\\\/\",\"logo\":{\"@type\":\"ImageObject\",\"inLanguage\":\"pl-PL\",\"@id\":\"https:\\\/\\\/acana.com.pl\\\/karma\\\/#\\\/schema\\\/logo\\\/image\\\/\",\"url\":\"https:\\\/\\\/acana.com.pl\\\/karma\\\/wp-content\\\/uploads\\\/2018\\\/02\\\/logo-Acana-1.png\",\"contentUrl\":\"https:\\\/\\\/acana.com.pl\\\/karma\\\/wp-content\\\/uploads\\\/2018\\\/02\\\/logo-Acana-1.png\",\"width\":154,\"height\":74,\"caption\":\"ACANA POLSKA Sp. z o.o. Sp. K.\"},\"image\":{\"@id\":\"https:\\\/\\\/acana.com.pl\\\/karma\\\/#\\\/schema\\\/logo\\\/image\\\/\"},\"sameAs\":[\"https:\\\/\\\/www.facebook.com\\\/acanapolska\\\/\"]},{\"@type\":\"Person\",\"@id\":\"https:\\\/\\\/acana.com.pl\\\/karma\\\/#\\\/schema\\\/person\\\/9b7647a5093c13bf3f8008dd9ae4f9bb\",\"name\":\"Emilia\",\"image\":{\"@type\":\"ImageObject\",\"inLanguage\":\"pl-PL\",\"@id\":\"https:\\\/\\\/secure.gravatar.com\\\/avatar\\\/8488698a6d9cc9de165f71e85f88200aeff70322729e46256508cfa1287ee4f4?s=96&d=mm&r=g\",\"url\":\"https:\\\/\\\/secure.gravatar.com\\\/avatar\\\/8488698a6d9cc9de165f71e85f88200aeff70322729e46256508cfa1287ee4f4?s=96&d=mm&r=g\",\"contentUrl\":\"https:\\\/\\\/secure.gravatar.com\\\/avatar\\\/8488698a6d9cc9de165f71e85f88200aeff70322729e46256508cfa1287ee4f4?s=96&d=mm&r=g\",\"caption\":\"Emilia\"},\"url\":\"https:\\\/\\\/acana.com.pl\\\/karma\\\/author\\\/patrycja\\\/\"}]}<\/script>\n<!-- \/ Yoast SEO Premium plugin. -->","yoast_head_json":{"title":"Mi\u0119dzynarodowa Wystawa Kot\u00f3w Rasowych, Wroc\u0142aw 3-4 marca 2018 - Blog Acana Polska","robots":{"index":"index","follow":"follow","max-snippet":"max-snippet:-1","max-image-preview":"max-image-preview:large","max-video-preview":"max-video-preview:-1"},"canonical":"https:\/\/acana.com.pl\/karma\/miedzynarodowa-wystawa-kotow-rasowych-wroclaw-3-4-marca-2018\/","og_locale":"pl_PL","og_type":"article","og_title":"Mi\u0119dzynarodowa Wystawa Kot\u00f3w Rasowych, Wroc\u0142aw 3-4 marca 2018","og_description":"Marzec zaczynamy wydarzeniem szczeg\u00f3lnym dla wszystkich Mi\u0142o\u015bnik\u00f3w kot\u00f3w &#8211; ju\u017c w najbli\u017cszy weekend spotkamy si\u0119 we wroc\u0142awskiej Hali Stulecia na Mi\u0119dzynarodowej Wystawie Kot\u00f3w Rasowych. To b\u0119dzie wyj\u0105tkowa okazja, by podziwia\u0107 rozmaite rasy kot\u00f3w m.in. burmskie, bengalskie, najwi\u0119ksze p\u00f3\u0142nocnoameryka\u0144skie Main Coon, syjamskie i wiele innych orientalnych ras. Wystawa to r\u00f3wnie\u017c sposobno\u015b\u0107 do spotkania z za\u0142og\u0105 Acana [&hellip;]","og_url":"https:\/\/acana.com.pl\/karma\/miedzynarodowa-wystawa-kotow-rasowych-wroclaw-3-4-marca-2018\/","og_site_name":"Blog Acana Polska","article_publisher":"https:\/\/www.facebook.com\/acanapolska\/","article_published_time":"2018-03-01T12:06:03+00:00","article_modified_time":"2021-09-30T07:26:15+00:00","og_image":[{"width":1213,"height":537,"url":"https:\/\/acana.com.pl\/karma\/wp-content\/uploads\/2018\/02\/Wystawa-Koty.jpg","type":"image\/jpeg"}],"author":"Emilia","twitter_card":"summary_large_image","twitter_misc":{"Napisane przez":"Emilia","Szacowany czas czytania":"1 minuta"},"schema":{"@context":"https:\/\/schema.org","@graph":[{"@type":"Article","@id":"https:\/\/acana.com.pl\/karma\/miedzynarodowa-wystawa-kotow-rasowych-wroclaw-3-4-marca-2018\/#article","isPartOf":{"@id":"https:\/\/acana.com.pl\/karma\/miedzynarodowa-wystawa-kotow-rasowych-wroclaw-3-4-marca-2018\/"},"author":{"name":"Emilia","@id":"https:\/\/acana.com.pl\/karma\/#\/schema\/person\/9b7647a5093c13bf3f8008dd9ae4f9bb"},"headline":"Mi\u0119dzynarodowa Wystawa Kot\u00f3w Rasowych, Wroc\u0142aw 3-4 marca 2018","datePublished":"2018-03-01T12:06:03+00:00","dateModified":"2021-09-30T07:26:15+00:00","mainEntityOfPage":{"@id":"https:\/\/acana.com.pl\/karma\/miedzynarodowa-wystawa-kotow-rasowych-wroclaw-3-4-marca-2018\/"},"wordCount":205,"publisher":{"@id":"https:\/\/acana.com.pl\/karma\/#organization"},"image":{"@id":"https:\/\/acana.com.pl\/karma\/miedzynarodowa-wystawa-kotow-rasowych-wroclaw-3-4-marca-2018\/#primaryimage"},"thumbnailUrl":"https:\/\/acana.com.pl\/karma\/wp-content\/uploads\/2018\/02\/Wystawa-Koty.jpg","keywords":["Acana","Acana Polska","biologicznie odpowiednie","biologicznie odpowiednie jedzenie","EKSKLUZYWNA KARMA","karma z mi\u0119sem","lawendowe woreczki","NAJLEPSZA KARMA","Najlepsza karma dla kota","najlepsza karma dla kot\u00f3w","orijen","poop bags earth rated","smakowia karma dla kota","wystawa mi\u0119dzynarodowa","zdrowa karma dla kota"],"articleSection":["Aktualno\u015bci"],"inLanguage":"pl-PL"},{"@type":"WebPage","@id":"https:\/\/acana.com.pl\/karma\/miedzynarodowa-wystawa-kotow-rasowych-wroclaw-3-4-marca-2018\/","url":"https:\/\/acana.com.pl\/karma\/miedzynarodowa-wystawa-kotow-rasowych-wroclaw-3-4-marca-2018\/","name":"Mi\u0119dzynarodowa Wystawa Kot\u00f3w Rasowych, Wroc\u0142aw 3-4 marca 2018 - Blog Acana Polska","isPartOf":{"@id":"https:\/\/acana.com.pl\/karma\/#website"},"primaryImageOfPage":{"@id":"https:\/\/acana.com.pl\/karma\/miedzynarodowa-wystawa-kotow-rasowych-wroclaw-3-4-marca-2018\/#primaryimage"},"image":{"@id":"https:\/\/acana.com.pl\/karma\/miedzynarodowa-wystawa-kotow-rasowych-wroclaw-3-4-marca-2018\/#primaryimage"},"thumbnailUrl":"https:\/\/acana.com.pl\/karma\/wp-content\/uploads\/2018\/02\/Wystawa-Koty.jpg","datePublished":"2018-03-01T12:06:03+00:00","dateModified":"2021-09-30T07:26:15+00:00","breadcrumb":{"@id":"https:\/\/acana.com.pl\/karma\/miedzynarodowa-wystawa-kotow-rasowych-wroclaw-3-4-marca-2018\/#breadcrumb"},"inLanguage":"pl-PL","potentialAction":[{"@type":"ReadAction","target":["https:\/\/acana.com.pl\/karma\/miedzynarodowa-wystawa-kotow-rasowych-wroclaw-3-4-marca-2018\/"]}]},{"@type":"ImageObject","inLanguage":"pl-PL","@id":"https:\/\/acana.com.pl\/karma\/miedzynarodowa-wystawa-kotow-rasowych-wroclaw-3-4-marca-2018\/#primaryimage","url":"https:\/\/acana.com.pl\/karma\/wp-content\/uploads\/2018\/02\/Wystawa-Koty.jpg","contentUrl":"https:\/\/acana.com.pl\/karma\/wp-content\/uploads\/2018\/02\/Wystawa-Koty.jpg","width":1213,"height":537,"caption":"Wystawa kocia"},{"@type":"BreadcrumbList","@id":"https:\/\/acana.com.pl\/karma\/miedzynarodowa-wystawa-kotow-rasowych-wroclaw-3-4-marca-2018\/#breadcrumb","itemListElement":[{"@type":"ListItem","position":1,"name":"Strona g\u0142\u00f3wna","item":"https:\/\/acana.com.pl\/karma\/"},{"@type":"ListItem","position":2,"name":"Mi\u0119dzynarodowa Wystawa Kot\u00f3w Rasowych, Wroc\u0142aw 3-4 marca 2018"}]},{"@type":"WebSite","@id":"https:\/\/acana.com.pl\/karma\/#website","url":"https:\/\/acana.com.pl\/karma\/","name":"Blog Acana Polska","description":"","publisher":{"@id":"https:\/\/acana.com.pl\/karma\/#organization"},"potentialAction":[{"@type":"SearchAction","target":{"@type":"EntryPoint","urlTemplate":"https:\/\/acana.com.pl\/karma\/?s={search_term_string}"},"query-input":{"@type":"PropertyValueSpecification","valueRequired":true,"valueName":"search_term_string"}}],"inLanguage":"pl-PL"},{"@type":"Organization","@id":"https:\/\/acana.com.pl\/karma\/#organization","name":"ACANA POLSKA Sp. z o.o. Sp. K.","url":"https:\/\/acana.com.pl\/karma\/","logo":{"@type":"ImageObject","inLanguage":"pl-PL","@id":"https:\/\/acana.com.pl\/karma\/#\/schema\/logo\/image\/","url":"https:\/\/acana.com.pl\/karma\/wp-content\/uploads\/2018\/02\/logo-Acana-1.png","contentUrl":"https:\/\/acana.com.pl\/karma\/wp-content\/uploads\/2018\/02\/logo-Acana-1.png","width":154,"height":74,"caption":"ACANA POLSKA Sp. z o.o. Sp. K."},"image":{"@id":"https:\/\/acana.com.pl\/karma\/#\/schema\/logo\/image\/"},"sameAs":["https:\/\/www.facebook.com\/acanapolska\/"]},{"@type":"Person","@id":"https:\/\/acana.com.pl\/karma\/#\/schema\/person\/9b7647a5093c13bf3f8008dd9ae4f9bb","name":"Emilia","image":{"@type":"ImageObject","inLanguage":"pl-PL","@id":"https:\/\/secure.gravatar.com\/avatar\/8488698a6d9cc9de165f71e85f88200aeff70322729e46256508cfa1287ee4f4?s=96&d=mm&r=g","url":"https:\/\/secure.gravatar.com\/avatar\/8488698a6d9cc9de165f71e85f88200aeff70322729e46256508cfa1287ee4f4?s=96&d=mm&r=g","contentUrl":"https:\/\/secure.gravatar.com\/avatar\/8488698a6d9cc9de165f71e85f88200aeff70322729e46256508cfa1287ee4f4?s=96&d=mm&r=g","caption":"Emilia"},"url":"https:\/\/acana.com.pl\/karma\/author\/patrycja\/"}]}},"_links":{"self":[{"href":"https:\/\/acana.com.pl\/karma\/wp-json\/wp\/v2\/posts\/7407","targetHints":{"allow":["GET"]}}],"collection":[{"href":"https:\/\/acana.com.pl\/karma\/wp-json\/wp\/v2\/posts"}],"about":[{"href":"https:\/\/acana.com.pl\/karma\/wp-json\/wp\/v2\/types\/post"}],"author":[{"embeddable":true,"href":"https:\/\/acana.com.pl\/karma\/wp-json\/wp\/v2\/users\/9"}],"replies":[{"embeddable":true,"href":"https:\/\/acana.com.pl\/karma\/wp-json\/wp\/v2\/comments?post=7407"}],"version-history":[{"count":0,"href":"https:\/\/acana.com.pl\/karma\/wp-json\/wp\/v2\/posts\/7407\/revisions"}],"wp:featuredmedia":[{"embeddable":true,"href":"https:\/\/acana.com.pl\/karma\/wp-json\/wp\/v2\/media\/7533"}],"wp:attachment":[{"href":"https:\/\/acana.com.pl\/karma\/wp-json\/wp\/v2\/media?parent=7407"}],"wp:term":[{"taxonomy":"category","embeddable":true,"href":"https:\/\/acana.com.pl\/karma\/wp-json\/wp\/v2\/categories?post=7407"},{"taxonomy":"post_tag","embeddable":true,"href":"https:\/\/acana.com.pl\/karma\/wp-json\/wp\/v2\/tags?post=7407"}],"curies":[{"name":"wp","href":"https:\/\/api.w.org\/{rel}","templated":true}]}}