{"id":8475,"date":"2018-07-31T10:16:04","date_gmt":"2018-07-31T08:16:04","guid":{"rendered":"http:\/\/acana.com.pl\/karma\/?p=8475"},"modified":"2021-09-30T09:16:46","modified_gmt":"2021-09-30T07:16:46","slug":"xxvii-i-xxviii-miedzynarodowa-wystawa-psow-rasowych-w-sopocie","status":"publish","type":"post","link":"https:\/\/acana.com.pl\/karma\/xxvii-i-xxviii-miedzynarodowa-wystawa-psow-rasowych-w-sopocie\/","title":{"rendered":"XXVII i XXVIII Mi\u0119dzynarodowa Wystawa Ps\u00f3w Rasowych w Sopocie"},"content":{"rendered":"<p style=\"text-align: justify;\">Ju\u017c najbli\u017cszy weekend, od 4 do 5 sierpnia, za\u0142oga Acana Polska sp\u0119dzi z Mi\u0142o\u015bnikami ps\u00f3w przy okazji Mi\u0119dzynarodowej Wystawy Ps\u00f3w Rasowych w Sopocie. Na Hipodromie stawi\u0105 si\u0119 do dyspozycji nasi Biologicznie Odpowiedni eksperci, kt\u00f3rzy zawsze s\u0105 ch\u0119tni i gotowi do opowiadania o najlepszym na \u015bwiecie jedzeniu dla Twojego psa&nbsp;<a href=\"https:\/\/acana.com.pl\/karma\/nasze-marki\/acana\/\">ACANA<\/a> i <a href=\"https:\/\/acana.com.pl\/karma\/nasze-marki\/orijen\/\">ORIJEN.&nbsp;<\/a>W naszym Biologicznie Odpowiednim stoisku Tw\u00f3j pies r\u00f3wnie\u017c znajdzie wyj\u0105tkowe mokre karmy Evanger\u2019s, kt\u00f3rych receptura bazuje na 80-letniej tradycji dr. Freda Evangera. Nie zabraknie te\u017c naszych wy\u015bmienitych mi\u0119snych ciastek Meat Hit, kt\u00f3re sprawdz\u0105 si\u0119 idealnie jako nagroda dla Twojego championa. Poza tym mo\u017cesz sprawdzi\u0107 patent na bezpieczny i komfortowy spacer ze swoim czworonogiem &#8211; szelki, obro\u017ce i smycze Patento Pet b\u0119d\u0105 czeka\u0142y na Was! Zapozna\u0142e\u015b ju\u017c zwierzaka z synonimem udanej zabawy? Je\u015bli jeszcze nie, to nie zwlekaj! B\u0119dziemy mie\u0107 ze sob\u0105 szeroki wyb\u00f3r zabawek Jolly Pets! Chwy\u0107 Jolly Pets dysk i le\u0107 z psiakiem na pla\u017c\u0119:) Nie zapomnij wzi\u0105\u0107 ze sob\u0105 niezawodne woreczki na kupy od Eart Rated.<\/p>\n<p style=\"text-align: justify;\">Podejd\u017a do nas, zapytaj, a udzielimy Biologicznie Odpowiednich odpowiedzi. Zapraszamy!<\/p>\n<p style=\"text-align: justify;\">BO my te\u017c pragniemy, by zdrowie i kondycja Twojego psa zawsze by\u0142y na medal!<\/p>\n","protected":false},"excerpt":{"rendered":"<p>Ju\u017c najbli\u017cszy weekend, od 4 do 5 sierpnia, za\u0142oga Acana Polska sp\u0119dzi z Mi\u0142o\u015bnikami ps\u00f3w przy okazji Mi\u0119dzynarodowej Wystawy Ps\u00f3w Rasowych w Sopocie. Na Hipodromie stawi\u0105 si\u0119 do dyspozycji nasi Biologicznie Odpowiedni eksperci, kt\u00f3rzy zawsze s\u0105 ch\u0119tni i gotowi do opowiadania o najlepszym na \u015bwiecie jedzeniu dla Twojego psa&nbsp;ACANA i ORIJEN.&nbsp;W naszym Biologicznie Odpowiednim stoisku [&hellip;]<\/p>\n","protected":false},"author":9,"featured_media":8500,"comment_status":"closed","ping_status":"closed","sticky":false,"template":"","format":"standard","meta":{"_acf_changed":false,"_editorskit_title_hidden":false,"_editorskit_reading_time":0,"_editorskit_is_block_options_detached":false,"_editorskit_block_options_position":"{}","ngg_post_thumbnail":0,"footnotes":""},"categories":[2],"tags":[102,39,47,110,137,29,35,24,134,18,15,42,312,311],"class_list":["post-8475","post","type-post","status-publish","format-standard","has-post-thumbnail","hentry","category-aktualnosci","tag-acana-polska","tag-biologicznie-odpowiednie","tag-biologicznie-odpowiednie-jedzenie","tag-evangers","tag-jolly-pets","tag-karma-dla-pasa","tag-lawendowe-woreczki","tag-meat-hit","tag-miedzynarodowa-wystawa-psow-rasowych","tag-orijen","tag-patento-pet","tag-wystawa-miedzynarodowa","tag-wystawa-psow-sopot","tag-wystawa-sopot"],"acf":[],"yoast_head":"<!-- This site is optimized with the Yoast SEO Premium plugin v27.4 (Yoast SEO v27.5) - https:\/\/yoast.com\/product\/yoast-seo-premium-wordpress\/ -->\n<title>XXVII i XXVIII Mi\u0119dzynarodowa Wystawa Ps\u00f3w Rasowych w Sopocie - Blog Acana Polska<\/title>\n<meta name=\"robots\" content=\"index, follow, max-snippet:-1, max-image-preview:large, max-video-preview:-1\" \/>\n<link rel=\"canonical\" href=\"https:\/\/acana.com.pl\/karma\/xxvii-i-xxviii-miedzynarodowa-wystawa-psow-rasowych-w-sopocie\/\" \/>\n<meta property=\"og:locale\" content=\"pl_PL\" \/>\n<meta property=\"og:type\" content=\"article\" \/>\n<meta property=\"og:title\" content=\"XXVII i XXVIII Mi\u0119dzynarodowa Wystawa Ps\u00f3w Rasowych w Sopocie\" \/>\n<meta property=\"og:description\" content=\"Ju\u017c najbli\u017cszy weekend, od 4 do 5 sierpnia, za\u0142oga Acana Polska sp\u0119dzi z Mi\u0142o\u015bnikami ps\u00f3w przy okazji Mi\u0119dzynarodowej Wystawy Ps\u00f3w Rasowych w Sopocie. Na Hipodromie stawi\u0105 si\u0119 do dyspozycji nasi Biologicznie Odpowiedni eksperci, kt\u00f3rzy zawsze s\u0105 ch\u0119tni i gotowi do opowiadania o najlepszym na \u015bwiecie jedzeniu dla Twojego psa&nbsp;ACANA i ORIJEN.&nbsp;W naszym Biologicznie Odpowiednim stoisku [&hellip;]\" \/>\n<meta property=\"og:url\" content=\"https:\/\/acana.com.pl\/karma\/xxvii-i-xxviii-miedzynarodowa-wystawa-psow-rasowych-w-sopocie\/\" \/>\n<meta property=\"og:site_name\" content=\"Blog Acana Polska\" \/>\n<meta property=\"article:publisher\" content=\"https:\/\/www.facebook.com\/acanapolska\/\" \/>\n<meta property=\"article:published_time\" content=\"2018-07-31T08:16:04+00:00\" \/>\n<meta property=\"article:modified_time\" content=\"2021-09-30T07:16:46+00:00\" \/>\n<meta property=\"og:image\" content=\"https:\/\/acana.com.pl\/karma\/wp-content\/uploads\/2018\/07\/Sopot-aktualno\u015b\u0107.png\" \/>\n\t<meta property=\"og:image:width\" content=\"1213\" \/>\n\t<meta property=\"og:image:height\" content=\"537\" \/>\n\t<meta property=\"og:image:type\" content=\"image\/png\" \/>\n<meta name=\"author\" content=\"Emilia\" \/>\n<meta name=\"twitter:card\" content=\"summary_large_image\" \/>\n<meta name=\"twitter:label1\" content=\"Napisane przez\" \/>\n\t<meta name=\"twitter:data1\" content=\"Emilia\" \/>\n\t<meta name=\"twitter:label2\" content=\"Szacowany czas czytania\" \/>\n\t<meta name=\"twitter:data2\" content=\"1 minuta\" \/>\n<script type=\"application\/ld+json\" class=\"yoast-schema-graph\">{\"@context\":\"https:\\\/\\\/schema.org\",\"@graph\":[{\"@type\":\"Article\",\"@id\":\"https:\\\/\\\/acana.com.pl\\\/karma\\\/xxvii-i-xxviii-miedzynarodowa-wystawa-psow-rasowych-w-sopocie\\\/#article\",\"isPartOf\":{\"@id\":\"https:\\\/\\\/acana.com.pl\\\/karma\\\/xxvii-i-xxviii-miedzynarodowa-wystawa-psow-rasowych-w-sopocie\\\/\"},\"author\":{\"name\":\"Emilia\",\"@id\":\"https:\\\/\\\/acana.com.pl\\\/karma\\\/#\\\/schema\\\/person\\\/9b7647a5093c13bf3f8008dd9ae4f9bb\"},\"headline\":\"XXVII i XXVIII Mi\u0119dzynarodowa Wystawa Ps\u00f3w Rasowych w Sopocie\",\"datePublished\":\"2018-07-31T08:16:04+00:00\",\"dateModified\":\"2021-09-30T07:16:46+00:00\",\"mainEntityOfPage\":{\"@id\":\"https:\\\/\\\/acana.com.pl\\\/karma\\\/xxvii-i-xxviii-miedzynarodowa-wystawa-psow-rasowych-w-sopocie\\\/\"},\"wordCount\":222,\"publisher\":{\"@id\":\"https:\\\/\\\/acana.com.pl\\\/karma\\\/#organization\"},\"image\":{\"@id\":\"https:\\\/\\\/acana.com.pl\\\/karma\\\/xxvii-i-xxviii-miedzynarodowa-wystawa-psow-rasowych-w-sopocie\\\/#primaryimage\"},\"thumbnailUrl\":\"https:\\\/\\\/acana.com.pl\\\/karma\\\/wp-content\\\/uploads\\\/2018\\\/07\\\/Sopot-aktualno\u015b\u0107.png\",\"keywords\":[\"Acana Polska\",\"biologicznie odpowiednie\",\"biologicznie odpowiednie jedzenie\",\"Evanger's\",\"JOLLY PETS\",\"KARMA DLA PASA\",\"lawendowe woreczki\",\"meat hit\",\"Mi\u0119dzynarodowa Wystawa Ps\u00f3w Rasowych\",\"orijen\",\"patento pet\",\"wystawa mi\u0119dzynarodowa\",\"Wystawa ps\u00f3w Sopot\",\"Wystawa Sopot\"],\"articleSection\":[\"Aktualno\u015bci\"],\"inLanguage\":\"pl-PL\"},{\"@type\":\"WebPage\",\"@id\":\"https:\\\/\\\/acana.com.pl\\\/karma\\\/xxvii-i-xxviii-miedzynarodowa-wystawa-psow-rasowych-w-sopocie\\\/\",\"url\":\"https:\\\/\\\/acana.com.pl\\\/karma\\\/xxvii-i-xxviii-miedzynarodowa-wystawa-psow-rasowych-w-sopocie\\\/\",\"name\":\"XXVII i XXVIII Mi\u0119dzynarodowa Wystawa Ps\u00f3w Rasowych w Sopocie - Blog Acana Polska\",\"isPartOf\":{\"@id\":\"https:\\\/\\\/acana.com.pl\\\/karma\\\/#website\"},\"primaryImageOfPage\":{\"@id\":\"https:\\\/\\\/acana.com.pl\\\/karma\\\/xxvii-i-xxviii-miedzynarodowa-wystawa-psow-rasowych-w-sopocie\\\/#primaryimage\"},\"image\":{\"@id\":\"https:\\\/\\\/acana.com.pl\\\/karma\\\/xxvii-i-xxviii-miedzynarodowa-wystawa-psow-rasowych-w-sopocie\\\/#primaryimage\"},\"thumbnailUrl\":\"https:\\\/\\\/acana.com.pl\\\/karma\\\/wp-content\\\/uploads\\\/2018\\\/07\\\/Sopot-aktualno\u015b\u0107.png\",\"datePublished\":\"2018-07-31T08:16:04+00:00\",\"dateModified\":\"2021-09-30T07:16:46+00:00\",\"breadcrumb\":{\"@id\":\"https:\\\/\\\/acana.com.pl\\\/karma\\\/xxvii-i-xxviii-miedzynarodowa-wystawa-psow-rasowych-w-sopocie\\\/#breadcrumb\"},\"inLanguage\":\"pl-PL\",\"potentialAction\":[{\"@type\":\"ReadAction\",\"target\":[\"https:\\\/\\\/acana.com.pl\\\/karma\\\/xxvii-i-xxviii-miedzynarodowa-wystawa-psow-rasowych-w-sopocie\\\/\"]}]},{\"@type\":\"ImageObject\",\"inLanguage\":\"pl-PL\",\"@id\":\"https:\\\/\\\/acana.com.pl\\\/karma\\\/xxvii-i-xxviii-miedzynarodowa-wystawa-psow-rasowych-w-sopocie\\\/#primaryimage\",\"url\":\"https:\\\/\\\/acana.com.pl\\\/karma\\\/wp-content\\\/uploads\\\/2018\\\/07\\\/Sopot-aktualno\u015b\u0107.png\",\"contentUrl\":\"https:\\\/\\\/acana.com.pl\\\/karma\\\/wp-content\\\/uploads\\\/2018\\\/07\\\/Sopot-aktualno\u015b\u0107.png\",\"width\":1213,\"height\":537,\"caption\":\"Wystawa Sopot\"},{\"@type\":\"BreadcrumbList\",\"@id\":\"https:\\\/\\\/acana.com.pl\\\/karma\\\/xxvii-i-xxviii-miedzynarodowa-wystawa-psow-rasowych-w-sopocie\\\/#breadcrumb\",\"itemListElement\":[{\"@type\":\"ListItem\",\"position\":1,\"name\":\"Strona g\u0142\u00f3wna\",\"item\":\"https:\\\/\\\/acana.com.pl\\\/karma\\\/\"},{\"@type\":\"ListItem\",\"position\":2,\"name\":\"XXVII i XXVIII Mi\u0119dzynarodowa Wystawa Ps\u00f3w Rasowych w Sopocie\"}]},{\"@type\":\"WebSite\",\"@id\":\"https:\\\/\\\/acana.com.pl\\\/karma\\\/#website\",\"url\":\"https:\\\/\\\/acana.com.pl\\\/karma\\\/\",\"name\":\"Blog Acana Polska\",\"description\":\"\",\"publisher\":{\"@id\":\"https:\\\/\\\/acana.com.pl\\\/karma\\\/#organization\"},\"potentialAction\":[{\"@type\":\"SearchAction\",\"target\":{\"@type\":\"EntryPoint\",\"urlTemplate\":\"https:\\\/\\\/acana.com.pl\\\/karma\\\/?s={search_term_string}\"},\"query-input\":{\"@type\":\"PropertyValueSpecification\",\"valueRequired\":true,\"valueName\":\"search_term_string\"}}],\"inLanguage\":\"pl-PL\"},{\"@type\":\"Organization\",\"@id\":\"https:\\\/\\\/acana.com.pl\\\/karma\\\/#organization\",\"name\":\"ACANA POLSKA Sp. z o.o. Sp. K.\",\"url\":\"https:\\\/\\\/acana.com.pl\\\/karma\\\/\",\"logo\":{\"@type\":\"ImageObject\",\"inLanguage\":\"pl-PL\",\"@id\":\"https:\\\/\\\/acana.com.pl\\\/karma\\\/#\\\/schema\\\/logo\\\/image\\\/\",\"url\":\"https:\\\/\\\/acana.com.pl\\\/karma\\\/wp-content\\\/uploads\\\/2018\\\/02\\\/logo-Acana-1.png\",\"contentUrl\":\"https:\\\/\\\/acana.com.pl\\\/karma\\\/wp-content\\\/uploads\\\/2018\\\/02\\\/logo-Acana-1.png\",\"width\":154,\"height\":74,\"caption\":\"ACANA POLSKA Sp. z o.o. Sp. K.\"},\"image\":{\"@id\":\"https:\\\/\\\/acana.com.pl\\\/karma\\\/#\\\/schema\\\/logo\\\/image\\\/\"},\"sameAs\":[\"https:\\\/\\\/www.facebook.com\\\/acanapolska\\\/\"]},{\"@type\":\"Person\",\"@id\":\"https:\\\/\\\/acana.com.pl\\\/karma\\\/#\\\/schema\\\/person\\\/9b7647a5093c13bf3f8008dd9ae4f9bb\",\"name\":\"Emilia\",\"image\":{\"@type\":\"ImageObject\",\"inLanguage\":\"pl-PL\",\"@id\":\"https:\\\/\\\/secure.gravatar.com\\\/avatar\\\/8488698a6d9cc9de165f71e85f88200aeff70322729e46256508cfa1287ee4f4?s=96&d=mm&r=g\",\"url\":\"https:\\\/\\\/secure.gravatar.com\\\/avatar\\\/8488698a6d9cc9de165f71e85f88200aeff70322729e46256508cfa1287ee4f4?s=96&d=mm&r=g\",\"contentUrl\":\"https:\\\/\\\/secure.gravatar.com\\\/avatar\\\/8488698a6d9cc9de165f71e85f88200aeff70322729e46256508cfa1287ee4f4?s=96&d=mm&r=g\",\"caption\":\"Emilia\"},\"url\":\"https:\\\/\\\/acana.com.pl\\\/karma\\\/author\\\/patrycja\\\/\"}]}<\/script>\n<!-- \/ Yoast SEO Premium plugin. -->","yoast_head_json":{"title":"XXVII i XXVIII Mi\u0119dzynarodowa Wystawa Ps\u00f3w Rasowych w Sopocie - Blog Acana Polska","robots":{"index":"index","follow":"follow","max-snippet":"max-snippet:-1","max-image-preview":"max-image-preview:large","max-video-preview":"max-video-preview:-1"},"canonical":"https:\/\/acana.com.pl\/karma\/xxvii-i-xxviii-miedzynarodowa-wystawa-psow-rasowych-w-sopocie\/","og_locale":"pl_PL","og_type":"article","og_title":"XXVII i XXVIII Mi\u0119dzynarodowa Wystawa Ps\u00f3w Rasowych w Sopocie","og_description":"Ju\u017c najbli\u017cszy weekend, od 4 do 5 sierpnia, za\u0142oga Acana Polska sp\u0119dzi z Mi\u0142o\u015bnikami ps\u00f3w przy okazji Mi\u0119dzynarodowej Wystawy Ps\u00f3w Rasowych w Sopocie. Na Hipodromie stawi\u0105 si\u0119 do dyspozycji nasi Biologicznie Odpowiedni eksperci, kt\u00f3rzy zawsze s\u0105 ch\u0119tni i gotowi do opowiadania o najlepszym na \u015bwiecie jedzeniu dla Twojego psa&nbsp;ACANA i ORIJEN.&nbsp;W naszym Biologicznie Odpowiednim stoisku [&hellip;]","og_url":"https:\/\/acana.com.pl\/karma\/xxvii-i-xxviii-miedzynarodowa-wystawa-psow-rasowych-w-sopocie\/","og_site_name":"Blog Acana Polska","article_publisher":"https:\/\/www.facebook.com\/acanapolska\/","article_published_time":"2018-07-31T08:16:04+00:00","article_modified_time":"2021-09-30T07:16:46+00:00","og_image":[{"width":1213,"height":537,"url":"https:\/\/acana.com.pl\/karma\/wp-content\/uploads\/2018\/07\/Sopot-aktualno\u015b\u0107.png","type":"image\/png"}],"author":"Emilia","twitter_card":"summary_large_image","twitter_misc":{"Napisane przez":"Emilia","Szacowany czas czytania":"1 minuta"},"schema":{"@context":"https:\/\/schema.org","@graph":[{"@type":"Article","@id":"https:\/\/acana.com.pl\/karma\/xxvii-i-xxviii-miedzynarodowa-wystawa-psow-rasowych-w-sopocie\/#article","isPartOf":{"@id":"https:\/\/acana.com.pl\/karma\/xxvii-i-xxviii-miedzynarodowa-wystawa-psow-rasowych-w-sopocie\/"},"author":{"name":"Emilia","@id":"https:\/\/acana.com.pl\/karma\/#\/schema\/person\/9b7647a5093c13bf3f8008dd9ae4f9bb"},"headline":"XXVII i XXVIII Mi\u0119dzynarodowa Wystawa Ps\u00f3w Rasowych w Sopocie","datePublished":"2018-07-31T08:16:04+00:00","dateModified":"2021-09-30T07:16:46+00:00","mainEntityOfPage":{"@id":"https:\/\/acana.com.pl\/karma\/xxvii-i-xxviii-miedzynarodowa-wystawa-psow-rasowych-w-sopocie\/"},"wordCount":222,"publisher":{"@id":"https:\/\/acana.com.pl\/karma\/#organization"},"image":{"@id":"https:\/\/acana.com.pl\/karma\/xxvii-i-xxviii-miedzynarodowa-wystawa-psow-rasowych-w-sopocie\/#primaryimage"},"thumbnailUrl":"https:\/\/acana.com.pl\/karma\/wp-content\/uploads\/2018\/07\/Sopot-aktualno\u015b\u0107.png","keywords":["Acana Polska","biologicznie odpowiednie","biologicznie odpowiednie jedzenie","Evanger's","JOLLY PETS","KARMA DLA PASA","lawendowe woreczki","meat hit","Mi\u0119dzynarodowa Wystawa Ps\u00f3w Rasowych","orijen","patento pet","wystawa mi\u0119dzynarodowa","Wystawa ps\u00f3w Sopot","Wystawa Sopot"],"articleSection":["Aktualno\u015bci"],"inLanguage":"pl-PL"},{"@type":"WebPage","@id":"https:\/\/acana.com.pl\/karma\/xxvii-i-xxviii-miedzynarodowa-wystawa-psow-rasowych-w-sopocie\/","url":"https:\/\/acana.com.pl\/karma\/xxvii-i-xxviii-miedzynarodowa-wystawa-psow-rasowych-w-sopocie\/","name":"XXVII i XXVIII Mi\u0119dzynarodowa Wystawa Ps\u00f3w Rasowych w Sopocie - Blog Acana Polska","isPartOf":{"@id":"https:\/\/acana.com.pl\/karma\/#website"},"primaryImageOfPage":{"@id":"https:\/\/acana.com.pl\/karma\/xxvii-i-xxviii-miedzynarodowa-wystawa-psow-rasowych-w-sopocie\/#primaryimage"},"image":{"@id":"https:\/\/acana.com.pl\/karma\/xxvii-i-xxviii-miedzynarodowa-wystawa-psow-rasowych-w-sopocie\/#primaryimage"},"thumbnailUrl":"https:\/\/acana.com.pl\/karma\/wp-content\/uploads\/2018\/07\/Sopot-aktualno\u015b\u0107.png","datePublished":"2018-07-31T08:16:04+00:00","dateModified":"2021-09-30T07:16:46+00:00","breadcrumb":{"@id":"https:\/\/acana.com.pl\/karma\/xxvii-i-xxviii-miedzynarodowa-wystawa-psow-rasowych-w-sopocie\/#breadcrumb"},"inLanguage":"pl-PL","potentialAction":[{"@type":"ReadAction","target":["https:\/\/acana.com.pl\/karma\/xxvii-i-xxviii-miedzynarodowa-wystawa-psow-rasowych-w-sopocie\/"]}]},{"@type":"ImageObject","inLanguage":"pl-PL","@id":"https:\/\/acana.com.pl\/karma\/xxvii-i-xxviii-miedzynarodowa-wystawa-psow-rasowych-w-sopocie\/#primaryimage","url":"https:\/\/acana.com.pl\/karma\/wp-content\/uploads\/2018\/07\/Sopot-aktualno\u015b\u0107.png","contentUrl":"https:\/\/acana.com.pl\/karma\/wp-content\/uploads\/2018\/07\/Sopot-aktualno\u015b\u0107.png","width":1213,"height":537,"caption":"Wystawa Sopot"},{"@type":"BreadcrumbList","@id":"https:\/\/acana.com.pl\/karma\/xxvii-i-xxviii-miedzynarodowa-wystawa-psow-rasowych-w-sopocie\/#breadcrumb","itemListElement":[{"@type":"ListItem","position":1,"name":"Strona g\u0142\u00f3wna","item":"https:\/\/acana.com.pl\/karma\/"},{"@type":"ListItem","position":2,"name":"XXVII i XXVIII Mi\u0119dzynarodowa Wystawa Ps\u00f3w Rasowych w Sopocie"}]},{"@type":"WebSite","@id":"https:\/\/acana.com.pl\/karma\/#website","url":"https:\/\/acana.com.pl\/karma\/","name":"Blog Acana Polska","description":"","publisher":{"@id":"https:\/\/acana.com.pl\/karma\/#organization"},"potentialAction":[{"@type":"SearchAction","target":{"@type":"EntryPoint","urlTemplate":"https:\/\/acana.com.pl\/karma\/?s={search_term_string}"},"query-input":{"@type":"PropertyValueSpecification","valueRequired":true,"valueName":"search_term_string"}}],"inLanguage":"pl-PL"},{"@type":"Organization","@id":"https:\/\/acana.com.pl\/karma\/#organization","name":"ACANA POLSKA Sp. z o.o. Sp. K.","url":"https:\/\/acana.com.pl\/karma\/","logo":{"@type":"ImageObject","inLanguage":"pl-PL","@id":"https:\/\/acana.com.pl\/karma\/#\/schema\/logo\/image\/","url":"https:\/\/acana.com.pl\/karma\/wp-content\/uploads\/2018\/02\/logo-Acana-1.png","contentUrl":"https:\/\/acana.com.pl\/karma\/wp-content\/uploads\/2018\/02\/logo-Acana-1.png","width":154,"height":74,"caption":"ACANA POLSKA Sp. z o.o. Sp. K."},"image":{"@id":"https:\/\/acana.com.pl\/karma\/#\/schema\/logo\/image\/"},"sameAs":["https:\/\/www.facebook.com\/acanapolska\/"]},{"@type":"Person","@id":"https:\/\/acana.com.pl\/karma\/#\/schema\/person\/9b7647a5093c13bf3f8008dd9ae4f9bb","name":"Emilia","image":{"@type":"ImageObject","inLanguage":"pl-PL","@id":"https:\/\/secure.gravatar.com\/avatar\/8488698a6d9cc9de165f71e85f88200aeff70322729e46256508cfa1287ee4f4?s=96&d=mm&r=g","url":"https:\/\/secure.gravatar.com\/avatar\/8488698a6d9cc9de165f71e85f88200aeff70322729e46256508cfa1287ee4f4?s=96&d=mm&r=g","contentUrl":"https:\/\/secure.gravatar.com\/avatar\/8488698a6d9cc9de165f71e85f88200aeff70322729e46256508cfa1287ee4f4?s=96&d=mm&r=g","caption":"Emilia"},"url":"https:\/\/acana.com.pl\/karma\/author\/patrycja\/"}]}},"_links":{"self":[{"href":"https:\/\/acana.com.pl\/karma\/wp-json\/wp\/v2\/posts\/8475","targetHints":{"allow":["GET"]}}],"collection":[{"href":"https:\/\/acana.com.pl\/karma\/wp-json\/wp\/v2\/posts"}],"about":[{"href":"https:\/\/acana.com.pl\/karma\/wp-json\/wp\/v2\/types\/post"}],"author":[{"embeddable":true,"href":"https:\/\/acana.com.pl\/karma\/wp-json\/wp\/v2\/users\/9"}],"replies":[{"embeddable":true,"href":"https:\/\/acana.com.pl\/karma\/wp-json\/wp\/v2\/comments?post=8475"}],"version-history":[{"count":0,"href":"https:\/\/acana.com.pl\/karma\/wp-json\/wp\/v2\/posts\/8475\/revisions"}],"wp:featuredmedia":[{"embeddable":true,"href":"https:\/\/acana.com.pl\/karma\/wp-json\/wp\/v2\/media\/8500"}],"wp:attachment":[{"href":"https:\/\/acana.com.pl\/karma\/wp-json\/wp\/v2\/media?parent=8475"}],"wp:term":[{"taxonomy":"category","embeddable":true,"href":"https:\/\/acana.com.pl\/karma\/wp-json\/wp\/v2\/categories?post=8475"},{"taxonomy":"post_tag","embeddable":true,"href":"https:\/\/acana.com.pl\/karma\/wp-json\/wp\/v2\/tags?post=8475"}],"curies":[{"name":"wp","href":"https:\/\/api.w.org\/{rel}","templated":true}]}}