{"id":8937,"date":"2018-10-09T15:43:47","date_gmt":"2018-10-09T13:43:47","guid":{"rendered":"http:\/\/acana.com.pl\/karma\/?p=8937"},"modified":"2018-10-10T13:38:37","modified_gmt":"2018-10-10T11:38:37","slug":"acana-polska-na-euro-dog-show-2018","status":"publish","type":"post","link":"https:\/\/acana.com.pl\/karma\/acana-polska-na-euro-dog-show-2018\/","title":{"rendered":"Acana Polska na Euro Dog Show 2018"},"content":{"rendered":"<p style=\"text-align: justify;\">Przed nami 4 emocjonuj\u0105ce dni &#8211; w tym tygodniu wyruszamy na <a href=\"https:\/\/www.eurodogshow2018.pl\/\">Euro Dog Show<\/a>&nbsp; &#8211; Europejsk\u0105 Wystaw\u0119 Ps\u00f3w Rasowych, organizowan\u0105 w Ptak Warsaw Expo. Od 11 do 14 pa\u017adziernika szykuje si\u0119 \u015bwi\u0119to wszystkich Mi\u0142o\u015bnik\u00f3w ps\u00f3w, a my po\u015br\u00f3d Nich w Biologicznie Odpowiednim sk\u0142adzie. Euro Dog Show jest wyj\u0105tkowym punktem na mapie wydarze\u0144 kynologicznych &#8211; ponad 20 tysi\u0119cy ps\u00f3w, 340 ras z 61 kraj\u00f3w \u015bwiata na 143 000 metr\u00f3w kwadratowych powierzchni Wystawy. Znacz\u0105cym akcentem Imprezy jest osiemdziesi\u0119ciolecie istnienia <a href=\"http:\/\/www.zkwp.pl\/\">Zwi\u0105zku Kynologicznego<\/a> w Polsce.&nbsp;<\/p>\n<p style=\"text-align: justify;\">Specjalnie na t\u0119 wyj\u0105tkow\u0105 okazj\u0119 szykujemy nasze&nbsp;stoisko w niebanalnej ods\u0142onie tak, by by\u0142o atrakcyjne zar\u00f3wno dla czworonog\u00f3w, jak i ich W\u0142a\u015bcicieli. Koniecznie musisz zobaczy\u0107 co przyszykowali\u015bmy dla Ciebie i Twojego Pupila.&nbsp;<\/p>\n<p>Co b\u0119dziemy mie\u0107 ze sob\u0105 dla ka\u017cdego psa? Same dobroci:<\/p>\n<ul>\n<li style=\"text-align: justify;\">Biologicznie Odpowiedniej Jedzenie <a href=\"https:\/\/acana.com.pl\/karma\/nasze-marki\/acana\/\">ACANA<\/a> i ORIJEN &#8211; stworzone w zgodzie z natur\u0105 ps\u00f3w<\/li>\n<li style=\"text-align: justify;\">Liofilizowane przysmaki ACANA i <a href=\"https:\/\/acana.com.pl\/karma\/nasze-marki\/orijen\/\">ORIJEN<\/a> &#8211; bogactwo natury zamkni\u0119te w rozmaitych formu\u0142ach<\/li>\n<li style=\"text-align: justify;\">Soczyste i aromatyczne mokre karmy&nbsp;<a href=\"https:\/\/acana.com.pl\/karma\/nasze-marki\/evangers\/\">Evanger&#8217;s<\/a> &#8211; wy\u015bmienite dania z menu dr. Freda Evangera&nbsp;<\/li>\n<li style=\"text-align: justify;\">Mi\u0119sne ciastka<a href=\"https:\/\/acana.com.pl\/karma\/nasze-marki\/meat-hit\/\"> Meat Hit<\/a> &#8211; zdrowa i smaczna nagroda dla ka\u017cdego championa<\/li>\n<li style=\"text-align: justify;\">Psie zabawki <a href=\"https:\/\/acana.com.pl\/karma\/nasze-marki\/jolly-pets\/\">Jolly Pets<\/a> &#8211; gwarancja merdania ogonem<\/li>\n<li style=\"text-align: justify;\">Super wytrzyma\u0142e woreczki na psie kupy <a href=\"https:\/\/acana.com.pl\/karma\/nasze-marki\/earth-rated\/\">Earth Rated<\/a> &#8211; sta\u0142y element spacerowego niezb\u0119dnika&nbsp;<\/li>\n<li style=\"text-align: justify;\">Smycze, szelki i smycze <a href=\"https:\/\/acana.com.pl\/karma\/nasze-marki\/patento-pet\/\">Patento Pet<\/a> &#8211; patent na wygodny i bezpieczny spacer<\/li>\n<\/ul>\n<p>oraz&#8230;porady, u\u015bmiech i pozytywn\u0105 energi\u0119 naszego Biologicznie Odpowiedniego Teamu!<\/p>\n<p style=\"text-align: justify;\">Ju\u017c nie mo\u017cemy doczeka\u0107 si\u0119 spotkania z ka\u017cdym Mi\u0142o\u015bnikiem ps\u00f3w i Jego czworono\u017cnym kompanem!&nbsp;<\/p>\n<p>B\u0105d\u017a tam z nami &#8211; <a href=\"https:\/\/www.eurodogshow2018.pl\/\">EURO DOG SHOW<\/a> 11-14 pa\u017adziernika!&nbsp;<\/p>\n<p>Ptak Warsaw Expo&nbsp;&nbsp;&#8211;&nbsp;<span class=\"LrzXr\">Aleja Katowicka 62, Nadarzyn.&nbsp;<\/span><\/p>\n<p>&nbsp;<\/p>\n","protected":false},"excerpt":{"rendered":"<p>Przed nami 4 emocjonuj\u0105ce dni &#8211; w tym tygodniu wyruszamy na Euro Dog Show&nbsp; &#8211; Europejsk\u0105 Wystaw\u0119 Ps\u00f3w Rasowych, organizowan\u0105 w Ptak Warsaw Expo. Od 11 do 14 pa\u017adziernika szykuje si\u0119 \u015bwi\u0119to wszystkich Mi\u0142o\u015bnik\u00f3w ps\u00f3w, a my po\u015br\u00f3d Nich w Biologicznie Odpowiednim sk\u0142adzie. Euro Dog Show jest wyj\u0105tkowym punktem na mapie wydarze\u0144 kynologicznych &#8211; ponad [&hellip;]<\/p>\n","protected":false},"author":9,"featured_media":8977,"comment_status":"closed","ping_status":"open","sticky":false,"template":"","format":"standard","meta":{"_acf_changed":false,"_editorskit_title_hidden":false,"_editorskit_reading_time":0,"_editorskit_is_block_options_detached":false,"_editorskit_block_options_position":"{}","ngg_post_thumbnail":0,"footnotes":""},"categories":[2],"tags":[9,102,353,354,350,352,137,24,18,15,351],"class_list":["post-8937","post","type-post","status-publish","format-standard","has-post-thumbnail","hentry","category-aktualnosci","tag-acana","tag-acana-polska","tag-acana-polska-na-euro-dog-show","tag-earth-rated","tag-euro-dog-show","tag-europejska-wystawa-psow-rasowych","tag-jolly-pets","tag-meat-hit","tag-orijen","tag-patento-pet","tag-ptak-warsaw-expo"],"acf":[],"yoast_head":"<!-- This site is optimized with the Yoast SEO Premium plugin v27.4 (Yoast SEO v27.4) - https:\/\/yoast.com\/product\/yoast-seo-premium-wordpress\/ -->\n<title>Acana Polska na Euro Dog Show 2018 - Blog Acana Polska<\/title>\n<meta name=\"robots\" content=\"index, follow, max-snippet:-1, max-image-preview:large, max-video-preview:-1\" \/>\n<link rel=\"canonical\" href=\"https:\/\/acana.com.pl\/karma\/acana-polska-na-euro-dog-show-2018\/\" \/>\n<meta property=\"og:locale\" content=\"pl_PL\" \/>\n<meta property=\"og:type\" content=\"article\" \/>\n<meta property=\"og:title\" content=\"Acana Polska na Euro Dog Show 2018\" \/>\n<meta property=\"og:description\" content=\"Przed nami 4 emocjonuj\u0105ce dni &#8211; w tym tygodniu wyruszamy na Euro Dog Show&nbsp; &#8211; Europejsk\u0105 Wystaw\u0119 Ps\u00f3w Rasowych, organizowan\u0105 w Ptak Warsaw Expo. Od 11 do 14 pa\u017adziernika szykuje si\u0119 \u015bwi\u0119to wszystkich Mi\u0142o\u015bnik\u00f3w ps\u00f3w, a my po\u015br\u00f3d Nich w Biologicznie Odpowiednim sk\u0142adzie. Euro Dog Show jest wyj\u0105tkowym punktem na mapie wydarze\u0144 kynologicznych &#8211; ponad [&hellip;]\" \/>\n<meta property=\"og:url\" content=\"https:\/\/acana.com.pl\/karma\/acana-polska-na-euro-dog-show-2018\/\" \/>\n<meta property=\"og:site_name\" content=\"Blog Acana Polska\" \/>\n<meta property=\"article:publisher\" content=\"https:\/\/www.facebook.com\/acanapolska\/\" \/>\n<meta property=\"article:published_time\" content=\"2018-10-09T13:43:47+00:00\" \/>\n<meta property=\"article:modified_time\" content=\"2018-10-10T11:38:37+00:00\" \/>\n<meta property=\"og:image\" content=\"https:\/\/acana.com.pl\/karma\/wp-content\/uploads\/2018\/10\/EDS-obrazek-wyr.png\" \/>\n\t<meta property=\"og:image:width\" content=\"1213\" \/>\n\t<meta property=\"og:image:height\" content=\"537\" \/>\n\t<meta property=\"og:image:type\" content=\"image\/png\" \/>\n<meta name=\"author\" content=\"Emilia\" \/>\n<meta name=\"twitter:card\" content=\"summary_large_image\" \/>\n<meta name=\"twitter:label1\" content=\"Napisane przez\" \/>\n\t<meta name=\"twitter:data1\" content=\"Emilia\" \/>\n\t<meta name=\"twitter:label2\" content=\"Szacowany czas czytania\" \/>\n\t<meta name=\"twitter:data2\" content=\"2 minuty\" \/>\n<script type=\"application\/ld+json\" class=\"yoast-schema-graph\">{\"@context\":\"https:\\\/\\\/schema.org\",\"@graph\":[{\"@type\":\"Article\",\"@id\":\"https:\\\/\\\/acana.com.pl\\\/karma\\\/acana-polska-na-euro-dog-show-2018\\\/#article\",\"isPartOf\":{\"@id\":\"https:\\\/\\\/acana.com.pl\\\/karma\\\/acana-polska-na-euro-dog-show-2018\\\/\"},\"author\":{\"name\":\"Emilia\",\"@id\":\"https:\\\/\\\/acana.com.pl\\\/karma\\\/#\\\/schema\\\/person\\\/9b7647a5093c13bf3f8008dd9ae4f9bb\"},\"headline\":\"Acana Polska na Euro Dog Show 2018\",\"datePublished\":\"2018-10-09T13:43:47+00:00\",\"dateModified\":\"2018-10-10T11:38:37+00:00\",\"mainEntityOfPage\":{\"@id\":\"https:\\\/\\\/acana.com.pl\\\/karma\\\/acana-polska-na-euro-dog-show-2018\\\/\"},\"wordCount\":309,\"publisher\":{\"@id\":\"https:\\\/\\\/acana.com.pl\\\/karma\\\/#organization\"},\"image\":{\"@id\":\"https:\\\/\\\/acana.com.pl\\\/karma\\\/acana-polska-na-euro-dog-show-2018\\\/#primaryimage\"},\"thumbnailUrl\":\"https:\\\/\\\/acana.com.pl\\\/karma\\\/wp-content\\\/uploads\\\/2018\\\/10\\\/EDS-obrazek-wyr.png\",\"keywords\":[\"Acana\",\"Acana Polska\",\"Acana Polska na Euro Dog Show\",\"Earth Rated\",\"Euro Dog Show\",\"Europejska Wystawa Ps\u00f3w Rasowych\",\"JOLLY PETS\",\"meat hit\",\"orijen\",\"patento pet\",\"Ptak Warsaw Expo\"],\"articleSection\":[\"Aktualno\u015bci\"],\"inLanguage\":\"pl-PL\"},{\"@type\":\"WebPage\",\"@id\":\"https:\\\/\\\/acana.com.pl\\\/karma\\\/acana-polska-na-euro-dog-show-2018\\\/\",\"url\":\"https:\\\/\\\/acana.com.pl\\\/karma\\\/acana-polska-na-euro-dog-show-2018\\\/\",\"name\":\"Acana Polska na Euro Dog Show 2018 - Blog Acana Polska\",\"isPartOf\":{\"@id\":\"https:\\\/\\\/acana.com.pl\\\/karma\\\/#website\"},\"primaryImageOfPage\":{\"@id\":\"https:\\\/\\\/acana.com.pl\\\/karma\\\/acana-polska-na-euro-dog-show-2018\\\/#primaryimage\"},\"image\":{\"@id\":\"https:\\\/\\\/acana.com.pl\\\/karma\\\/acana-polska-na-euro-dog-show-2018\\\/#primaryimage\"},\"thumbnailUrl\":\"https:\\\/\\\/acana.com.pl\\\/karma\\\/wp-content\\\/uploads\\\/2018\\\/10\\\/EDS-obrazek-wyr.png\",\"datePublished\":\"2018-10-09T13:43:47+00:00\",\"dateModified\":\"2018-10-10T11:38:37+00:00\",\"breadcrumb\":{\"@id\":\"https:\\\/\\\/acana.com.pl\\\/karma\\\/acana-polska-na-euro-dog-show-2018\\\/#breadcrumb\"},\"inLanguage\":\"pl-PL\",\"potentialAction\":[{\"@type\":\"ReadAction\",\"target\":[\"https:\\\/\\\/acana.com.pl\\\/karma\\\/acana-polska-na-euro-dog-show-2018\\\/\"]}]},{\"@type\":\"ImageObject\",\"inLanguage\":\"pl-PL\",\"@id\":\"https:\\\/\\\/acana.com.pl\\\/karma\\\/acana-polska-na-euro-dog-show-2018\\\/#primaryimage\",\"url\":\"https:\\\/\\\/acana.com.pl\\\/karma\\\/wp-content\\\/uploads\\\/2018\\\/10\\\/EDS-obrazek-wyr.png\",\"contentUrl\":\"https:\\\/\\\/acana.com.pl\\\/karma\\\/wp-content\\\/uploads\\\/2018\\\/10\\\/EDS-obrazek-wyr.png\",\"width\":1213,\"height\":537,\"caption\":\"Euro Dog Show\"},{\"@type\":\"BreadcrumbList\",\"@id\":\"https:\\\/\\\/acana.com.pl\\\/karma\\\/acana-polska-na-euro-dog-show-2018\\\/#breadcrumb\",\"itemListElement\":[{\"@type\":\"ListItem\",\"position\":1,\"name\":\"Strona g\u0142\u00f3wna\",\"item\":\"https:\\\/\\\/acana.com.pl\\\/karma\\\/\"},{\"@type\":\"ListItem\",\"position\":2,\"name\":\"Acana Polska na Euro Dog Show 2018\"}]},{\"@type\":\"WebSite\",\"@id\":\"https:\\\/\\\/acana.com.pl\\\/karma\\\/#website\",\"url\":\"https:\\\/\\\/acana.com.pl\\\/karma\\\/\",\"name\":\"Blog Acana Polska\",\"description\":\"\",\"publisher\":{\"@id\":\"https:\\\/\\\/acana.com.pl\\\/karma\\\/#organization\"},\"potentialAction\":[{\"@type\":\"SearchAction\",\"target\":{\"@type\":\"EntryPoint\",\"urlTemplate\":\"https:\\\/\\\/acana.com.pl\\\/karma\\\/?s={search_term_string}\"},\"query-input\":{\"@type\":\"PropertyValueSpecification\",\"valueRequired\":true,\"valueName\":\"search_term_string\"}}],\"inLanguage\":\"pl-PL\"},{\"@type\":\"Organization\",\"@id\":\"https:\\\/\\\/acana.com.pl\\\/karma\\\/#organization\",\"name\":\"ACANA POLSKA Sp. z o.o. Sp. K.\",\"url\":\"https:\\\/\\\/acana.com.pl\\\/karma\\\/\",\"logo\":{\"@type\":\"ImageObject\",\"inLanguage\":\"pl-PL\",\"@id\":\"https:\\\/\\\/acana.com.pl\\\/karma\\\/#\\\/schema\\\/logo\\\/image\\\/\",\"url\":\"https:\\\/\\\/acana.com.pl\\\/karma\\\/wp-content\\\/uploads\\\/2018\\\/02\\\/logo-Acana-1.png\",\"contentUrl\":\"https:\\\/\\\/acana.com.pl\\\/karma\\\/wp-content\\\/uploads\\\/2018\\\/02\\\/logo-Acana-1.png\",\"width\":154,\"height\":74,\"caption\":\"ACANA POLSKA Sp. z o.o. Sp. K.\"},\"image\":{\"@id\":\"https:\\\/\\\/acana.com.pl\\\/karma\\\/#\\\/schema\\\/logo\\\/image\\\/\"},\"sameAs\":[\"https:\\\/\\\/www.facebook.com\\\/acanapolska\\\/\"]},{\"@type\":\"Person\",\"@id\":\"https:\\\/\\\/acana.com.pl\\\/karma\\\/#\\\/schema\\\/person\\\/9b7647a5093c13bf3f8008dd9ae4f9bb\",\"name\":\"Emilia\",\"image\":{\"@type\":\"ImageObject\",\"inLanguage\":\"pl-PL\",\"@id\":\"https:\\\/\\\/secure.gravatar.com\\\/avatar\\\/8488698a6d9cc9de165f71e85f88200aeff70322729e46256508cfa1287ee4f4?s=96&d=mm&r=g\",\"url\":\"https:\\\/\\\/secure.gravatar.com\\\/avatar\\\/8488698a6d9cc9de165f71e85f88200aeff70322729e46256508cfa1287ee4f4?s=96&d=mm&r=g\",\"contentUrl\":\"https:\\\/\\\/secure.gravatar.com\\\/avatar\\\/8488698a6d9cc9de165f71e85f88200aeff70322729e46256508cfa1287ee4f4?s=96&d=mm&r=g\",\"caption\":\"Emilia\"},\"url\":\"https:\\\/\\\/acana.com.pl\\\/karma\\\/author\\\/patrycja\\\/\"}]}<\/script>\n<!-- \/ Yoast SEO Premium plugin. -->","yoast_head_json":{"title":"Acana Polska na Euro Dog Show 2018 - Blog Acana Polska","robots":{"index":"index","follow":"follow","max-snippet":"max-snippet:-1","max-image-preview":"max-image-preview:large","max-video-preview":"max-video-preview:-1"},"canonical":"https:\/\/acana.com.pl\/karma\/acana-polska-na-euro-dog-show-2018\/","og_locale":"pl_PL","og_type":"article","og_title":"Acana Polska na Euro Dog Show 2018","og_description":"Przed nami 4 emocjonuj\u0105ce dni &#8211; w tym tygodniu wyruszamy na Euro Dog Show&nbsp; &#8211; Europejsk\u0105 Wystaw\u0119 Ps\u00f3w Rasowych, organizowan\u0105 w Ptak Warsaw Expo. Od 11 do 14 pa\u017adziernika szykuje si\u0119 \u015bwi\u0119to wszystkich Mi\u0142o\u015bnik\u00f3w ps\u00f3w, a my po\u015br\u00f3d Nich w Biologicznie Odpowiednim sk\u0142adzie. Euro Dog Show jest wyj\u0105tkowym punktem na mapie wydarze\u0144 kynologicznych &#8211; ponad [&hellip;]","og_url":"https:\/\/acana.com.pl\/karma\/acana-polska-na-euro-dog-show-2018\/","og_site_name":"Blog Acana Polska","article_publisher":"https:\/\/www.facebook.com\/acanapolska\/","article_published_time":"2018-10-09T13:43:47+00:00","article_modified_time":"2018-10-10T11:38:37+00:00","og_image":[{"width":1213,"height":537,"url":"https:\/\/acana.com.pl\/karma\/wp-content\/uploads\/2018\/10\/EDS-obrazek-wyr.png","type":"image\/png"}],"author":"Emilia","twitter_card":"summary_large_image","twitter_misc":{"Napisane przez":"Emilia","Szacowany czas czytania":"2 minuty"},"schema":{"@context":"https:\/\/schema.org","@graph":[{"@type":"Article","@id":"https:\/\/acana.com.pl\/karma\/acana-polska-na-euro-dog-show-2018\/#article","isPartOf":{"@id":"https:\/\/acana.com.pl\/karma\/acana-polska-na-euro-dog-show-2018\/"},"author":{"name":"Emilia","@id":"https:\/\/acana.com.pl\/karma\/#\/schema\/person\/9b7647a5093c13bf3f8008dd9ae4f9bb"},"headline":"Acana Polska na Euro Dog Show 2018","datePublished":"2018-10-09T13:43:47+00:00","dateModified":"2018-10-10T11:38:37+00:00","mainEntityOfPage":{"@id":"https:\/\/acana.com.pl\/karma\/acana-polska-na-euro-dog-show-2018\/"},"wordCount":309,"publisher":{"@id":"https:\/\/acana.com.pl\/karma\/#organization"},"image":{"@id":"https:\/\/acana.com.pl\/karma\/acana-polska-na-euro-dog-show-2018\/#primaryimage"},"thumbnailUrl":"https:\/\/acana.com.pl\/karma\/wp-content\/uploads\/2018\/10\/EDS-obrazek-wyr.png","keywords":["Acana","Acana Polska","Acana Polska na Euro Dog Show","Earth Rated","Euro Dog Show","Europejska Wystawa Ps\u00f3w Rasowych","JOLLY PETS","meat hit","orijen","patento pet","Ptak Warsaw Expo"],"articleSection":["Aktualno\u015bci"],"inLanguage":"pl-PL"},{"@type":"WebPage","@id":"https:\/\/acana.com.pl\/karma\/acana-polska-na-euro-dog-show-2018\/","url":"https:\/\/acana.com.pl\/karma\/acana-polska-na-euro-dog-show-2018\/","name":"Acana Polska na Euro Dog Show 2018 - Blog Acana Polska","isPartOf":{"@id":"https:\/\/acana.com.pl\/karma\/#website"},"primaryImageOfPage":{"@id":"https:\/\/acana.com.pl\/karma\/acana-polska-na-euro-dog-show-2018\/#primaryimage"},"image":{"@id":"https:\/\/acana.com.pl\/karma\/acana-polska-na-euro-dog-show-2018\/#primaryimage"},"thumbnailUrl":"https:\/\/acana.com.pl\/karma\/wp-content\/uploads\/2018\/10\/EDS-obrazek-wyr.png","datePublished":"2018-10-09T13:43:47+00:00","dateModified":"2018-10-10T11:38:37+00:00","breadcrumb":{"@id":"https:\/\/acana.com.pl\/karma\/acana-polska-na-euro-dog-show-2018\/#breadcrumb"},"inLanguage":"pl-PL","potentialAction":[{"@type":"ReadAction","target":["https:\/\/acana.com.pl\/karma\/acana-polska-na-euro-dog-show-2018\/"]}]},{"@type":"ImageObject","inLanguage":"pl-PL","@id":"https:\/\/acana.com.pl\/karma\/acana-polska-na-euro-dog-show-2018\/#primaryimage","url":"https:\/\/acana.com.pl\/karma\/wp-content\/uploads\/2018\/10\/EDS-obrazek-wyr.png","contentUrl":"https:\/\/acana.com.pl\/karma\/wp-content\/uploads\/2018\/10\/EDS-obrazek-wyr.png","width":1213,"height":537,"caption":"Euro Dog Show"},{"@type":"BreadcrumbList","@id":"https:\/\/acana.com.pl\/karma\/acana-polska-na-euro-dog-show-2018\/#breadcrumb","itemListElement":[{"@type":"ListItem","position":1,"name":"Strona g\u0142\u00f3wna","item":"https:\/\/acana.com.pl\/karma\/"},{"@type":"ListItem","position":2,"name":"Acana Polska na Euro Dog Show 2018"}]},{"@type":"WebSite","@id":"https:\/\/acana.com.pl\/karma\/#website","url":"https:\/\/acana.com.pl\/karma\/","name":"Blog Acana Polska","description":"","publisher":{"@id":"https:\/\/acana.com.pl\/karma\/#organization"},"potentialAction":[{"@type":"SearchAction","target":{"@type":"EntryPoint","urlTemplate":"https:\/\/acana.com.pl\/karma\/?s={search_term_string}"},"query-input":{"@type":"PropertyValueSpecification","valueRequired":true,"valueName":"search_term_string"}}],"inLanguage":"pl-PL"},{"@type":"Organization","@id":"https:\/\/acana.com.pl\/karma\/#organization","name":"ACANA POLSKA Sp. z o.o. Sp. K.","url":"https:\/\/acana.com.pl\/karma\/","logo":{"@type":"ImageObject","inLanguage":"pl-PL","@id":"https:\/\/acana.com.pl\/karma\/#\/schema\/logo\/image\/","url":"https:\/\/acana.com.pl\/karma\/wp-content\/uploads\/2018\/02\/logo-Acana-1.png","contentUrl":"https:\/\/acana.com.pl\/karma\/wp-content\/uploads\/2018\/02\/logo-Acana-1.png","width":154,"height":74,"caption":"ACANA POLSKA Sp. z o.o. Sp. K."},"image":{"@id":"https:\/\/acana.com.pl\/karma\/#\/schema\/logo\/image\/"},"sameAs":["https:\/\/www.facebook.com\/acanapolska\/"]},{"@type":"Person","@id":"https:\/\/acana.com.pl\/karma\/#\/schema\/person\/9b7647a5093c13bf3f8008dd9ae4f9bb","name":"Emilia","image":{"@type":"ImageObject","inLanguage":"pl-PL","@id":"https:\/\/secure.gravatar.com\/avatar\/8488698a6d9cc9de165f71e85f88200aeff70322729e46256508cfa1287ee4f4?s=96&d=mm&r=g","url":"https:\/\/secure.gravatar.com\/avatar\/8488698a6d9cc9de165f71e85f88200aeff70322729e46256508cfa1287ee4f4?s=96&d=mm&r=g","contentUrl":"https:\/\/secure.gravatar.com\/avatar\/8488698a6d9cc9de165f71e85f88200aeff70322729e46256508cfa1287ee4f4?s=96&d=mm&r=g","caption":"Emilia"},"url":"https:\/\/acana.com.pl\/karma\/author\/patrycja\/"}]}},"_links":{"self":[{"href":"https:\/\/acana.com.pl\/karma\/wp-json\/wp\/v2\/posts\/8937","targetHints":{"allow":["GET"]}}],"collection":[{"href":"https:\/\/acana.com.pl\/karma\/wp-json\/wp\/v2\/posts"}],"about":[{"href":"https:\/\/acana.com.pl\/karma\/wp-json\/wp\/v2\/types\/post"}],"author":[{"embeddable":true,"href":"https:\/\/acana.com.pl\/karma\/wp-json\/wp\/v2\/users\/9"}],"replies":[{"embeddable":true,"href":"https:\/\/acana.com.pl\/karma\/wp-json\/wp\/v2\/comments?post=8937"}],"version-history":[{"count":0,"href":"https:\/\/acana.com.pl\/karma\/wp-json\/wp\/v2\/posts\/8937\/revisions"}],"wp:featuredmedia":[{"embeddable":true,"href":"https:\/\/acana.com.pl\/karma\/wp-json\/wp\/v2\/media\/8977"}],"wp:attachment":[{"href":"https:\/\/acana.com.pl\/karma\/wp-json\/wp\/v2\/media?parent=8937"}],"wp:term":[{"taxonomy":"category","embeddable":true,"href":"https:\/\/acana.com.pl\/karma\/wp-json\/wp\/v2\/categories?post=8937"},{"taxonomy":"post_tag","embeddable":true,"href":"https:\/\/acana.com.pl\/karma\/wp-json\/wp\/v2\/tags?post=8937"}],"curies":[{"name":"wp","href":"https:\/\/api.w.org\/{rel}","templated":true}]}}